{"id":4932,"date":"2018-10-19T10:56:46","date_gmt":"2018-10-19T08:56:46","guid":{"rendered":"http:\/\/agora.xtec.cat\/iesalella\/?p=4932"},"modified":"2018-10-19T10:58:02","modified_gmt":"2018-10-19T08:58:02","slug":"parlem-deducacio-a-lins-dalella-xerrades-i-tallers-per-a-families","status":"publish","type":"post","link":"https:\/\/agora.xtec.cat\/iesalella\/general\/parlem-deducacio-a-lins-dalella-xerrades-i-tallers-per-a-families\/","title":{"rendered":"Parlem d&#8217;educaci\u00f3 a l&#8217;INS Alella! Xerrades i tallers per a fam\u00edlies."},"content":{"rendered":"<p><a href=\"https:\/\/agora.xtec.cat\/iesalella\/wp-content\/uploads\/usu119\/2018\/10\/TEI-xerrada.jpg\"><img loading=\"lazy\" decoding=\"async\" class=\"wp-image-4933 alignleft\" src=\"https:\/\/agora.xtec.cat\/iesalella\/wp-content\/uploads\/usu119\/2018\/10\/TEI-xerrada-724x1024.jpg\" alt=\"\" width=\"453\" height=\"650\" \/><\/a><\/p>\n<h3><\/h3>\n<h3>L&#8217;INS Alella acull la xerrada sobre el programa TEI, organitzada per l&#8217;ajuntament.<\/h3>\n<p style=\"font-weight: 400;\">El proper <strong>dimarts 23 d&#8217;octubre, a les 19h, a Sala d\u2019Actes de l\u2019Institut d\u2019Alella<\/strong>, tindr\u00e0 lloc la Xerrada sobre el Programa TEI, Tutoria entre Iguals, dirigida a\u00a0 totes les fam\u00edlies que vuguin con\u00e8ixer m\u00e9s detalls sobre aquest programa, engegat a totes les escoles del nostre municipi.<!--more--><\/p>\n<p style=\"font-weight: 400;\">La xerrada ser\u00e0 a c\u00e0rrec de l\u2019Andr\u00e9s Bellido, director del programa de conviv\u00e8ncia per a la prevenci\u00f3 de la viol\u00e8ncia i l\u2019assetjament escolar, i \u00e9s una bona oportunitat per sentir de primera m\u00e0 quins factors contribueixen a que es produeixi l&#8217;assetjament; les estrat\u00e8gies que es porten a terme als centres escolars per prevenir-lo i tractar-lo, i com les fam\u00edlies poden contribuir tant en la detecci\u00f3 com en la trasmissi\u00f3 dels valors necessaris per a que hi hagi una bona conviv\u00e8ncia: el respecte i l&#8217;empatia.<\/p>\n<p><strong>Podeu inscriure&#8217;us en aquesta xerrada al correu-e:\u00a0<a href=\"mailto:raholape@alella.cat\" target=\"_blank\" rel=\"noopener\">educacio@alella.cat<\/a><\/strong><\/p>\n<h6><strong>M\u00e9s informaci\u00f3\u00a0 \u21d2\u00a0 <a href=\"http:\/\/programatei.com\/programa-tei\/\">Programa TEI<\/a><\/strong><\/h6>\n<p>&nbsp;<\/p>\n","protected":false},"excerpt":{"rendered":"<p><a href=\"https:\/\/agora.xtec.cat\/iesalella\/wp-content\/uploads\/usu119\/2018\/10\/TEI-xerrada.jpg\"><\/a><\/p>\n<p>L&#8217;INS Alella acull la xerrada sobre el programa TEI, organitzada per l&#8217;ajuntament.<br \/>\nEl proper dimarts 23 d&#8217;octubre, a les 19h, a Sala d\u2019Actes de l\u2019Institut d\u2019Alella, tindr\u00e0 lloc la Xerrada sobre el Programa TEI, Tutoria entre Iguals, dirigida a\u00a0 totes les fam\u00edlies que vuguin con\u00e8ixer&hellip;  <a href=\"https:\/\/agora.xtec.cat\/iesalella\/general\/parlem-deducacio-a-lins-dalella-xerrades-i-tallers-per-a-families\/\" title=\"Read Parlem d&#8217;educaci\u00f3 a l&#8217;INS Alella! Xerrades i tallers per a fam\u00edlies.\">Llegeix m\u00e9s\u00bb<\/a><\/p>\n","protected":false},"author":1,"featured_media":0,"comment_status":"open","ping_status":"closed","sticky":false,"template":"","format":"standard","meta":{"_bbp_topic_count":0,"_bbp_reply_count":0,"_bbp_total_topic_count":0,"_bbp_total_reply_count":0,"_bbp_voice_count":0,"_bbp_anonymous_reply_count":0,"_bbp_topic_count_hidden":0,"_bbp_reply_count_hidden":0,"_bbp_forum_subforum_count":0,"footnotes":""},"categories":[1,29],"tags":[],"class_list":["post-4932","post","type-post","status-publish","format-standard","hentry","category-general","category-portada"],"post_mailing_queue_ids":[],"_links":{"self":[{"href":"https:\/\/agora.xtec.cat\/iesalella\/wp-json\/wp\/v2\/posts\/4932","targetHints":{"allow":["GET"]}}],"collection":[{"href":"https:\/\/agora.xtec.cat\/iesalella\/wp-json\/wp\/v2\/posts"}],"about":[{"href":"https:\/\/agora.xtec.cat\/iesalella\/wp-json\/wp\/v2\/types\/post"}],"author":[{"embeddable":true,"href":"https:\/\/agora.xtec.cat\/iesalella\/wp-json\/wp\/v2\/users\/1"}],"replies":[{"embeddable":true,"href":"https:\/\/agora.xtec.cat\/iesalella\/wp-json\/wp\/v2\/comments?post=4932"}],"version-history":[{"count":3,"href":"https:\/\/agora.xtec.cat\/iesalella\/wp-json\/wp\/v2\/posts\/4932\/revisions"}],"predecessor-version":[{"id":4937,"href":"https:\/\/agora.xtec.cat\/iesalella\/wp-json\/wp\/v2\/posts\/4932\/revisions\/4937"}],"wp:attachment":[{"href":"https:\/\/agora.xtec.cat\/iesalella\/wp-json\/wp\/v2\/media?parent=4932"}],"wp:term":[{"taxonomy":"category","embeddable":true,"href":"https:\/\/agora.xtec.cat\/iesalella\/wp-json\/wp\/v2\/categories?post=4932"},{"taxonomy":"post_tag","embeddable":true,"href":"https:\/\/agora.xtec.cat\/iesalella\/wp-json\/wp\/v2\/tags?post=4932"}],"curies":[{"name":"wp","href":"https:\/\/api.w.org\/{rel}","templated":true}]}}