{"id":4467,"date":"2017-09-29T17:24:03","date_gmt":"2017-09-29T15:24:03","guid":{"rendered":"http:\/\/agora.xtec.cat\/iesalella\/?p=4467"},"modified":"2017-10-02T17:45:31","modified_gmt":"2017-10-02T15:45:31","slug":"tutoria-entre-iguals-4t-i-1r","status":"publish","type":"post","link":"https:\/\/agora.xtec.cat\/iesalella\/general\/tutoria-entre-iguals-4t-i-1r\/","title":{"rendered":"Tutoria entre iguals 4t I 1r"},"content":{"rendered":"<p>Avui, divendres 29 de setembre, es realitzar\u00e0 la primera trobada entre alumnes de 4t i 1r d&#8217;ESO dins del projecte Tutoria Entre Iguals. Consisteix en una activitat de tot el curs on l&#8217;alumnat de 4t d&#8217;ESO fa de tutor\/a d&#8217;alumnes de 1r d&#8217;ESO. L&#8217;objectiu \u00e9s acompanyar i ajudar l&#8217;alumnat en l&#8217;adaptaci\u00f3 al centre i, si cal, resoldre situacions personals, de relaci\u00f3 i organitzatives.<\/p>\n<p><iframe loading=\"lazy\" src=\"https:\/\/docs.google.com\/presentation\/d\/1pe-HxOmzC5PRAmSTiQCdlIMHoCC9-X8A7ekYKMYR4_M\/embed?start=false&amp;loop=false&amp;delayms=3000\" width=\"960\" height=\"749\" frameborder=\"0\" allowfullscreen=\"allowfullscreen\"><\/iframe><\/p>\n","protected":false},"excerpt":{"rendered":"<p>Avui, divendres 29 de setembre, es realitzar\u00e0 la primera trobada entre alumnes de 4t i 1r d&#8217;ESO dins del projecte Tutoria Entre Iguals. Consisteix en una activitat de tot el curs on l&#8217;alumnat de 4t d&#8217;ESO fa de tutor\/a d&#8217;alumnes de 1r d&#8217;ESO. L&#8217;objectiu&hellip;  <a href=\"https:\/\/agora.xtec.cat\/iesalella\/general\/tutoria-entre-iguals-4t-i-1r\/\" title=\"Read Tutoria entre iguals 4t I 1r\">Llegeix m\u00e9s\u00bb<\/a><\/p>\n","protected":false},"author":32,"featured_media":2307,"comment_status":"open","ping_status":"closed","sticky":false,"template":"","format":"standard","meta":{"_bbp_topic_count":0,"_bbp_reply_count":0,"_bbp_total_topic_count":0,"_bbp_total_reply_count":0,"_bbp_voice_count":0,"_bbp_anonymous_reply_count":0,"_bbp_topic_count_hidden":0,"_bbp_reply_count_hidden":0,"_bbp_forum_subforum_count":0,"footnotes":""},"categories":[3,4,7,1,29],"tags":[],"class_list":["post-4467","post","type-post","status-publish","format-standard","has-post-thumbnail","hentry","category-eso","category-eso-1","category-eso-4","category-general","category-portada"],"post_mailing_queue_ids":[],"_links":{"self":[{"href":"https:\/\/agora.xtec.cat\/iesalella\/wp-json\/wp\/v2\/posts\/4467","targetHints":{"allow":["GET"]}}],"collection":[{"href":"https:\/\/agora.xtec.cat\/iesalella\/wp-json\/wp\/v2\/posts"}],"about":[{"href":"https:\/\/agora.xtec.cat\/iesalella\/wp-json\/wp\/v2\/types\/post"}],"author":[{"embeddable":true,"href":"https:\/\/agora.xtec.cat\/iesalella\/wp-json\/wp\/v2\/users\/32"}],"replies":[{"embeddable":true,"href":"https:\/\/agora.xtec.cat\/iesalella\/wp-json\/wp\/v2\/comments?post=4467"}],"version-history":[{"count":3,"href":"https:\/\/agora.xtec.cat\/iesalella\/wp-json\/wp\/v2\/posts\/4467\/revisions"}],"predecessor-version":[{"id":4475,"href":"https:\/\/agora.xtec.cat\/iesalella\/wp-json\/wp\/v2\/posts\/4467\/revisions\/4475"}],"wp:featuredmedia":[{"embeddable":true,"href":"https:\/\/agora.xtec.cat\/iesalella\/wp-json\/wp\/v2\/media\/2307"}],"wp:attachment":[{"href":"https:\/\/agora.xtec.cat\/iesalella\/wp-json\/wp\/v2\/media?parent=4467"}],"wp:term":[{"taxonomy":"category","embeddable":true,"href":"https:\/\/agora.xtec.cat\/iesalella\/wp-json\/wp\/v2\/categories?post=4467"},{"taxonomy":"post_tag","embeddable":true,"href":"https:\/\/agora.xtec.cat\/iesalella\/wp-json\/wp\/v2\/tags?post=4467"}],"curies":[{"name":"wp","href":"https:\/\/api.w.org\/{rel}","templated":true}]}}