{"id":4111,"date":"2017-05-12T08:15:24","date_gmt":"2017-05-12T06:15:24","guid":{"rendered":"http:\/\/agora.xtec.cat\/iesalella\/?p=4111"},"modified":"2017-05-15T12:44:35","modified_gmt":"2017-05-15T10:44:35","slug":"1r-eso-exposicio-el-tabac-al-descobert-diputacio-barcelona-2017","status":"publish","type":"post","link":"https:\/\/agora.xtec.cat\/iesalella\/general\/1r-eso-exposicio-el-tabac-al-descobert-diputacio-barcelona-2017\/","title":{"rendered":"Els estudiants de 1r d&#8217;ESO visiten l&#8217;exposici\u00f3 el tabac al descobert!"},"content":{"rendered":"<p><a href=\"http:\/\/agora.xtec.cat\/iesalella\/wp-content\/uploads\/usu119\/2016\/12\/diputacio-e1487953654582.png\"><img loading=\"lazy\" decoding=\"async\" class=\"alignnone size-full wp-image-2552\" src=\"http:\/\/agora.xtec.cat\/iesalella\/wp-content\/uploads\/usu119\/2016\/12\/diputacio-e1487953654582.png\" alt=\"diputacio\" width=\"200\" height=\"64\" \/><\/a><\/p>\n<p><center><iframe loading=\"lazy\" src=\"https:\/\/www.youtube.com\/embed\/bCYzrKTEv2E\" width=\"560\" height=\"315\" frameborder=\"0\" allowfullscreen=\"allowfullscreen\"><\/iframe><\/center>&nbsp;<\/p>\n<p><center>Us recomanem, tamb\u00e9 que doneu una ullada a la <a href=\"http:\/\/eltabacaldescobert.diba.cat\/\" target=\"_blank\">web el tabac al descobert.<\/a><\/center>&nbsp;<\/p>\n<p><center><a href=\"http:\/\/eltabacaldescobert.diba.cat\/\" target=\"_blank\"><img loading=\"lazy\" decoding=\"async\" class=\"alignnone wp-image-4117\" src=\"http:\/\/agora.xtec.cat\/iesalella\/wp-content\/uploads\/usu119\/2017\/05\/Tabac-al-descobert.png\" alt=\"Tabac al descobert\" width=\"587\" height=\"583\" srcset=\"https:\/\/agora.xtec.cat\/iesalella\/wp-content\/uploads\/usu119\/2017\/05\/Tabac-al-descobert.png 827w, https:\/\/agora.xtec.cat\/iesalella\/wp-content\/uploads\/usu119\/2017\/05\/Tabac-al-descobert-150x150.png 150w, https:\/\/agora.xtec.cat\/iesalella\/wp-content\/uploads\/usu119\/2017\/05\/Tabac-al-descobert-300x298.png 300w, https:\/\/agora.xtec.cat\/iesalella\/wp-content\/uploads\/usu119\/2017\/05\/Tabac-al-descobert-768x762.png 768w\" sizes=\"auto, (max-width: 587px) 100vw, 587px\" \/><\/a><\/center>&nbsp;<\/p>\n<p><center>Esperem que gaudiu de l&#8217;exposici\u00f3 \ud83d\ude09 !<\/center><\/p>\n","protected":false},"excerpt":{"rendered":"<p>Avui, dia 12 de maig, els estudiants de 1r d&#8217;ESO visiten l&#8217;exposici\u00f3 el tabac al descobert que tenim la sort de gaudir al nostre centre aquesta setmana i la setmana vinent. La visita dels alumnes de 1r d&#8217;ESO \u00e9s dinamitzada per un professional expert en la mat\u00e8ria. Aquesta exposici\u00f3 \u00e9s de la Diputaci\u00f3 de Barcelona i est\u00e0 promoguda per l&#8217;Espai Jove de l&#8217;Ajuntament d&#8217;Alella.&hellip;  <a href=\"https:\/\/agora.xtec.cat\/iesalella\/general\/1r-eso-exposicio-el-tabac-al-descobert-diputacio-barcelona-2017\/\" title=\"Read Els estudiants de 1r d&#8217;ESO visiten l&#8217;exposici\u00f3 el tabac al descobert!\">Llegeix m\u00e9s\u00bb<\/a><\/p>\n","protected":false},"author":1,"featured_media":2552,"comment_status":"open","ping_status":"open","sticky":false,"template":"","format":"standard","meta":{"_bbp_topic_count":0,"_bbp_reply_count":0,"_bbp_total_topic_count":0,"_bbp_total_reply_count":0,"_bbp_voice_count":0,"_bbp_anonymous_reply_count":0,"_bbp_topic_count_hidden":0,"_bbp_reply_count_hidden":0,"_bbp_forum_subforum_count":0,"footnotes":""},"categories":[3,4,1,29],"tags":[],"class_list":["post-4111","post","type-post","status-publish","format-standard","has-post-thumbnail","hentry","category-eso","category-eso-1","category-general","category-portada"],"post_mailing_queue_ids":[],"_links":{"self":[{"href":"https:\/\/agora.xtec.cat\/iesalella\/wp-json\/wp\/v2\/posts\/4111","targetHints":{"allow":["GET"]}}],"collection":[{"href":"https:\/\/agora.xtec.cat\/iesalella\/wp-json\/wp\/v2\/posts"}],"about":[{"href":"https:\/\/agora.xtec.cat\/iesalella\/wp-json\/wp\/v2\/types\/post"}],"author":[{"embeddable":true,"href":"https:\/\/agora.xtec.cat\/iesalella\/wp-json\/wp\/v2\/users\/1"}],"replies":[{"embeddable":true,"href":"https:\/\/agora.xtec.cat\/iesalella\/wp-json\/wp\/v2\/comments?post=4111"}],"version-history":[{"count":4,"href":"https:\/\/agora.xtec.cat\/iesalella\/wp-json\/wp\/v2\/posts\/4111\/revisions"}],"predecessor-version":[{"id":4152,"href":"https:\/\/agora.xtec.cat\/iesalella\/wp-json\/wp\/v2\/posts\/4111\/revisions\/4152"}],"wp:featuredmedia":[{"embeddable":true,"href":"https:\/\/agora.xtec.cat\/iesalella\/wp-json\/wp\/v2\/media\/2552"}],"wp:attachment":[{"href":"https:\/\/agora.xtec.cat\/iesalella\/wp-json\/wp\/v2\/media?parent=4111"}],"wp:term":[{"taxonomy":"category","embeddable":true,"href":"https:\/\/agora.xtec.cat\/iesalella\/wp-json\/wp\/v2\/categories?post=4111"},{"taxonomy":"post_tag","embeddable":true,"href":"https:\/\/agora.xtec.cat\/iesalella\/wp-json\/wp\/v2\/tags?post=4111"}],"curies":[{"name":"wp","href":"https:\/\/api.w.org\/{rel}","templated":true}]}}