{"id":3994,"date":"2017-05-05T10:58:32","date_gmt":"2017-05-05T08:58:32","guid":{"rendered":"http:\/\/agora.xtec.cat\/iesalella\/?p=3994"},"modified":"2017-05-08T13:29:59","modified_gmt":"2017-05-08T11:29:59","slug":"agraim-la-seva-participacio-als-nostres-col%c2%b7laboradors-i-col%c2%b7laboradores","status":"publish","type":"post","link":"https:\/\/agora.xtec.cat\/iesalella\/general\/agraim-la-seva-participacio-als-nostres-col%c2%b7laboradors-i-col%c2%b7laboradores\/","title":{"rendered":"Agra\u00efm la participaci\u00f3 dels nostres col\u00b7laboradors i col\u00b7laboradores!"},"content":{"rendered":"<p><script src=\"\/\/cdn.wordart.com\/wordart.min.js\" async=\"\" defer=\"defer\"><\/script><br \/>\nDurant aquest, curs entre tots i totes hem donat un nou impuls a la nostra comunitat d&#8217;aprenentatge, la qual podeu consultar en el seg\u00fcent n\u00favol d&#8217;etiquetes.<\/p>\n<p>&nbsp;<\/p>\n<div style=\"width: 100%; height: 100%;\" data-wordart-src=\"\/\/cdn.wordart.com\/json\/obtujo3tjc74\" data-wordart-show-attribution=\"\"><\/div>\n<p>&nbsp;<\/p>\n<p>Cal assenyalar, per\u00f2,\u00a0 que en els darrers mesos hem continuat millorant-la, motivats per la participaci\u00f3 en el <a href=\"http:\/\/espiraledublogs.org\/comunidad\/Edublogs\" target=\"_blank\">Xl Premi Espiral Edublogs<\/a>. Per aquest motiu volem agrair la participaci\u00f3 dels nostres col\u00b7laboradors i col\u00b7laboradores, de la <a href=\"http:\/\/agora.xtec.cat\/iesalella\/espai-tac\/qui-es-qui\/\">comissi\u00f3 web dels delegats i delegades<\/a>, de la\u00a0<a href=\"http:\/\/agora.xtec.cat\/iesalella\/espai-tac\/qui-es-qui\/\">comissi\u00f3 TAC del centre<\/a> i del nostre<a href=\"http:\/\/agora.xtec.cat\/iesalella\/espai-tac\/qui-es-qui\/\" target=\"_blank\"> equip de publicaci\u00f3<\/a>. Moltes gr\u00e0cies a tothom \ud83d\ude09 !<\/p>\n<p><center><a href=\"http:\/\/espiraledublogs.org\/comunidad\/Edublogs\" target=\"_blank\"><img loading=\"lazy\" decoding=\"async\" class=\"aligncenter\" src=\"https:\/\/contentmapas.didactalia.net\/imagenes\/proyectos\/personalizacion\/6a9af3f5-5460-4a82-8ee3-79587fd4bcd0\/cms\/headerEdublogs_cast.png\" width=\"773\" height=\"195\" \/><\/a><\/center>&nbsp;<\/p>\n<p><center><a href=\"http:\/\/espiraledublogs.org\/comunidad\/Edublogs\" target=\"_blank\"><img loading=\"lazy\" decoding=\"async\" class=\"\" src=\"http:\/\/agora.xtec.cat\/iesalella\/wp-content\/uploads\/usu119\/2017\/04\/participacio.png\" alt=\"participacio\" width=\"229\" height=\"228\" \/><\/a><\/center><center><\/center>&nbsp;<\/p>\n<p><center>Podeu consultar la nostra candidatura al seg\u00fcent<a href=\"http:\/\/espiraledublogs.org\/comunidad\/Edublogs\/recurso\/insalellacat\/b074b285-a6fc-60d5-9dfc-d164d4494e6a\" target=\"_blank\"> enlla\u00e7 web<\/a>.<\/center><\/p>\n","protected":false},"excerpt":{"rendered":"<p>Durant aquest, curs entre tots i totes hem donat un nou impuls a la nostra comunitat d&#8217;aprenentatge, la qual podeu consultar en el seg\u00fcent n\u00favol d&#8217;etiquetes. Cal assenyalar, per\u00f2,  que en els darrers mesos hem continuat millorant-la, motivats per la participaci\u00f3 en el Xl Premi Espiral Edublogs. Per aquest motiu&hellip;  <a href=\"https:\/\/agora.xtec.cat\/iesalella\/general\/agraim-la-seva-participacio-als-nostres-col%c2%b7laboradors-i-col%c2%b7laboradores\/\" title=\"Read Agra\u00efm la participaci\u00f3 dels nostres col\u00b7laboradors i col\u00b7laboradores!\">Llegeix m\u00e9s\u00bb<\/a><\/p>\n","protected":false},"author":1,"featured_media":2703,"comment_status":"open","ping_status":"open","sticky":false,"template":"","format":"standard","meta":{"_bbp_topic_count":0,"_bbp_reply_count":0,"_bbp_total_topic_count":0,"_bbp_total_reply_count":0,"_bbp_voice_count":0,"_bbp_anonymous_reply_count":0,"_bbp_topic_count_hidden":0,"_bbp_reply_count_hidden":0,"_bbp_forum_subforum_count":0,"footnotes":""},"categories":[8,104,3,1,29],"tags":[],"class_list":["post-3994","post","type-post","status-publish","format-standard","has-post-thumbnail","hentry","category-batxillerat","category-cfgs-mip","category-eso","category-general","category-portada"],"post_mailing_queue_ids":[],"_links":{"self":[{"href":"https:\/\/agora.xtec.cat\/iesalella\/wp-json\/wp\/v2\/posts\/3994","targetHints":{"allow":["GET"]}}],"collection":[{"href":"https:\/\/agora.xtec.cat\/iesalella\/wp-json\/wp\/v2\/posts"}],"about":[{"href":"https:\/\/agora.xtec.cat\/iesalella\/wp-json\/wp\/v2\/types\/post"}],"author":[{"embeddable":true,"href":"https:\/\/agora.xtec.cat\/iesalella\/wp-json\/wp\/v2\/users\/1"}],"replies":[{"embeddable":true,"href":"https:\/\/agora.xtec.cat\/iesalella\/wp-json\/wp\/v2\/comments?post=3994"}],"version-history":[{"count":4,"href":"https:\/\/agora.xtec.cat\/iesalella\/wp-json\/wp\/v2\/posts\/3994\/revisions"}],"predecessor-version":[{"id":4053,"href":"https:\/\/agora.xtec.cat\/iesalella\/wp-json\/wp\/v2\/posts\/3994\/revisions\/4053"}],"wp:featuredmedia":[{"embeddable":true,"href":"https:\/\/agora.xtec.cat\/iesalella\/wp-json\/wp\/v2\/media\/2703"}],"wp:attachment":[{"href":"https:\/\/agora.xtec.cat\/iesalella\/wp-json\/wp\/v2\/media?parent=3994"}],"wp:term":[{"taxonomy":"category","embeddable":true,"href":"https:\/\/agora.xtec.cat\/iesalella\/wp-json\/wp\/v2\/categories?post=3994"},{"taxonomy":"post_tag","embeddable":true,"href":"https:\/\/agora.xtec.cat\/iesalella\/wp-json\/wp\/v2\/tags?post=3994"}],"curies":[{"name":"wp","href":"https:\/\/api.w.org\/{rel}","templated":true}]}}