{"id":3971,"date":"2017-05-04T09:44:20","date_gmt":"2017-05-04T07:44:20","guid":{"rendered":"http:\/\/agora.xtec.cat\/iesalella\/?p=3971"},"modified":"2017-05-05T12:38:07","modified_gmt":"2017-05-05T10:38:07","slug":"10-espais-poesia-2017-ajuntament-alella","status":"publish","type":"post","link":"https:\/\/agora.xtec.cat\/iesalella\/general\/10-espais-poesia-2017-ajuntament-alella\/","title":{"rendered":"Participem en els Espais de Poesia que organitza l&#8217;Ajuntament d&#8217;Alella!"},"content":{"rendered":"<p>Dins el marc dels 10 anys d&#8217;<a href=\"http:\/\/www.alella.cat\/espaisdepoesia?per_imprimir=1\" target=\"_blank\">espais de poesia<\/a> que organitza l&#8217;<a href=\"http:\/\/www.alella.cat\/\" target=\"_blank\">ajuntament d&#8217;Alella<\/a>.<\/p>\n<p>Durant dos dies, els alumnes de l\u2019INS Alella faran una immersi\u00f3 en l\u2019obra po\u00e8tica de Perejaume, explorant com dir i sentir la seva paraula. A trav\u00e9s del proc\u00e9s creatiu de cada participant s\u2019elaborar\u00e0 una lectura que es presentar\u00e0 en p\u00fablic al final de l\u2019activitat. Aquesta activitat est\u00e0 coordinada per <a href=\"http:\/\/mireiachalamanchamat.blogspot.com.es\/\" target=\"_blank\">Mireia Chalamanch<\/a> i <a href=\"https:\/\/laianogueraclofent.wordpress.com\/\" target=\"_blank\">Laia Noguera<\/a>.<\/p>\n<p><img loading=\"lazy\" decoding=\"async\" class=\"aligncenter\" src=\"http:\/\/www.alella.cat\/ARXIUS\/2017\/Cultura\/Cartell_EP2017.jpg\" width=\"842\" height=\"1191\" \/><\/p>\n<p style=\"text-align: center;\"><a href=\"http:\/\/www.alella.cat\/espaisdepoesia?per_imprimir=1\" target=\"_blank\">+ Informaci\u00f3<\/a><\/p>\n","protected":false},"excerpt":{"rendered":"<p>Dins el marc dels 10 anys d&#8217;espais de poesia que organitza l&#8217;ajuntament d&#8217;Alella.<\/p>\n<p>Durant dos dies, els alumnes de l\u2019INS Alella faran una immersi\u00f3 en l\u2019obra po\u00e8tica de Perejaume, explorant com dir i sentir la seva paraula. A trav\u00e9s del proc\u00e9s creatiu de cada participant s\u2019elaborar\u00e0 una lectura que es presentar\u00e0 en p\u00fablic al final de l\u2019activitat. Aquesta activitat &hellip;  <a href=\"https:\/\/agora.xtec.cat\/iesalella\/general\/10-espais-poesia-2017-ajuntament-alella\/\" title=\"Read Participem en els Espais de Poesia que organitza l&#8217;Ajuntament d&#8217;Alella!\">Llegeix m\u00e9s\u00bb<\/a><\/p>\n","protected":false},"author":25,"featured_media":2257,"comment_status":"open","ping_status":"open","sticky":false,"template":"","format":"standard","meta":{"_bbp_topic_count":0,"_bbp_reply_count":0,"_bbp_total_topic_count":0,"_bbp_total_reply_count":0,"_bbp_voice_count":0,"_bbp_anonymous_reply_count":0,"_bbp_topic_count_hidden":0,"_bbp_reply_count_hidden":0,"_bbp_forum_subforum_count":0,"footnotes":""},"categories":[8,3,1,29],"tags":[],"class_list":["post-3971","post","type-post","status-publish","format-standard","has-post-thumbnail","hentry","category-batxillerat","category-eso","category-general","category-portada"],"post_mailing_queue_ids":[],"_links":{"self":[{"href":"https:\/\/agora.xtec.cat\/iesalella\/wp-json\/wp\/v2\/posts\/3971","targetHints":{"allow":["GET"]}}],"collection":[{"href":"https:\/\/agora.xtec.cat\/iesalella\/wp-json\/wp\/v2\/posts"}],"about":[{"href":"https:\/\/agora.xtec.cat\/iesalella\/wp-json\/wp\/v2\/types\/post"}],"author":[{"embeddable":true,"href":"https:\/\/agora.xtec.cat\/iesalella\/wp-json\/wp\/v2\/users\/25"}],"replies":[{"embeddable":true,"href":"https:\/\/agora.xtec.cat\/iesalella\/wp-json\/wp\/v2\/comments?post=3971"}],"version-history":[{"count":4,"href":"https:\/\/agora.xtec.cat\/iesalella\/wp-json\/wp\/v2\/posts\/3971\/revisions"}],"predecessor-version":[{"id":4017,"href":"https:\/\/agora.xtec.cat\/iesalella\/wp-json\/wp\/v2\/posts\/3971\/revisions\/4017"}],"wp:featuredmedia":[{"embeddable":true,"href":"https:\/\/agora.xtec.cat\/iesalella\/wp-json\/wp\/v2\/media\/2257"}],"wp:attachment":[{"href":"https:\/\/agora.xtec.cat\/iesalella\/wp-json\/wp\/v2\/media?parent=3971"}],"wp:term":[{"taxonomy":"category","embeddable":true,"href":"https:\/\/agora.xtec.cat\/iesalella\/wp-json\/wp\/v2\/categories?post=3971"},{"taxonomy":"post_tag","embeddable":true,"href":"https:\/\/agora.xtec.cat\/iesalella\/wp-json\/wp\/v2\/tags?post=3971"}],"curies":[{"name":"wp","href":"https:\/\/api.w.org\/{rel}","templated":true}]}}