{"id":3924,"date":"2017-05-02T17:39:28","date_gmt":"2017-05-02T15:39:28","guid":{"rendered":"http:\/\/agora.xtec.cat\/iesalella\/?p=3924"},"modified":"2017-05-04T14:40:17","modified_gmt":"2017-05-04T12:40:17","slug":"consumopolis-12","status":"publish","type":"post","link":"https:\/\/agora.xtec.cat\/iesalella\/general\/consumopolis-12\/","title":{"rendered":"Consum\u00f3polis 12"},"content":{"rendered":"<p>Durant els darrers mesos, estudiants de primer, segon i tercer d&#8217;ESO han participat en el\u00a0<a href=\"http:\/\/www.consumopolis.es\/concurso\/?i=ca\" target=\"_blank\" rel=\"noopener noreferrer\">Consum\u00f3polis 12 &#8211; Internet: En fas un \u00fas responsable?<\/a>\u00a0organitzat per l\u2019<a href=\"http:\/\/consum.gencat.cat\/escola_de_consum\/\" target=\"_blank\" rel=\"noopener noreferrer\">Escola del Consum de Catalunya<\/a> de l\u2019<a href=\"http:\/\/consum.gencat.cat\/\" target=\"_blank\" rel=\"noopener noreferrer\">Ag\u00e8ncia Catalana del Consum <\/a>i promogut per l\u2019<a href=\"http:\/\/www.aecosan.msssi.gob.es\/AECOSAN\/web\/home\/aecosan_inicio.htm\" target=\"_blank\" rel=\"noopener noreferrer\">Ag\u00e8ncia Espanyola de Consum, Seguretat aliment\u00e0ria i Nutrici\u00f3 (AECOSAN)<\/a>.<\/p>\n<p><a href=\"http:\/\/www.consumopolis.es\/concurso\/?i=cas\" target=\"_blank\" rel=\"noopener noreferrer\"><img loading=\"lazy\" decoding=\"async\" class=\"alignnone size-medium\" src=\"http:\/\/www.consumopolis.es\/concurso\/trabajos\/images\/logo_consu11.png\" width=\"1024\" height=\"194\" \/><\/a><\/p>\n<p>En aquesta edici\u00f3, han acabat 18 grups el joc en l\u00ednia i el <a href=\"http:\/\/www.consumopolis.es\/concurso\/pdfs\/guia_docente_cat.pdf\" target=\"_blank\" rel=\"noopener noreferrer\">treball en grup<\/a>:<\/p>\n<ul>\n<li>1r d&#8217;ESO &#8211; Els continents, Kebabs, Embutiparty, Els colors, Los Pandas, Galaxia, The planets, Nenene, The birds, Plim, Zoo, Els Cracks.<\/li>\n<\/ul>\n<ul>\n<li>2n d&#8217;ESO &#8211; Nagam, Hereos, Paltejula, Nosotros, Tets.<\/li>\n<\/ul>\n<ul>\n<li>3r d&#8217;ESO &#8211; Animalsandco<\/li>\n<\/ul>\n<p>Podeu consultar els seus treballs navegant pel seg\u00fcent n\u00favol d&#8217;etiquetes \ud83d\ude09 !<\/p>\n<p><center><script src=\"\/\/cdn.wordart.com\/wordart.min.js\" async=\"\" defer=\"defer\"><\/script><\/center><br \/>\n<center><\/p>\n<div style=\"width: 85%; height: 85%;\" data-wordart-src=\"\/\/cdn.wordart.com\/json\/1436o0sil8o1\" data-wordart-show-attribution=\"\"><\/div>\n<p><\/center><\/p>\n<p>Tamb\u00e9, cal assenyalar que la majoria de grups han tingut dificultats en el moment de fer la reflexi\u00f3 sobre el comer\u00e7 electr\u00f2nic. Per fer-la ha estat molt \u00fatil consultar\u00a0la <a href=\"https:\/\/www.youtube.com\/playlist?list=PLlXDebwruCXACvL3951gizgAh_cvc7y1F\">llista de reproducci\u00f3 comprar per internet<\/a>\u00a0d<span style=\"font-weight: 400;\">el <\/span><a href=\"https:\/\/www.youtube.com\/user\/consumcat\/featured\"><span style=\"font-weight: 400;\">Canal Consum TV<\/span><\/a><span style=\"font-weight: 400;\"> de l&#8217;<a href=\"http:\/\/consum.gencat.cat\/\" target=\"_blank\" rel=\"noopener noreferrer\">Ag\u00e8ncia Catalana del Consum.<\/a><\/span><\/p>\n<p><a href=\"https:\/\/www.youtube.com\/user\/consumcat\/featured\" target=\"_blank\" rel=\"noopener noreferrer\"><img loading=\"lazy\" decoding=\"async\" class=\"size-medium aligncenter\" src=\"http:\/\/alnuvol.info\/wp-content\/uploads\/2017\/03\/Consum-768x164.png\" width=\"768\" height=\"164\" \/><\/a><\/p>\n<p>Podeu trobar m\u00e9s informaci\u00f3 al blog <a href=\"http:\/\/alnuvol.info\/\" target=\"_blank\">alnuvol.info<\/a><\/p>\n<p><a href=\"http:\/\/alnuvol.info\/\" target=\"_blank\"><img loading=\"lazy\" decoding=\"async\" class=\"wp-image-3929 aligncenter\" src=\"http:\/\/agora.xtec.cat\/iesalella\/wp-content\/uploads\/usu119\/2017\/05\/Alnuvol.png\" alt=\"Alnuvol\" width=\"324\" height=\"214\" srcset=\"https:\/\/agora.xtec.cat\/iesalella\/wp-content\/uploads\/usu119\/2017\/05\/Alnuvol.png 554w, https:\/\/agora.xtec.cat\/iesalella\/wp-content\/uploads\/usu119\/2017\/05\/Alnuvol-300x198.png 300w\" sizes=\"auto, (max-width: 324px) 100vw, 324px\" \/><\/a><\/p>\n","protected":false},"excerpt":{"rendered":"<p>Durant els darrers mesos, estudiants de primer, segon i tercer d&#8217;ESO han participat en el Consum\u00f3polis 12 &#8211; Internet: En fas un \u00fas responsable? organitzat per l\u2019Escola del Consum de Catalunya de l\u2019Ag\u00e8ncia Catalana del Consum i promogut per l\u2019Ag\u00e8ncia Espanyola de Consum, Seguretat aliment\u00e0ria i Nutrici\u00f3 (AECOSAN).&hellip;  <a href=\"https:\/\/agora.xtec.cat\/iesalella\/general\/consumopolis-12\/\" title=\"Read Consum\u00f3polis 12\">Llegeix m\u00e9s\u00bb<\/a><\/p>\n","protected":false},"author":1,"featured_media":3965,"comment_status":"open","ping_status":"open","sticky":false,"template":"","format":"standard","meta":{"_bbp_topic_count":0,"_bbp_reply_count":0,"_bbp_total_topic_count":0,"_bbp_total_reply_count":0,"_bbp_voice_count":0,"_bbp_anonymous_reply_count":0,"_bbp_topic_count_hidden":0,"_bbp_reply_count_hidden":0,"_bbp_forum_subforum_count":0,"footnotes":""},"categories":[3,4,5,6,1,29],"tags":[],"class_list":["post-3924","post","type-post","status-publish","format-standard","has-post-thumbnail","hentry","category-eso","category-eso-1","category-eso-2","category-eso-3","category-general","category-portada"],"post_mailing_queue_ids":[],"_links":{"self":[{"href":"https:\/\/agora.xtec.cat\/iesalella\/wp-json\/wp\/v2\/posts\/3924","targetHints":{"allow":["GET"]}}],"collection":[{"href":"https:\/\/agora.xtec.cat\/iesalella\/wp-json\/wp\/v2\/posts"}],"about":[{"href":"https:\/\/agora.xtec.cat\/iesalella\/wp-json\/wp\/v2\/types\/post"}],"author":[{"embeddable":true,"href":"https:\/\/agora.xtec.cat\/iesalella\/wp-json\/wp\/v2\/users\/1"}],"replies":[{"embeddable":true,"href":"https:\/\/agora.xtec.cat\/iesalella\/wp-json\/wp\/v2\/comments?post=3924"}],"version-history":[{"count":3,"href":"https:\/\/agora.xtec.cat\/iesalella\/wp-json\/wp\/v2\/posts\/3924\/revisions"}],"predecessor-version":[{"id":3993,"href":"https:\/\/agora.xtec.cat\/iesalella\/wp-json\/wp\/v2\/posts\/3924\/revisions\/3993"}],"wp:featuredmedia":[{"embeddable":true,"href":"https:\/\/agora.xtec.cat\/iesalella\/wp-json\/wp\/v2\/media\/3965"}],"wp:attachment":[{"href":"https:\/\/agora.xtec.cat\/iesalella\/wp-json\/wp\/v2\/media?parent=3924"}],"wp:term":[{"taxonomy":"category","embeddable":true,"href":"https:\/\/agora.xtec.cat\/iesalella\/wp-json\/wp\/v2\/categories?post=3924"},{"taxonomy":"post_tag","embeddable":true,"href":"https:\/\/agora.xtec.cat\/iesalella\/wp-json\/wp\/v2\/tags?post=3924"}],"curies":[{"name":"wp","href":"https:\/\/api.w.org\/{rel}","templated":true}]}}