{"id":3738,"date":"2017-03-30T09:30:00","date_gmt":"2017-03-30T07:30:00","guid":{"rendered":"http:\/\/agora.xtec.cat\/iesalella\/?p=3738"},"modified":"2017-04-04T11:28:29","modified_gmt":"2017-04-04T09:28:29","slug":"ens-visita-lescola-de-consum-de-catalunya","status":"publish","type":"post","link":"https:\/\/agora.xtec.cat\/iesalella\/general\/ens-visita-lescola-de-consum-de-catalunya\/","title":{"rendered":"Ens visita l&#8217;Escola de Consum de Catalunya!"},"content":{"rendered":"<p>Avui, <b>30<\/b>\u00a0de <strong>mar\u00e7<\/strong>, realitzarem dos<strong> tallers<\/strong> de <strong>consum responsable<\/strong> de l&#8217;<a href=\"http:\/\/consum.gencat.cat\/escola_de_consum\/\" target=\"_blank\"><strong>Escola<\/strong> de <strong>Consum<\/strong> de <strong>Catalunya<\/strong><\/a>, per complementar els continguts que treballem a l&#8217;<strong>aula<\/strong> en la <a href=\"http:\/\/alnuvol.info\/\" target=\"_blank\"><strong>mat\u00e8ria<\/strong> de T<strong>ecnologia<\/strong><\/a> amb l&#8217;ajuda dels <strong>materials<\/strong> oferts pel <a href=\"http:\/\/www.consumopolis.es\/\" target=\"_blank\"><strong>Concurs <span class=\"hiddenSpellError\">Consum\u00f3polis<\/span><\/strong><\/a>. Els <strong>estudiants<\/strong> de<strong> primer<\/strong> d&#8217;<strong>ESO<\/strong> faran els <strong>tallers<\/strong>:<\/p>\n<ul>\n<li><strong>Resoluci\u00f3 de conflictes: Quines regles t\u00e9 el consum? Drets i deures de les persones consumidores.<\/strong><br \/>\nCom a persones consumidores, tenim uns drets i uns deures. Con\u00e8ixer aquests drets i deures i entendre&#8217;ls com una conquesta hist\u00f2rica inacabada ens ofereix la possibilitat de consumir des d&#8217;una perspectiva ciutadana i ser conscients de la nostra funci\u00f3 com a agents transformadors del context.<\/li>\n<li><strong>Internet: Ho puc trobar a la xarxa? Comer\u00e7 electr\u00f2nic i navegaci\u00f3 segura.<\/strong><br \/>\n\u00c9s un taller que gira al voltant del paper d&#8217;Internet en la quotidianitat i la seva relaci\u00f3 amb el consum. Els joves posen en pr\u00e0ctica la recerca i producci\u00f3 d&#8217;informaci\u00f3, mentre reflexionen sobre la seva identitat grup a l&#8217;hora de navegar per la xarxa.<\/li>\n<\/ul>\n<p>D&#8217;altra banda, els<strong> estudiants<\/strong> de <strong>segon<\/strong> d&#8217;<strong>ESO<\/strong> participaran en els <strong>tallers<\/strong>:<\/p>\n<ul>\n<li><strong>Botiga: Anem de compres? La compra de roba i tecnologia.<\/strong><br \/>\nEl consum \u00e9s un m\u00f3n ple d&#8217;emocions i, a l&#8217;hora de comprar, hi tenen un paper molt important. Aquest taller tracta dels diferents elements que intervenen a l&#8217;hora d&#8217;escollir l&#8217;establiment i el producte: la m\u00fasica, els colors i la informaci\u00f3 en l&#8217;etiqueta del producte, entre d&#8217;altres.<\/li>\n<li><strong>Publicitat: Missatges o missatgers? La publicitat en la vida quotidiana.<\/strong><br \/>\n<span class=\"hiddenSpellError\">\u00c9s<\/span> una pregunta que ens condueix a reflexionar sobre les diferents actituds que poden adoptar les persones enfront de la publicitat. Con\u00e8ixer les estrat\u00e8gies que utilitza la publicitat permet a l&#8217;alumnat fer-ne una lectura cr\u00edtica i posicionar-se de manera activa a l&#8217;hora de consumir.<\/li>\n<\/ul>\n<p><a href=\"http:\/\/consum.gencat.cat\/escola_de_consum\/\" target=\"_blank\"><img loading=\"lazy\" decoding=\"async\" class=\"aligncenter\" src=\"http:\/\/consum.gencat.cat\/img\/img_22089427_1.JPG\" width=\"299\" height=\"267\" \/><\/a><\/p>\n<p style=\"text-align: center;\"><a href=\"http:\/\/consum.gencat.cat\/escola_de_consum\/\" target=\"_blank\"><strong>Escola de Consum de Catalunya<\/strong><\/a><\/p>\n","protected":false},"excerpt":{"rendered":"<p>Avui, 30 de mar\u00e7, realitzarem dos tallers de consum responsable de l&#8217;Escola de Consum de Catalunya, per complementar els continguts que treballem a l&#8217;aula en la mat\u00e8ria de Tecnologia amb l&#8217;ajuda dels materials oferts pel Concurs Consum\u00f3polis.&hellip;  <a href=\"https:\/\/agora.xtec.cat\/iesalella\/general\/ens-visita-lescola-de-consum-de-catalunya\/\" title=\"Read Ens visita l&#8217;Escola de Consum de Catalunya!\">Llegeix m\u00e9s\u00bb<\/a><\/p>\n","protected":false},"author":1,"featured_media":340,"comment_status":"open","ping_status":"open","sticky":false,"template":"","format":"standard","meta":{"_bbp_topic_count":0,"_bbp_reply_count":0,"_bbp_total_topic_count":0,"_bbp_total_reply_count":0,"_bbp_voice_count":0,"_bbp_anonymous_reply_count":0,"_bbp_topic_count_hidden":0,"_bbp_reply_count_hidden":0,"_bbp_forum_subforum_count":0,"footnotes":""},"categories":[3,4,5,1,29],"tags":[],"class_list":["post-3738","post","type-post","status-publish","format-standard","has-post-thumbnail","hentry","category-eso","category-eso-1","category-eso-2","category-general","category-portada"],"post_mailing_queue_ids":[],"_links":{"self":[{"href":"https:\/\/agora.xtec.cat\/iesalella\/wp-json\/wp\/v2\/posts\/3738","targetHints":{"allow":["GET"]}}],"collection":[{"href":"https:\/\/agora.xtec.cat\/iesalella\/wp-json\/wp\/v2\/posts"}],"about":[{"href":"https:\/\/agora.xtec.cat\/iesalella\/wp-json\/wp\/v2\/types\/post"}],"author":[{"embeddable":true,"href":"https:\/\/agora.xtec.cat\/iesalella\/wp-json\/wp\/v2\/users\/1"}],"replies":[{"embeddable":true,"href":"https:\/\/agora.xtec.cat\/iesalella\/wp-json\/wp\/v2\/comments?post=3738"}],"version-history":[{"count":3,"href":"https:\/\/agora.xtec.cat\/iesalella\/wp-json\/wp\/v2\/posts\/3738\/revisions"}],"predecessor-version":[{"id":3837,"href":"https:\/\/agora.xtec.cat\/iesalella\/wp-json\/wp\/v2\/posts\/3738\/revisions\/3837"}],"wp:featuredmedia":[{"embeddable":true,"href":"https:\/\/agora.xtec.cat\/iesalella\/wp-json\/wp\/v2\/media\/340"}],"wp:attachment":[{"href":"https:\/\/agora.xtec.cat\/iesalella\/wp-json\/wp\/v2\/media?parent=3738"}],"wp:term":[{"taxonomy":"category","embeddable":true,"href":"https:\/\/agora.xtec.cat\/iesalella\/wp-json\/wp\/v2\/categories?post=3738"},{"taxonomy":"post_tag","embeddable":true,"href":"https:\/\/agora.xtec.cat\/iesalella\/wp-json\/wp\/v2\/tags?post=3738"}],"curies":[{"name":"wp","href":"https:\/\/api.w.org\/{rel}","templated":true}]}}