{"id":3376,"date":"2017-03-21T08:37:25","date_gmt":"2017-03-21T07:37:25","guid":{"rendered":"http:\/\/agora.xtec.cat\/iesalella\/?p=3376"},"modified":"2017-03-21T12:20:59","modified_gmt":"2017-03-21T11:20:59","slug":"classificats-primera-fase-fem-matematiques-2017","status":"publish","type":"post","link":"https:\/\/agora.xtec.cat\/iesalella\/general\/classificats-primera-fase-fem-matematiques-2017\/","title":{"rendered":"Enhorabona als classificats del Fem Matem\u00e0tiques!"},"content":{"rendered":"<p>En aquesta<strong> edici\u00f3<\/strong> del <a href=\"http:\/\/fm.feemcat.org\/\" target=\"_blank\"><strong>Fem Matem\u00e0tiques<\/strong><\/a>, s&#8217;han classificat els <strong>grups<\/strong> seg\u00fcents per a la <strong>segona fase<\/strong>:<\/p>\n<ul>\n<li><strong>1r ESO:\u00a0<\/strong>\u00c0lvar Muset, Andrea Nohales, Iker Delgado, Aitor Orrantia.<\/li>\n<li><strong>2n ESO:\u00a0<\/strong>M\u00f2nica Ruiz, \u00a0Joana Bertran, Pau Tru\u00f1\u00f3, Cl\u00e0udia Vall\u00e8s.<\/li>\n<li><strong>3r ESO:\u00a0<\/strong>Joan Ainaud, Pol Altimira, Marta Llad\u00f2s, Ferran Arnau.<\/li>\n<\/ul>\n<p><a href=\"http:\/\/fm.feemcat.org\/\" target=\"_blank\"><img loading=\"lazy\" decoding=\"async\" class=\"wp-image-2389 aligncenter\" src=\"http:\/\/agora.xtec.cat\/iesalella\/wp-content\/uploads\/usu119\/2017\/02\/Fem-matematiques-min-e1487337125687.jpg\" alt=\"fem-matematiques-min\" width=\"287\" height=\"176\" \/><\/a><\/p>\n<p style=\"text-align: center;\">Enhorabona a <strong>tots<\/strong> i a <strong>totes<\/strong> ; )<\/p>\n<p style=\"text-align: center;\">Preparats per a la <strong>segona fase<\/strong>?<\/p>\n<p style=\"text-align: center;\">Tindr\u00e0 lloc el <strong>dissabte<\/strong>,\u00a0<strong>1 <\/strong>d\u2019<strong>abril, <\/strong>a l\u2019<a href=\"http:\/\/escolapauvila.com\/\" target=\"_blank\"><strong>Escola Pau Vila i Dinar\u00e8s <\/strong><\/a>de<strong> Terrassa<\/strong><\/p>\n","protected":false},"excerpt":{"rendered":"<p>En aquesta edici\u00f3 del Fem Matem\u00e0tiques, s&#8217;han classificat els grups seg\u00fcents per a la segona fase:&hellip;  <a href=\"https:\/\/agora.xtec.cat\/iesalella\/general\/classificats-primera-fase-fem-matematiques-2017\/\" title=\"Read Enhorabona als classificats del Fem Matem\u00e0tiques!\">Llegeix m\u00e9s\u00bb<\/a><\/p>\n","protected":false},"author":9,"featured_media":2389,"comment_status":"open","ping_status":"open","sticky":false,"template":"","format":"standard","meta":{"_bbp_topic_count":0,"_bbp_reply_count":0,"_bbp_total_topic_count":0,"_bbp_total_reply_count":0,"_bbp_voice_count":0,"_bbp_anonymous_reply_count":0,"_bbp_topic_count_hidden":0,"_bbp_reply_count_hidden":0,"_bbp_forum_subforum_count":0,"footnotes":""},"categories":[3,4,5,6,1,29],"tags":[],"class_list":["post-3376","post","type-post","status-publish","format-standard","has-post-thumbnail","hentry","category-eso","category-eso-1","category-eso-2","category-eso-3","category-general","category-portada"],"post_mailing_queue_ids":[],"_links":{"self":[{"href":"https:\/\/agora.xtec.cat\/iesalella\/wp-json\/wp\/v2\/posts\/3376","targetHints":{"allow":["GET"]}}],"collection":[{"href":"https:\/\/agora.xtec.cat\/iesalella\/wp-json\/wp\/v2\/posts"}],"about":[{"href":"https:\/\/agora.xtec.cat\/iesalella\/wp-json\/wp\/v2\/types\/post"}],"author":[{"embeddable":true,"href":"https:\/\/agora.xtec.cat\/iesalella\/wp-json\/wp\/v2\/users\/9"}],"replies":[{"embeddable":true,"href":"https:\/\/agora.xtec.cat\/iesalella\/wp-json\/wp\/v2\/comments?post=3376"}],"version-history":[{"count":4,"href":"https:\/\/agora.xtec.cat\/iesalella\/wp-json\/wp\/v2\/posts\/3376\/revisions"}],"predecessor-version":[{"id":3581,"href":"https:\/\/agora.xtec.cat\/iesalella\/wp-json\/wp\/v2\/posts\/3376\/revisions\/3581"}],"wp:featuredmedia":[{"embeddable":true,"href":"https:\/\/agora.xtec.cat\/iesalella\/wp-json\/wp\/v2\/media\/2389"}],"wp:attachment":[{"href":"https:\/\/agora.xtec.cat\/iesalella\/wp-json\/wp\/v2\/media?parent=3376"}],"wp:term":[{"taxonomy":"category","embeddable":true,"href":"https:\/\/agora.xtec.cat\/iesalella\/wp-json\/wp\/v2\/categories?post=3376"},{"taxonomy":"post_tag","embeddable":true,"href":"https:\/\/agora.xtec.cat\/iesalella\/wp-json\/wp\/v2\/tags?post=3376"}],"curies":[{"name":"wp","href":"https:\/\/api.w.org\/{rel}","templated":true}]}}