{"id":2786,"date":"2017-02-02T11:53:29","date_gmt":"2017-02-02T10:53:29","guid":{"rendered":"http:\/\/agora.xtec.cat\/iesalella\/?p=2786"},"modified":"2017-03-06T12:12:49","modified_gmt":"2017-03-06T11:12:49","slug":"projecte-de-col%c2%b7laboracio-entre-la-biblioteca-ferrer-i-guardia-i-el-nostre-institut","status":"publish","type":"post","link":"https:\/\/agora.xtec.cat\/iesalella\/general\/projecte-de-col%c2%b7laboracio-entre-la-biblioteca-ferrer-i-guardia-i-el-nostre-institut\/","title":{"rendered":"Projecte de col\u00b7laboraci\u00f3 entre la biblioteca Ferrer i Gu\u00e0rdia i el nostre institut"},"content":{"rendered":"<p><a href=\"http:\/\/www.llumdemar.com\/projecte-de-collaboracio-entre-la-biblioteca-ferrer-i-guardia-i-el-nostre-institut\/\" target=\"_blank\"><img loading=\"lazy\" decoding=\"async\" class=\"wp-image-2604 alignleft\" src=\"http:\/\/agora.xtec.cat\/iesalella\/wp-content\/uploads\/usu119\/2016\/11\/Biblioteca-Ins-Alella-min-e1487967237898.jpg\" alt=\"biblioteca-ins-alella-min\" width=\"141\" height=\"97\" \/><\/a><\/p>\n<p>Els seminaris de llengua catalana i castellana estan desenvolupant un projecte de foment de la lectura, proposat per la biblioteca p\u00fablica Ferrer i Gu\u00e0rdia. Es tracta d&#8217;una activitat que es realitza per primera vegada al nostre centre, per la qual cosa est\u00e0 orientada a primer d&#8217;ESO. Sense cap dubte considerem que es for\u00e7a interessant com per introduir-la progressivament a la resta de l&#8217;ESO en cursos seg\u00fcents.<\/p>\n<p>Aquest projecte est\u00e0 estructurat en tres parts b\u00e0siques:<\/p>\n<ul>\n<li>A la primera, els alumnes assisteixen a la biblioteca p\u00fablica on se&#8217;ls ofereix una sessi\u00f3 de formaci\u00f3 d&#8217;usuaris, molt \u00fatil per con\u00e9ixer el funcionament i els serveis de la biblioteca.<\/li>\n<li>La segona t\u00e9 lloc a l&#8217;institut, \u00a0on el professor Carles Alcoy, expert en activitats de foment de la lectura, durant dos sessions, presenta als alumnes diferents q\u00fcestions de t\u00e8cnica narrativa partint d&#8217;una selecci\u00f3 molt suggerent de curts inserts a la xarxa.<\/li>\n<li>A la tercera, la m\u00e9s creativa i engrescadora, els alumnes es converteixen en directors, actors, montadors&#8230; i creen un\u00a0<em>booktrailer <\/em>d&#8217;una novel\u00b7la que han llegit i han demanat en pr\u00e9stec a la biblioteca Ferrer i Gu\u00e0rdia.<\/li>\n<\/ul>\n<p>Des d&#8217;aqu\u00ed volem agrair la implicaci\u00f3 de la Rosa, la directora de la biblioteca, i les seves col\u00b7laboradores, la Susana i la N\u00faria, en aquest projecte d&#8217;intercanvi d&#8217;experi\u00e8ncies tant enriquidor. Tanmateix donem les gr\u00e0cies a en Carles Alcoy i el felicitem per la seva presentaci\u00f3 tant amena i interessant.\u00a0<a href=\"http:\/\/www.llumdemar.com\/projecte-de-collaboracio-entre-la-biblioteca-ferrer-i-guardia-i-el-nostre-institut\/\" target=\"_blank\">Llegeix m\u00e9s<\/a><\/p>\n<p>&nbsp;<\/p>\n<p style=\"text-align: center;\">\n","protected":false},"excerpt":{"rendered":"<p>Els seminaris de llengua catalana i castellana estan desenvolupant un projecte de foment de la lectura, proposat per la biblioteca p\u00fablica Ferrer i Gu\u00e0rdia. Es tracta d&#8217;una activitat que es realitza per primera vegada al nostre centre, per la qual cosa est\u00e0 orientada a primer d&#8217;ESO. Sense cap dubte considerem que es for\u00e7a interessant com per introduir-la progressivament a la resta de l&#8217;ESO en cursos seg\u00fcents.&hellip;  <a href=\"https:\/\/agora.xtec.cat\/iesalella\/general\/projecte-de-col%c2%b7laboracio-entre-la-biblioteca-ferrer-i-guardia-i-el-nostre-institut\/\" title=\"Read Projecte de col\u00b7laboraci\u00f3 entre la biblioteca Ferrer i Gu\u00e0rdia i el nostre institut\">Llegeix m\u00e9s\u00bb<\/a><\/p>\n","protected":false},"author":10,"featured_media":2787,"comment_status":"open","ping_status":"open","sticky":false,"template":"","format":"standard","meta":{"_bbp_topic_count":0,"_bbp_reply_count":0,"_bbp_total_topic_count":0,"_bbp_total_reply_count":0,"_bbp_voice_count":0,"_bbp_anonymous_reply_count":0,"_bbp_topic_count_hidden":0,"_bbp_reply_count_hidden":0,"_bbp_forum_subforum_count":0,"footnotes":""},"categories":[3,4,1,29],"tags":[],"class_list":["post-2786","post","type-post","status-publish","format-standard","has-post-thumbnail","hentry","category-eso","category-eso-1","category-general","category-portada"],"post_mailing_queue_ids":[],"_links":{"self":[{"href":"https:\/\/agora.xtec.cat\/iesalella\/wp-json\/wp\/v2\/posts\/2786","targetHints":{"allow":["GET"]}}],"collection":[{"href":"https:\/\/agora.xtec.cat\/iesalella\/wp-json\/wp\/v2\/posts"}],"about":[{"href":"https:\/\/agora.xtec.cat\/iesalella\/wp-json\/wp\/v2\/types\/post"}],"author":[{"embeddable":true,"href":"https:\/\/agora.xtec.cat\/iesalella\/wp-json\/wp\/v2\/users\/10"}],"replies":[{"embeddable":true,"href":"https:\/\/agora.xtec.cat\/iesalella\/wp-json\/wp\/v2\/comments?post=2786"}],"version-history":[{"count":3,"href":"https:\/\/agora.xtec.cat\/iesalella\/wp-json\/wp\/v2\/posts\/2786\/revisions"}],"predecessor-version":[{"id":2795,"href":"https:\/\/agora.xtec.cat\/iesalella\/wp-json\/wp\/v2\/posts\/2786\/revisions\/2795"}],"wp:featuredmedia":[{"embeddable":true,"href":"https:\/\/agora.xtec.cat\/iesalella\/wp-json\/wp\/v2\/media\/2787"}],"wp:attachment":[{"href":"https:\/\/agora.xtec.cat\/iesalella\/wp-json\/wp\/v2\/media?parent=2786"}],"wp:term":[{"taxonomy":"category","embeddable":true,"href":"https:\/\/agora.xtec.cat\/iesalella\/wp-json\/wp\/v2\/categories?post=2786"},{"taxonomy":"post_tag","embeddable":true,"href":"https:\/\/agora.xtec.cat\/iesalella\/wp-json\/wp\/v2\/tags?post=2786"}],"curies":[{"name":"wp","href":"https:\/\/api.w.org\/{rel}","templated":true}]}}