{"id":2221,"date":"2017-02-02T21:47:12","date_gmt":"2017-02-02T20:47:12","guid":{"rendered":"http:\/\/agora.xtec.cat\/iesalella\/?p=2221"},"modified":"2017-02-22T08:56:12","modified_gmt":"2017-02-22T07:56:12","slug":"dia-escolar-per-a-la-no-violencia-i-la-pau","status":"publish","type":"post","link":"https:\/\/agora.xtec.cat\/iesalella\/general\/dia-escolar-per-a-la-no-violencia-i-la-pau\/","title":{"rendered":"Dia escolar per a la no-viol\u00e8ncia i la pau"},"content":{"rendered":"<p>Tots els centres educatius d\u2019Alella formem part de la comissi\u00f3 \u201cfestes i tradicions\u201d, l\u2019objectiu de la qual \u00e9s organitzar conjuntament una diada especial amb la col\u00b7laboraci\u00f3 i participaci\u00f3 de tothom. Aquesta iniciativa est\u00e0 coordinada per l\u2019\u00c0rea d\u2019Educaci\u00f3 de l\u2019Ajuntament.<\/p>\n<p>Enguany ens hem marcat el prop\u00f2sit de celebrar el \u201c<em>Dia Escolar per a la No-viol\u00e8ncia i la Pau\u201d<\/em>. Dem\u00e0 divendres 27 de gener diferents grups, en representaci\u00f3 de cada centre,\u00a0 ens trobarem a la pla\u00e7a de l\u2019Ajuntament per tal de fer-hi un acte commemoratiu. Paral\u00b7lelament, als centres es faran activitats relacionades i tamb\u00e9, al llarg de la setmana, es realitzaran col\u00b7laboracions entre centres.<\/p>\n<p>Durant el cap de setmana del 28 i 29 de gener quedar\u00e0 exposat el treball compartit per tal que tothom pugui veure\u2019l i gaudir-ne.<\/p>\n","protected":false},"excerpt":{"rendered":"<p>Tots els centres educatius d\u2019Alella formem part de la comissi\u00f3 \u201cfestes i tradicions\u201d, l\u2019objectiu de la qual \u00e9s organitzar conjuntament una diada especial amb la col\u00b7laboraci\u00f3 i participaci\u00f3 de tothom. Aquesta iniciativa est\u00e0 coordinada per l\u2019\u00c0rea d\u2019Educaci\u00f3 de l\u2019Ajuntament.&hellip;  <a href=\"https:\/\/agora.xtec.cat\/iesalella\/general\/dia-escolar-per-a-la-no-violencia-i-la-pau\/\" title=\"Read Dia escolar per a la no-viol\u00e8ncia i la pau\">Llegeix m\u00e9s\u00bb<\/a><\/p>\n","protected":false},"author":18,"featured_media":2257,"comment_status":"open","ping_status":"open","sticky":false,"template":"","format":"standard","meta":{"_bbp_topic_count":0,"_bbp_reply_count":0,"_bbp_total_topic_count":0,"_bbp_total_reply_count":0,"_bbp_voice_count":0,"_bbp_anonymous_reply_count":0,"_bbp_topic_count_hidden":0,"_bbp_reply_count_hidden":0,"_bbp_forum_subforum_count":0,"footnotes":""},"categories":[3,4,1,29],"tags":[],"class_list":["post-2221","post","type-post","status-publish","format-standard","has-post-thumbnail","hentry","category-eso","category-eso-1","category-general","category-portada"],"post_mailing_queue_ids":[],"_links":{"self":[{"href":"https:\/\/agora.xtec.cat\/iesalella\/wp-json\/wp\/v2\/posts\/2221","targetHints":{"allow":["GET"]}}],"collection":[{"href":"https:\/\/agora.xtec.cat\/iesalella\/wp-json\/wp\/v2\/posts"}],"about":[{"href":"https:\/\/agora.xtec.cat\/iesalella\/wp-json\/wp\/v2\/types\/post"}],"author":[{"embeddable":true,"href":"https:\/\/agora.xtec.cat\/iesalella\/wp-json\/wp\/v2\/users\/18"}],"replies":[{"embeddable":true,"href":"https:\/\/agora.xtec.cat\/iesalella\/wp-json\/wp\/v2\/comments?post=2221"}],"version-history":[{"count":3,"href":"https:\/\/agora.xtec.cat\/iesalella\/wp-json\/wp\/v2\/posts\/2221\/revisions"}],"predecessor-version":[{"id":2255,"href":"https:\/\/agora.xtec.cat\/iesalella\/wp-json\/wp\/v2\/posts\/2221\/revisions\/2255"}],"wp:featuredmedia":[{"embeddable":true,"href":"https:\/\/agora.xtec.cat\/iesalella\/wp-json\/wp\/v2\/media\/2257"}],"wp:attachment":[{"href":"https:\/\/agora.xtec.cat\/iesalella\/wp-json\/wp\/v2\/media?parent=2221"}],"wp:term":[{"taxonomy":"category","embeddable":true,"href":"https:\/\/agora.xtec.cat\/iesalella\/wp-json\/wp\/v2\/categories?post=2221"},{"taxonomy":"post_tag","embeddable":true,"href":"https:\/\/agora.xtec.cat\/iesalella\/wp-json\/wp\/v2\/tags?post=2221"}],"curies":[{"name":"wp","href":"https:\/\/api.w.org\/{rel}","templated":true}]}}