{"id":2008,"date":"2016-12-11T18:44:55","date_gmt":"2016-12-11T17:44:55","guid":{"rendered":"http:\/\/agora.xtec.cat\/iesalella\/?p=2008"},"modified":"2017-02-24T18:19:24","modified_gmt":"2017-02-24T17:19:24","slug":"els-candidats-dels-alumnes-al-consell-escolar","status":"publish","type":"post","link":"https:\/\/agora.xtec.cat\/iesalella\/general\/els-candidats-dels-alumnes-al-consell-escolar\/","title":{"rendered":"Els candidats dels alumnes al Consell Escolar"},"content":{"rendered":"<p>El proper 13 de desembre se celebren les eleccions per escollir un dels tres representants dels alumnes al consell escolar de l\u2019Institut.<\/p>\n<p>El consell escolar \u00e9s el m\u00e0xim \u00f2rgan de govern de l\u2019institut aix\u00ed que volem con\u00e8ixer millor als tres candidats que es presenten a aquesta elecci\u00f3.<\/p>\n<p><strong>Ainhoa Aznar<a href=\"http:\/\/agora.xtec.cat\/iesalella\/wp-content\/uploads\/usu119\/2016\/12\/Ainhoa.jpg\"><img loading=\"lazy\" decoding=\"async\" class=\" wp-image-2009 alignright\" src=\"http:\/\/agora.xtec.cat\/iesalella\/wp-content\/uploads\/usu119\/2016\/12\/Ainhoa-768x1024.jpg\" alt=\"ainhoa\" width=\"207\" height=\"276\" srcset=\"https:\/\/agora.xtec.cat\/iesalella\/wp-content\/uploads\/usu119\/2016\/12\/Ainhoa-768x1024.jpg 768w, https:\/\/agora.xtec.cat\/iesalella\/wp-content\/uploads\/usu119\/2016\/12\/Ainhoa-225x300.jpg 225w, https:\/\/agora.xtec.cat\/iesalella\/wp-content\/uploads\/usu119\/2016\/12\/Ainhoa.jpg 960w\" sizes=\"auto, (max-width: 207px) 100vw, 207px\" \/><\/a><\/strong><\/p>\n<p><strong>Edat:<\/strong> 14<\/p>\n<p><strong>Curs:<\/strong> 4t ESO<\/p>\n<p><strong>Per qu<\/strong><strong>\u00e8<\/strong><strong> has decidit presentar-t<\/strong><strong>\u2019<\/strong><strong>hi?<\/strong> He decidit presentar-m\u2019hi perqu\u00e8 tinc moltes ganes de formar part d&#8217;un \u00f2rgan tan important com \u00e9s el consell escolar de l\u2019institut, i poder aportar el meu granet de sorra a la representaci\u00f3 estudiantil al nostre centre.<\/p>\n<p><strong>Per qu<\/strong><strong>\u00e8<\/strong><strong> creus que t<\/strong><strong>\u2019<\/strong><strong>haurien de votar?<\/strong> Crec que m haurien de votar perqu\u00e8 tinc moltes propostes de millora com per exemple que els alumnes puguin triar les sortides que es fan durant el curs o que es pogu\u00e9s habilitar un espai per quedar-se durant els patis quan fa fred, ja que de vegades ens queixem que no ens deixen quedar-nos dins l\u2019edifici tot i que faci fred. Tamb\u00e9 volia dir que m\u2019agradaria que em votessin perqu\u00e8 per a mi seria una experi\u00e8ncia enriquidora i \u00fanica.<\/p>\n<p>&nbsp;<\/p>\n<p><strong>\u00c1<\/strong><strong>lex Bl<\/strong><strong>\u00e1<\/strong><strong>zquez<a href=\"http:\/\/agora.xtec.cat\/iesalella\/wp-content\/uploads\/usu119\/2016\/12\/Alex.jpg\"><img loading=\"lazy\" decoding=\"async\" class=\" wp-image-2010 alignright\" src=\"http:\/\/agora.xtec.cat\/iesalella\/wp-content\/uploads\/usu119\/2016\/12\/Alex-1024x1016.jpg\" alt=\"alex\" width=\"225\" height=\"223\" srcset=\"https:\/\/agora.xtec.cat\/iesalella\/wp-content\/uploads\/usu119\/2016\/12\/Alex-1024x1016.jpg 1024w, https:\/\/agora.xtec.cat\/iesalella\/wp-content\/uploads\/usu119\/2016\/12\/Alex-150x150.jpg 150w, https:\/\/agora.xtec.cat\/iesalella\/wp-content\/uploads\/usu119\/2016\/12\/Alex-300x298.jpg 300w, https:\/\/agora.xtec.cat\/iesalella\/wp-content\/uploads\/usu119\/2016\/12\/Alex-768x762.jpg 768w, https:\/\/agora.xtec.cat\/iesalella\/wp-content\/uploads\/usu119\/2016\/12\/Alex.jpg 1080w\" sizes=\"auto, (max-width: 225px) 100vw, 225px\" \/><\/a><\/strong><\/p>\n<p><strong>Edat:<\/strong> 16<\/p>\n<p><strong>Curs:<\/strong> 4t ESO<\/p>\n<p><strong>Per qu<\/strong><strong>\u00e8 has decidit presentar-t<\/strong><strong>\u2019hi?<\/strong> He decidit presentar-m\u2019hi perqu\u00e8 m&#8217;agradaria poder representar als meus companys al consell escolar i m\u2019agradaria poder ser la veu de tots els meus companys al consell escolar.<\/p>\n<p><strong>Per qu<\/strong><strong>\u00e8 creus que t<\/strong><strong>\u2019haurien de votar?<\/strong> Crec que m&#8217;haurien de votar perqu\u00e8 despr\u00e9s d&#8217;haver sigut escollit delegat unes quantes vegades, crec que puc representar b\u00e9 els interessos dels alumnes i ajudar a continuar tirant endavant amb totes les tasques que s&#8217;estan organitzant des del consell de delegats.<\/p>\n<p><strong>Ona Gispert<a href=\"http:\/\/agora.xtec.cat\/iesalella\/wp-content\/uploads\/usu119\/2016\/12\/ona.jpeg\"><img loading=\"lazy\" decoding=\"async\" class=\" wp-image-2011 alignright\" src=\"http:\/\/agora.xtec.cat\/iesalella\/wp-content\/uploads\/usu119\/2016\/12\/ona-1024x854.jpeg\" alt=\"ona\" width=\"313\" height=\"261\" srcset=\"https:\/\/agora.xtec.cat\/iesalella\/wp-content\/uploads\/usu119\/2016\/12\/ona-1024x854.jpeg 1024w, https:\/\/agora.xtec.cat\/iesalella\/wp-content\/uploads\/usu119\/2016\/12\/ona-300x250.jpeg 300w, https:\/\/agora.xtec.cat\/iesalella\/wp-content\/uploads\/usu119\/2016\/12\/ona-768x641.jpeg 768w, https:\/\/agora.xtec.cat\/iesalella\/wp-content\/uploads\/usu119\/2016\/12\/ona.jpeg 1068w\" sizes=\"auto, (max-width: 313px) 100vw, 313px\" \/><\/a><\/strong><\/p>\n<p><strong>Edat:<\/strong> 14<\/p>\n<p><strong>Curs:<\/strong> 3r ESO<\/p>\n<p><strong>Per qu<\/strong><strong>\u00e8<\/strong><strong> has decidit presentar-t<\/strong><strong>\u2019<\/strong><strong>hi?<\/strong> He decidit presentar-m\u2019hi perqu\u00e8 m\u2019agrada veure des de dintre el funcionament de l\u2019institut i poder opinar i participar en el bon funcionament d\u2019aquest com a representant dels alumnes.<\/p>\n<p><strong>Per qu<\/strong><strong>\u00e8<\/strong><strong> creus que t<\/strong><strong>\u2019<\/strong><strong>haurien de votar? <\/strong>Perqu\u00e8 tinc una mica d&#8217;experi\u00e8ncia, he sigut una vegada delegada i una altra subdelegada\u00a0 i he participat en algunes reunions del consell escolar municipal. Defensar\u00e9 els interessos proposats pels alumnes i crec que puc fer b\u00e9 aquest c\u00e0rrec.<\/p>\n<p>&nbsp;<\/p>\n","protected":false},"excerpt":{"rendered":"<p>El proper 13 de desembre se celebren les eleccions per escollir un dels tres representants dels alumnes al consell escolar de l\u2019Institut.<br \/>\nEl consell escolar \u00e9s el m\u00e0xim \u00f2rgan de govern de l\u2019institut aix\u00ed que volem con\u00e8ixer millor als tres candidats que es presenten a aquesta elecci\u00f3.&hellip;  <a href=\"https:\/\/agora.xtec.cat\/iesalella\/general\/els-candidats-dels-alumnes-al-consell-escolar\/\" title=\"Read Els candidats dels alumnes al Consell Escolar\">Llegeix m\u00e9s\u00bb<\/a><\/p>\n","protected":false},"author":11,"featured_media":0,"comment_status":"open","ping_status":"open","sticky":false,"template":"","format":"standard","meta":{"_bbp_topic_count":0,"_bbp_reply_count":0,"_bbp_total_topic_count":0,"_bbp_total_reply_count":0,"_bbp_voice_count":0,"_bbp_anonymous_reply_count":0,"_bbp_topic_count_hidden":0,"_bbp_reply_count_hidden":0,"_bbp_forum_subforum_count":0,"footnotes":""},"categories":[8,3,1,29],"tags":[],"class_list":["post-2008","post","type-post","status-publish","format-standard","hentry","category-batxillerat","category-eso","category-general","category-portada"],"post_mailing_queue_ids":[],"_links":{"self":[{"href":"https:\/\/agora.xtec.cat\/iesalella\/wp-json\/wp\/v2\/posts\/2008","targetHints":{"allow":["GET"]}}],"collection":[{"href":"https:\/\/agora.xtec.cat\/iesalella\/wp-json\/wp\/v2\/posts"}],"about":[{"href":"https:\/\/agora.xtec.cat\/iesalella\/wp-json\/wp\/v2\/types\/post"}],"author":[{"embeddable":true,"href":"https:\/\/agora.xtec.cat\/iesalella\/wp-json\/wp\/v2\/users\/11"}],"replies":[{"embeddable":true,"href":"https:\/\/agora.xtec.cat\/iesalella\/wp-json\/wp\/v2\/comments?post=2008"}],"version-history":[{"count":4,"href":"https:\/\/agora.xtec.cat\/iesalella\/wp-json\/wp\/v2\/posts\/2008\/revisions"}],"predecessor-version":[{"id":2561,"href":"https:\/\/agora.xtec.cat\/iesalella\/wp-json\/wp\/v2\/posts\/2008\/revisions\/2561"}],"wp:attachment":[{"href":"https:\/\/agora.xtec.cat\/iesalella\/wp-json\/wp\/v2\/media?parent=2008"}],"wp:term":[{"taxonomy":"category","embeddable":true,"href":"https:\/\/agora.xtec.cat\/iesalella\/wp-json\/wp\/v2\/categories?post=2008"},{"taxonomy":"post_tag","embeddable":true,"href":"https:\/\/agora.xtec.cat\/iesalella\/wp-json\/wp\/v2\/tags?post=2008"}],"curies":[{"name":"wp","href":"https:\/\/api.w.org\/{rel}","templated":true}]}}