{"id":1917,"date":"2016-11-27T20:13:05","date_gmt":"2016-11-27T19:13:05","guid":{"rendered":"http:\/\/agora.xtec.cat\/iesalella\/?p=1917"},"modified":"2017-02-24T20:24:47","modified_gmt":"2017-02-24T19:24:47","slug":"visita-al-parc-neolitic-de-banyoles","status":"publish","type":"post","link":"https:\/\/agora.xtec.cat\/iesalella\/general\/visita-al-parc-neolitic-de-banyoles\/","title":{"rendered":"Visita al parc neol\u00edtic de Banyoles"},"content":{"rendered":"<p>El passat dilluns dia 21, les classes de 1r A i 1r B vam anar a Banyoles, a veure un parc neol\u00edtic.<\/p>\n<p>El jaciment estava al costat de l&#8217;estany de Banyoles. En Jordi, la Susanna i el Carlos ens van explicar un munt de coses interessant\u00edssimes, com ara que, antigament, l&#8217;estany era molt m\u00e9s petit, i que per aix\u00f2 les restes del poblat es van trobar a sota l&#8217;aigua. Curiosament, l&#8217;element que s&#8217;ha conservat millor, ha estat la fusta, cosa rarament vista, ja que generalment la fusta es podreix. Tamb\u00e9 ens van explicar que de restes humanes quasi no en van trobar. De fet, nom\u00e9s es va trobar un dit.<\/p>\n<p>El poblat ha estat reconstru\u00eft una mica m\u00e9s amunt perqu\u00e8 la gent que el visiti el pugui veure. Ara hi ha tres cabanes, totes diferents, que van servir per explicar-nos per qu\u00e8 es feia servir cada tipus. Tamb\u00e9 vam aprendre sobre com fer foc. Es pot fer amb dues fustes fregades o amb dos tipus de pedra. El Jordi va fer-nos foc amb les fustes, i com que ens va ploure no vam tenir problemes a l&#8217;hora d&#8217;apagar-lo.<\/p>\n<p>Com a record del taller vam fer una eina que usaven antigament: una pedra de s\u00edlex (altrament anomenada pedra foguera) enganxada amb una corda a dos troncs trencats per la meitat. Quan ho vam tenir ben lligat li vam posar una barreja de cera, cendres i plantes (la cola a la seva \u00e8poca) i en vam tirar una mica per sobre, aix\u00ed ens assegur\u00e0vem de que no ens caigu\u00e9s la pedra que tallava.<\/p>\n<p>Va ser un taller molt interessant, i us recomanem a tots visitar l\u2019estany de Banyoles i el parc del neol\u00edtic!<\/p>\n<p>&nbsp;<\/p>\n<p style=\"text-align: left;\"><em>Text:\u00a0<\/em><em>Alexandra, delegada 1r ESO B<\/em><\/p>\n<p style=\"text-align: left;\">\r\n\t<div class=\"slideshow_container slideshow_container_style-light\" style=\"height: 300px; \" data-slideshow-id=\"1941\" data-style-name=\"style-light\" data-style-version=\"2.3.1\" >\r\n\r\n\t\t\t\t\t<div class=\"slideshow_loading_icon\"><\/div>\r\n\t\t\r\n\t\t<div class=\"slideshow_content\" style=\"display: none;\">\r\n\r\n\t\t\t<div class=\"slideshow_view\">\r\n\t\t\t\t<div class=\"slideshow_slide slideshow_slide_image\">\r\n\t\t\t\t\t\t\t\t\t\t\t<img src=\"https:\/\/agora.xtec.cat\/iesalella\/wp-content\/uploads\/usu119\/2016\/11\/banyoles3.jpg\" alt=\"banyoles3\" width=\"4160\" height=\"3120\" \/>\r\n\t\t\t\t\t\t\t\t\t\t<div class=\"slideshow_description_box slideshow_transparent\">\r\n\t\t\t\t\t\t<div class=\"slideshow_title\">banyoles3<\/div>\t\t\t\t\t\t\t\t\t\t\t<\/div>\r\n\t\t\t\t<\/div>\r\n\r\n\t\t\t\t\t\t<div style=\"clear: both;\"><\/div><\/div><div class=\"slideshow_view\">\r\n\t\t\t\t<div class=\"slideshow_slide slideshow_slide_image\">\r\n\t\t\t\t\t\t\t\t\t\t\t<img src=\"https:\/\/agora.xtec.cat\/iesalella\/wp-content\/uploads\/usu119\/2016\/11\/banyoles1.jpg\" alt=\"banyoles1\" width=\"4160\" height=\"3120\" \/>\r\n\t\t\t\t\t\t\t\t\t\t<div class=\"slideshow_description_box slideshow_transparent\">\r\n\t\t\t\t\t\t<div class=\"slideshow_title\">banyoles1<\/div>\t\t\t\t\t\t\t\t\t\t\t<\/div>\r\n\t\t\t\t<\/div>\r\n\r\n\t\t\t\t\t\t<div style=\"clear: both;\"><\/div><\/div><div class=\"slideshow_view\">\r\n\t\t\t\t<div class=\"slideshow_slide slideshow_slide_image\">\r\n\t\t\t\t\t\t\t\t\t\t\t<img src=\"https:\/\/agora.xtec.cat\/iesalella\/wp-content\/uploads\/usu119\/2016\/11\/banyoles-2.jpg\" alt=\"banyoles-2\" width=\"4160\" height=\"3120\" \/>\r\n\t\t\t\t\t\t\t\t\t\t<div class=\"slideshow_description_box slideshow_transparent\">\r\n\t\t\t\t\t\t<div class=\"slideshow_title\">banyoles-2<\/div>\t\t\t\t\t\t\t\t\t\t\t<\/div>\r\n\t\t\t\t<\/div>\r\n\r\n\t\t\t\t\t\t<div style=\"clear: both;\"><\/div><\/div>\r\n\t\t<\/div>\r\n\r\n\t\t<div class=\"slideshow_controlPanel slideshow_transparent\" style=\"display: none;\"><ul><li class=\"slideshow_togglePlay\" data-play-text=\"Visualitza\" data-pause-text=\"Pausa\"><\/li><\/ul><\/div>\r\n\r\n\t\t<div class=\"slideshow_button slideshow_previous slideshow_transparent\" role=\"button\" data-previous-text=\"Anterior\" style=\"display: none;\"><\/div>\r\n\t\t<div class=\"slideshow_button slideshow_next slideshow_transparent\" role=\"button\" data-next-text=\"Seg\u00fcent\" style=\"display: none;\"><\/div>\r\n\r\n\t\t<div class=\"slideshow_pagination\" style=\"display: none;\" data-go-to-text=\"V\u00e9s a la diapositiva\"><div class=\"slideshow_pagination_center\"><\/div><\/div>\r\n\r\n\t\t<!-- WordPress Slideshow Version 2.3.1 -->\r\n\r\n\t\t\t<\/div>\r\n\r\n<\/p>\n","protected":false},"excerpt":{"rendered":"<p>El passat dilluns dia 21, les classes de 1r A i 1r B vam anar a Banyoles, a veure un parc neol\u00edtic.<\/p>\n<p>El jaciment estava al costat de l&#8217;estany de Banyoles. En Jordi, la Susanna i el Carlos ens van explicar un munt de coses interessant\u00edssimes, com ara que, antigament, l&#8217;estany era molt m\u00e9s petit, i que per aix\u00f2 les restes del poblat es van trobar a sota l&#8217;aigua. Curiosament, l&#8217;element que s&#8217;ha conservat millor, ha estat la fusta, cosa rarament vista, ja que generalment la fusta es podreix. &hellip;  <a href=\"https:\/\/agora.xtec.cat\/iesalella\/general\/visita-al-parc-neolitic-de-banyoles\/\" title=\"Read Visita al parc neol\u00edtic de Banyoles\">Llegeix m\u00e9s\u00bb<\/a><\/p>\n","protected":false},"author":11,"featured_media":0,"comment_status":"open","ping_status":"open","sticky":false,"template":"","format":"standard","meta":{"_bbp_topic_count":0,"_bbp_reply_count":0,"_bbp_total_topic_count":0,"_bbp_total_reply_count":0,"_bbp_voice_count":0,"_bbp_anonymous_reply_count":0,"_bbp_topic_count_hidden":0,"_bbp_reply_count_hidden":0,"_bbp_forum_subforum_count":0,"footnotes":""},"categories":[3,4,1,29],"tags":[],"class_list":["post-1917","post","type-post","status-publish","format-standard","hentry","category-eso","category-eso-1","category-general","category-portada"],"post_mailing_queue_ids":[],"_links":{"self":[{"href":"https:\/\/agora.xtec.cat\/iesalella\/wp-json\/wp\/v2\/posts\/1917","targetHints":{"allow":["GET"]}}],"collection":[{"href":"https:\/\/agora.xtec.cat\/iesalella\/wp-json\/wp\/v2\/posts"}],"about":[{"href":"https:\/\/agora.xtec.cat\/iesalella\/wp-json\/wp\/v2\/types\/post"}],"author":[{"embeddable":true,"href":"https:\/\/agora.xtec.cat\/iesalella\/wp-json\/wp\/v2\/users\/11"}],"replies":[{"embeddable":true,"href":"https:\/\/agora.xtec.cat\/iesalella\/wp-json\/wp\/v2\/comments?post=1917"}],"version-history":[{"count":3,"href":"https:\/\/agora.xtec.cat\/iesalella\/wp-json\/wp\/v2\/posts\/1917\/revisions"}],"predecessor-version":[{"id":2583,"href":"https:\/\/agora.xtec.cat\/iesalella\/wp-json\/wp\/v2\/posts\/1917\/revisions\/2583"}],"wp:attachment":[{"href":"https:\/\/agora.xtec.cat\/iesalella\/wp-json\/wp\/v2\/media?parent=1917"}],"wp:term":[{"taxonomy":"category","embeddable":true,"href":"https:\/\/agora.xtec.cat\/iesalella\/wp-json\/wp\/v2\/categories?post=1917"},{"taxonomy":"post_tag","embeddable":true,"href":"https:\/\/agora.xtec.cat\/iesalella\/wp-json\/wp\/v2\/tags?post=1917"}],"curies":[{"name":"wp","href":"https:\/\/api.w.org\/{rel}","templated":true}]}}