{"id":1588,"date":"2016-06-16T08:10:14","date_gmt":"2016-06-16T07:10:14","guid":{"rendered":"http:\/\/agora.xtec.cat\/iesalella\/?p=1588"},"modified":"2017-03-03T18:18:44","modified_gmt":"2017-03-03T17:18:44","slug":"carlota-de-haan-javier-pera-i-albert-civit-al-physis","status":"publish","type":"post","link":"https:\/\/agora.xtec.cat\/iesalella\/general\/carlota-de-haan-javier-pera-i-albert-civit-al-physis\/","title":{"rendered":"Carlota de Haan, Javier Per\u00e0 i Albert Civit al Physis!"},"content":{"rendered":"<p>Carlota de Haan, Javier Per\u00e0 i Albert Civit, alumnes de 1r de Batxillerat de l&#8217;Institut d&#8217;Alella, han estat <strong>seleccionats<\/strong> per participar al <strong>Physis<\/strong>. Es tracta d&#8217;un campus d&#8217;estiu organitzat per la Facultat de F\u00edsica de la Universitat de Barcelona que est\u00e0 tenint lloc del 13 al 17 de Juny. Durant cinc dies assisteixen a confer\u00e8ncies de divulgaci\u00f3 plen\u00e0ries organitzades especialment per a aquests brillants estudiants preuniversitaris Tamb\u00e9 tenen l&#8217;opci\u00f3 de realitzar pr\u00e0ctiques en grups redu\u00efts als mateixos laboratoris de la Facultat.\u00a0Tracten temes tan interessants com les ones gravitat\u00f2ries, cosmologia, l\u00e0sers i holografia, biof\u00edsica, tecnologia electr\u00f2nica, canvi clim\u00e0tic o drons, entre d&#8217;altres.\u00a0Les seves primeres impressions estan sent molt i molt positives. Esperem que ells mateixos ens facin cinc c\u00e8ntims de la seva experi\u00e8ncia ben aviat.<\/p>\n<p><img loading=\"lazy\" decoding=\"async\" class=\" wp-image-1591 aligncenter\" src=\"http:\/\/agora.xtec.cat\/iesalella\/wp-content\/uploads\/usu119\/2016\/06\/PHYSIS_UB_2016_INS_ALELLA.jpg-1024x768.jpg\" alt=\"PHYSIS_UB_2016_INS_ALELLA.jpg\" width=\"635\" height=\"476\" srcset=\"https:\/\/agora.xtec.cat\/iesalella\/wp-content\/uploads\/usu119\/2016\/06\/PHYSIS_UB_2016_INS_ALELLA.jpg-1024x768.jpg 1024w, https:\/\/agora.xtec.cat\/iesalella\/wp-content\/uploads\/usu119\/2016\/06\/PHYSIS_UB_2016_INS_ALELLA.jpg-300x225.jpg 300w, https:\/\/agora.xtec.cat\/iesalella\/wp-content\/uploads\/usu119\/2016\/06\/PHYSIS_UB_2016_INS_ALELLA.jpg-768x576.jpg 768w, https:\/\/agora.xtec.cat\/iesalella\/wp-content\/uploads\/usu119\/2016\/06\/PHYSIS_UB_2016_INS_ALELLA.jpg-200x150.jpg 200w\" sizes=\"auto, (max-width: 635px) 100vw, 635px\" \/><\/p>\n","protected":false},"excerpt":{"rendered":"<p>Carlota de Haan, Javier Per\u00e0 i Albert Civit, alumnes de 1r de Batxillerat de l&#8217;Institut d&#8217;Alella, han estat seleccionats per participar al Physis. Es tracta d&#8217;un campus d&#8217;estiu organitzat per la Facultat de F\u00edsica de la Universitat de Barcelona&hellip;  <a href=\"https:\/\/agora.xtec.cat\/iesalella\/general\/carlota-de-haan-javier-pera-i-albert-civit-al-physis\/\" title=\"Read Carlota de Haan, Javier Per\u00e0 i Albert Civit al Physis!\">Llegeix m\u00e9s\u00bb<\/a><\/p>\n","protected":false},"author":17,"featured_media":2253,"comment_status":"open","ping_status":"open","sticky":false,"template":"","format":"standard","meta":{"_bbp_topic_count":0,"_bbp_reply_count":0,"_bbp_total_topic_count":0,"_bbp_total_reply_count":0,"_bbp_voice_count":0,"_bbp_anonymous_reply_count":0,"_bbp_topic_count_hidden":0,"_bbp_reply_count_hidden":0,"_bbp_forum_subforum_count":0,"footnotes":""},"categories":[96,8,1,29],"tags":[],"class_list":["post-1588","post","type-post","status-publish","format-standard","has-post-thumbnail","hentry","category-1r-batx","category-batxillerat","category-general","category-portada"],"post_mailing_queue_ids":[],"_links":{"self":[{"href":"https:\/\/agora.xtec.cat\/iesalella\/wp-json\/wp\/v2\/posts\/1588","targetHints":{"allow":["GET"]}}],"collection":[{"href":"https:\/\/agora.xtec.cat\/iesalella\/wp-json\/wp\/v2\/posts"}],"about":[{"href":"https:\/\/agora.xtec.cat\/iesalella\/wp-json\/wp\/v2\/types\/post"}],"author":[{"embeddable":true,"href":"https:\/\/agora.xtec.cat\/iesalella\/wp-json\/wp\/v2\/users\/17"}],"replies":[{"embeddable":true,"href":"https:\/\/agora.xtec.cat\/iesalella\/wp-json\/wp\/v2\/comments?post=1588"}],"version-history":[{"count":3,"href":"https:\/\/agora.xtec.cat\/iesalella\/wp-json\/wp\/v2\/posts\/1588\/revisions"}],"predecessor-version":[{"id":2629,"href":"https:\/\/agora.xtec.cat\/iesalella\/wp-json\/wp\/v2\/posts\/1588\/revisions\/2629"}],"wp:featuredmedia":[{"embeddable":true,"href":"https:\/\/agora.xtec.cat\/iesalella\/wp-json\/wp\/v2\/media\/2253"}],"wp:attachment":[{"href":"https:\/\/agora.xtec.cat\/iesalella\/wp-json\/wp\/v2\/media?parent=1588"}],"wp:term":[{"taxonomy":"category","embeddable":true,"href":"https:\/\/agora.xtec.cat\/iesalella\/wp-json\/wp\/v2\/categories?post=1588"},{"taxonomy":"post_tag","embeddable":true,"href":"https:\/\/agora.xtec.cat\/iesalella\/wp-json\/wp\/v2\/tags?post=1588"}],"curies":[{"name":"wp","href":"https:\/\/api.w.org\/{rel}","templated":true}]}}