{"id":7756,"date":"2025-11-27T19:21:28","date_gmt":"2025-11-27T18:21:28","guid":{"rendered":"https:\/\/agora.xtec.cat\/iesalcarras\/?p=7756"},"modified":"2026-02-24T10:24:24","modified_gmt":"2026-02-24T09:24:24","slug":"mitologia-classica","status":"publish","type":"post","link":"https:\/\/agora.xtec.cat\/iesalcarras\/eso\/eso-4\/mitologia-classica\/","title":{"rendered":"Mitologia cl\u00e0ssica"},"content":{"rendered":"<p>A 4t d\u2019ESO a l\u2019optativa de Llat\u00ed, hem treballat la mitologia cl\u00e0ssica, que ens revela les arrels comunes i la rica her\u00e8ncia cultural d\u2019Europa.<\/p>\n<p>A partir d\u2019una recerca sobre les dotze divinitats principals, l\u2019alumnat ha el.laborat una s\u00e8rie de posters que hem compartit. Tots junts hem descobert el fascinant m\u00f3n dels d\u00e9us i deesses de l\u2019Ol\u00edmp!<a href=\"https:\/\/agora.xtec.cat\/iesalcarras\/wp-content\/uploads\/usu48\/2025\/11\/1000139252.png\"><img loading=\"lazy\" decoding=\"async\" class=\"alignleft wp-image-7757\" src=\"https:\/\/agora.xtec.cat\/iesalcarras\/wp-content\/uploads\/usu48\/2025\/11\/1000139252.png\" alt=\"\" width=\"501\" height=\"501\" srcset=\"https:\/\/agora.xtec.cat\/iesalcarras\/wp-content\/uploads\/usu48\/2025\/11\/1000139252.png 1080w, https:\/\/agora.xtec.cat\/iesalcarras\/wp-content\/uploads\/usu48\/2025\/11\/1000139252-300x300.png 300w, https:\/\/agora.xtec.cat\/iesalcarras\/wp-content\/uploads\/usu48\/2025\/11\/1000139252-1024x1024.png 1024w, https:\/\/agora.xtec.cat\/iesalcarras\/wp-content\/uploads\/usu48\/2025\/11\/1000139252-150x150.png 150w, https:\/\/agora.xtec.cat\/iesalcarras\/wp-content\/uploads\/usu48\/2025\/11\/1000139252-768x768.png 768w\" sizes=\"auto, (max-width: 501px) 100vw, 501px\" \/><\/a><\/p>\n","protected":false},"excerpt":{"rendered":"<p>A 4t d\u2019ESO a l\u2019optativa de Llat\u00ed, hem treballat la mitologia cl\u00e0ssica, que ens revela les arrels comunes i la rica her\u00e8ncia cultural d\u2019Europa. A partir d\u2019una recerca sobre les dotze divinitats principals, l\u2019alumnat ha el.laborat una s\u00e8rie de posters que hem compartit. Tots junts hem descobert el fascinant m\u00f3n dels d\u00e9us i deesses de [&hellip;]<\/p>\n","protected":false},"author":1,"featured_media":0,"comment_status":"open","ping_status":"open","sticky":false,"template":"","format":"standard","meta":{"_bbp_topic_count":0,"_bbp_reply_count":0,"_bbp_total_topic_count":0,"_bbp_total_reply_count":0,"_bbp_voice_count":0,"_bbp_anonymous_reply_count":0,"_bbp_topic_count_hidden":0,"_bbp_reply_count_hidden":0,"_bbp_forum_subforum_count":0,"site-sidebar-layout":"default","site-content-layout":"","ast-site-content-layout":"","site-content-style":"default","site-sidebar-style":"default","ast-global-header-display":"","ast-banner-title-visibility":"","ast-main-header-display":"","ast-hfb-above-header-display":"","ast-hfb-below-header-display":"","ast-hfb-mobile-header-display":"","site-post-title":"","ast-breadcrumbs-content":"","ast-featured-img":"","footer-sml-layout":"","theme-transparent-header-meta":"","adv-header-id-meta":"","stick-header-meta":"","header-above-stick-meta":"","header-main-stick-meta":"","header-below-stick-meta":"","astra-migrate-meta-layouts":"default","ast-page-background-enabled":"default","ast-page-background-meta":{"desktop":{"background-color":"var(--ast-global-color-4)","background-image":"","background-repeat":"repeat","background-position":"center center","background-size":"auto","background-attachment":"scroll","background-type":"","background-media":"","overlay-type":"","overlay-color":"","overlay-opacity":"","overlay-gradient":""},"tablet":{"background-color":"","background-image":"","background-repeat":"repeat","background-position":"center center","background-size":"auto","background-attachment":"scroll","background-type":"","background-media":"","overlay-type":"","overlay-color":"","overlay-opacity":"","overlay-gradient":""},"mobile":{"background-color":"","background-image":"","background-repeat":"repeat","background-position":"center center","background-size":"auto","background-attachment":"scroll","background-type":"","background-media":"","overlay-type":"","overlay-color":"","overlay-opacity":"","overlay-gradient":""}},"ast-content-background-meta":{"desktop":{"background-color":"var(--ast-global-color-5)","background-image":"","background-repeat":"repeat","background-position":"center center","background-size":"auto","background-attachment":"scroll","background-type":"","background-media":"","overlay-type":"","overlay-color":"","overlay-opacity":"","overlay-gradient":""},"tablet":{"background-color":"var(--ast-global-color-5)","background-image":"","background-repeat":"repeat","background-position":"center center","background-size":"auto","background-attachment":"scroll","background-type":"","background-media":"","overlay-type":"","overlay-color":"","overlay-opacity":"","overlay-gradient":""},"mobile":{"background-color":"var(--ast-global-color-5)","background-image":"","background-repeat":"repeat","background-position":"center center","background-size":"auto","background-attachment":"scroll","background-type":"","background-media":"","overlay-type":"","overlay-color":"","overlay-opacity":"","overlay-gradient":""}},"footnotes":""},"categories":[196,7,29],"tags":[],"class_list":["post-7756","post","type-post","status-publish","format-standard","hentry","category-erasmus-accreditation","category-eso-4","category-portada"],"post_mailing_queue_ids":[],"_links":{"self":[{"href":"https:\/\/agora.xtec.cat\/iesalcarras\/wp-json\/wp\/v2\/posts\/7756","targetHints":{"allow":["GET"]}}],"collection":[{"href":"https:\/\/agora.xtec.cat\/iesalcarras\/wp-json\/wp\/v2\/posts"}],"about":[{"href":"https:\/\/agora.xtec.cat\/iesalcarras\/wp-json\/wp\/v2\/types\/post"}],"author":[{"embeddable":true,"href":"https:\/\/agora.xtec.cat\/iesalcarras\/wp-json\/wp\/v2\/users\/1"}],"replies":[{"embeddable":true,"href":"https:\/\/agora.xtec.cat\/iesalcarras\/wp-json\/wp\/v2\/comments?post=7756"}],"version-history":[{"count":1,"href":"https:\/\/agora.xtec.cat\/iesalcarras\/wp-json\/wp\/v2\/posts\/7756\/revisions"}],"predecessor-version":[{"id":7758,"href":"https:\/\/agora.xtec.cat\/iesalcarras\/wp-json\/wp\/v2\/posts\/7756\/revisions\/7758"}],"wp:attachment":[{"href":"https:\/\/agora.xtec.cat\/iesalcarras\/wp-json\/wp\/v2\/media?parent=7756"}],"wp:term":[{"taxonomy":"category","embeddable":true,"href":"https:\/\/agora.xtec.cat\/iesalcarras\/wp-json\/wp\/v2\/categories?post=7756"},{"taxonomy":"post_tag","embeddable":true,"href":"https:\/\/agora.xtec.cat\/iesalcarras\/wp-json\/wp\/v2\/tags?post=7756"}],"curies":[{"name":"wp","href":"https:\/\/api.w.org\/{rel}","templated":true}]}}