{"id":7310,"date":"2025-02-27T11:14:22","date_gmt":"2025-02-27T10:14:22","guid":{"rendered":"https:\/\/agora.xtec.cat\/iesalcarras\/?p=7310"},"modified":"2025-02-27T11:14:48","modified_gmt":"2025-02-27T10:14:48","slug":"bones-practiques-educatives","status":"publish","type":"post","link":"https:\/\/agora.xtec.cat\/iesalcarras\/portada\/bones-practiques-educatives\/","title":{"rendered":"Bones Pr\u00e0ctiques Educatives"},"content":{"rendered":"<p><a href=\"https:\/\/agora.xtec.cat\/iesalcarras\/wp-content\/uploads\/usu48\/2025\/02\/Screenshot_2025-02-27-06-38-40-799_com.instagram.android.jpg\"><img loading=\"lazy\" decoding=\"async\" class=\"alignleft wp-image-7311\" src=\"https:\/\/agora.xtec.cat\/iesalcarras\/wp-content\/uploads\/usu48\/2025\/02\/Screenshot_2025-02-27-06-38-40-799_com.instagram.android.jpg\" alt=\"\" width=\"485\" height=\"462\" srcset=\"https:\/\/agora.xtec.cat\/iesalcarras\/wp-content\/uploads\/usu48\/2025\/02\/Screenshot_2025-02-27-06-38-40-799_com.instagram.android.jpg 1080w, https:\/\/agora.xtec.cat\/iesalcarras\/wp-content\/uploads\/usu48\/2025\/02\/Screenshot_2025-02-27-06-38-40-799_com.instagram.android-300x286.jpg 300w, https:\/\/agora.xtec.cat\/iesalcarras\/wp-content\/uploads\/usu48\/2025\/02\/Screenshot_2025-02-27-06-38-40-799_com.instagram.android-1024x975.jpg 1024w, https:\/\/agora.xtec.cat\/iesalcarras\/wp-content\/uploads\/usu48\/2025\/02\/Screenshot_2025-02-27-06-38-40-799_com.instagram.android-768x731.jpg 768w\" sizes=\"auto, (max-width: 485px) 100vw, 485px\" \/><\/a><\/p>\n<p>&nbsp;<\/p>\n<p>Des de la figura de les COCOBE i el Departament d\u2019Orientaci\u00f3 hem assistit a la III JORNADA DE BONES PR\u00c0CTIQUES EN EQUITAT EDUCATIVA compartint amb diferents professionals d\u2019escoles, instituts i entitats del territori, accions i recursos per poder aplicar i millorar la nostra pr\u00e0ctica educativa. L&#8217;equitat \u00e9s un dels compromisos Erasmus+. Ha estat un mat\u00ed en qu\u00e8 hem pogut con\u00e8ixer i aprendre dels nostres companys i companyes!<\/p>\n","protected":false},"excerpt":{"rendered":"<p>&nbsp; Des de la figura de les COCOBE i el Departament d\u2019Orientaci\u00f3 hem assistit a la III JORNADA DE BONES PR\u00c0CTIQUES EN EQUITAT EDUCATIVA compartint amb diferents professionals d\u2019escoles, instituts i entitats del territori, accions i recursos per poder aplicar i millorar la nostra pr\u00e0ctica educativa. L&#8217;equitat \u00e9s un dels compromisos Erasmus+. Ha estat un [&hellip;]<\/p>\n","protected":false},"author":1,"featured_media":0,"comment_status":"open","ping_status":"closed","sticky":false,"template":"","format":"standard","meta":{"_bbp_topic_count":0,"_bbp_reply_count":0,"_bbp_total_topic_count":0,"_bbp_total_reply_count":0,"_bbp_voice_count":0,"_bbp_anonymous_reply_count":0,"_bbp_topic_count_hidden":0,"_bbp_reply_count_hidden":0,"_bbp_forum_subforum_count":0,"site-sidebar-layout":"default","site-content-layout":"","ast-site-content-layout":"","site-content-style":"default","site-sidebar-style":"default","ast-global-header-display":"","ast-banner-title-visibility":"","ast-main-header-display":"","ast-hfb-above-header-display":"","ast-hfb-below-header-display":"","ast-hfb-mobile-header-display":"","site-post-title":"","ast-breadcrumbs-content":"","ast-featured-img":"","footer-sml-layout":"","theme-transparent-header-meta":"","adv-header-id-meta":"","stick-header-meta":"","header-above-stick-meta":"","header-main-stick-meta":"","header-below-stick-meta":"","astra-migrate-meta-layouts":"default","ast-page-background-enabled":"default","ast-page-background-meta":{"desktop":{"background-color":"var(--ast-global-color-4)","background-image":"","background-repeat":"repeat","background-position":"center center","background-size":"auto","background-attachment":"scroll","background-type":"","background-media":"","overlay-type":"","overlay-color":"","overlay-opacity":"","overlay-gradient":""},"tablet":{"background-color":"","background-image":"","background-repeat":"repeat","background-position":"center center","background-size":"auto","background-attachment":"scroll","background-type":"","background-media":"","overlay-type":"","overlay-color":"","overlay-opacity":"","overlay-gradient":""},"mobile":{"background-color":"","background-image":"","background-repeat":"repeat","background-position":"center center","background-size":"auto","background-attachment":"scroll","background-type":"","background-media":"","overlay-type":"","overlay-color":"","overlay-opacity":"","overlay-gradient":""}},"ast-content-background-meta":{"desktop":{"background-color":"var(--ast-global-color-5)","background-image":"","background-repeat":"repeat","background-position":"center center","background-size":"auto","background-attachment":"scroll","background-type":"","background-media":"","overlay-type":"","overlay-color":"","overlay-opacity":"","overlay-gradient":""},"tablet":{"background-color":"var(--ast-global-color-5)","background-image":"","background-repeat":"repeat","background-position":"center center","background-size":"auto","background-attachment":"scroll","background-type":"","background-media":"","overlay-type":"","overlay-color":"","overlay-opacity":"","overlay-gradient":""},"mobile":{"background-color":"var(--ast-global-color-5)","background-image":"","background-repeat":"repeat","background-position":"center center","background-size":"auto","background-attachment":"scroll","background-type":"","background-media":"","overlay-type":"","overlay-color":"","overlay-opacity":"","overlay-gradient":""}},"footnotes":""},"categories":[29],"tags":[155],"class_list":["post-7310","post","type-post","status-publish","format-standard","hentry","category-portada","tag-convivencia"],"post_mailing_queue_ids":[],"_links":{"self":[{"href":"https:\/\/agora.xtec.cat\/iesalcarras\/wp-json\/wp\/v2\/posts\/7310","targetHints":{"allow":["GET"]}}],"collection":[{"href":"https:\/\/agora.xtec.cat\/iesalcarras\/wp-json\/wp\/v2\/posts"}],"about":[{"href":"https:\/\/agora.xtec.cat\/iesalcarras\/wp-json\/wp\/v2\/types\/post"}],"author":[{"embeddable":true,"href":"https:\/\/agora.xtec.cat\/iesalcarras\/wp-json\/wp\/v2\/users\/1"}],"replies":[{"embeddable":true,"href":"https:\/\/agora.xtec.cat\/iesalcarras\/wp-json\/wp\/v2\/comments?post=7310"}],"version-history":[{"count":2,"href":"https:\/\/agora.xtec.cat\/iesalcarras\/wp-json\/wp\/v2\/posts\/7310\/revisions"}],"predecessor-version":[{"id":7313,"href":"https:\/\/agora.xtec.cat\/iesalcarras\/wp-json\/wp\/v2\/posts\/7310\/revisions\/7313"}],"wp:attachment":[{"href":"https:\/\/agora.xtec.cat\/iesalcarras\/wp-json\/wp\/v2\/media?parent=7310"}],"wp:term":[{"taxonomy":"category","embeddable":true,"href":"https:\/\/agora.xtec.cat\/iesalcarras\/wp-json\/wp\/v2\/categories?post=7310"},{"taxonomy":"post_tag","embeddable":true,"href":"https:\/\/agora.xtec.cat\/iesalcarras\/wp-json\/wp\/v2\/tags?post=7310"}],"curies":[{"name":"wp","href":"https:\/\/api.w.org\/{rel}","templated":true}]}}