{"id":7307,"date":"2025-02-27T11:11:10","date_gmt":"2025-02-27T10:11:10","guid":{"rendered":"https:\/\/agora.xtec.cat\/iesalcarras\/?p=7307"},"modified":"2025-02-27T11:15:02","modified_gmt":"2025-02-27T10:15:02","slug":"visita-projecte-faulkes","status":"publish","type":"post","link":"https:\/\/agora.xtec.cat\/iesalcarras\/portada\/visita-projecte-faulkes\/","title":{"rendered":"Visita Projecte Faulkes"},"content":{"rendered":"<p><a href=\"https:\/\/agora.xtec.cat\/iesalcarras\/wp-content\/uploads\/usu48\/2025\/02\/Screenshot_2025-02-27-06-38-02-306_com.instagram.android.jpg\"><img loading=\"lazy\" decoding=\"async\" class=\"alignleft wp-image-7308\" src=\"https:\/\/agora.xtec.cat\/iesalcarras\/wp-content\/uploads\/usu48\/2025\/02\/Screenshot_2025-02-27-06-38-02-306_com.instagram.android.jpg\" alt=\"\" width=\"394\" height=\"386\" srcset=\"https:\/\/agora.xtec.cat\/iesalcarras\/wp-content\/uploads\/usu48\/2025\/02\/Screenshot_2025-02-27-06-38-02-306_com.instagram.android.jpg 516w, https:\/\/agora.xtec.cat\/iesalcarras\/wp-content\/uploads\/usu48\/2025\/02\/Screenshot_2025-02-27-06-38-02-306_com.instagram.android-300x294.jpg 300w\" sizes=\"auto, (max-width: 394px) 100vw, 394px\" \/><\/a><\/p>\n<p>&nbsp;<\/p>\n<p>Aquests dies hem rebut la visita de la Mirjana, professora de Cro\u00e0cia implicada activament en el projecte internacional Faulkes Telescope, en el que el nostre centre tamb\u00e9 participa.<br \/>\nEl nostre company Jos\u00e9 Manuel P\u00e9rez, Coordinador del Grup d&#8217;Astronomia, la Laura Puyuelo i l&#8217;alumnat participant li han donat a con\u00e8ixer el nostre observatori i el funcionament de G.A.I.A. Tamb\u00e9 ha tingut l&#8217;oportunitat de reunir-se amb les coordinadores Erasmus i valorar futures cooperacions sota el paraigua de l&#8217;Acreditaci\u00f3 Erasmus+.<\/p>\n","protected":false},"excerpt":{"rendered":"<p>&nbsp; Aquests dies hem rebut la visita de la Mirjana, professora de Cro\u00e0cia implicada activament en el projecte internacional Faulkes Telescope, en el que el nostre centre tamb\u00e9 participa. El nostre company Jos\u00e9 Manuel P\u00e9rez, Coordinador del Grup d&#8217;Astronomia, la Laura Puyuelo i l&#8217;alumnat participant li han donat a con\u00e8ixer el nostre observatori i el [&hellip;]<\/p>\n","protected":false},"author":1,"featured_media":0,"comment_status":"open","ping_status":"closed","sticky":false,"template":"","format":"standard","meta":{"_bbp_topic_count":0,"_bbp_reply_count":0,"_bbp_total_topic_count":0,"_bbp_total_reply_count":0,"_bbp_voice_count":0,"_bbp_anonymous_reply_count":0,"_bbp_topic_count_hidden":0,"_bbp_reply_count_hidden":0,"_bbp_forum_subforum_count":0,"site-sidebar-layout":"default","site-content-layout":"","ast-site-content-layout":"","site-content-style":"default","site-sidebar-style":"default","ast-global-header-display":"","ast-banner-title-visibility":"","ast-main-header-display":"","ast-hfb-above-header-display":"","ast-hfb-below-header-display":"","ast-hfb-mobile-header-display":"","site-post-title":"","ast-breadcrumbs-content":"","ast-featured-img":"","footer-sml-layout":"","theme-transparent-header-meta":"","adv-header-id-meta":"","stick-header-meta":"","header-above-stick-meta":"","header-main-stick-meta":"","header-below-stick-meta":"","astra-migrate-meta-layouts":"default","ast-page-background-enabled":"default","ast-page-background-meta":{"desktop":{"background-color":"var(--ast-global-color-4)","background-image":"","background-repeat":"repeat","background-position":"center center","background-size":"auto","background-attachment":"scroll","background-type":"","background-media":"","overlay-type":"","overlay-color":"","overlay-opacity":"","overlay-gradient":""},"tablet":{"background-color":"","background-image":"","background-repeat":"repeat","background-position":"center center","background-size":"auto","background-attachment":"scroll","background-type":"","background-media":"","overlay-type":"","overlay-color":"","overlay-opacity":"","overlay-gradient":""},"mobile":{"background-color":"","background-image":"","background-repeat":"repeat","background-position":"center center","background-size":"auto","background-attachment":"scroll","background-type":"","background-media":"","overlay-type":"","overlay-color":"","overlay-opacity":"","overlay-gradient":""}},"ast-content-background-meta":{"desktop":{"background-color":"var(--ast-global-color-5)","background-image":"","background-repeat":"repeat","background-position":"center center","background-size":"auto","background-attachment":"scroll","background-type":"","background-media":"","overlay-type":"","overlay-color":"","overlay-opacity":"","overlay-gradient":""},"tablet":{"background-color":"var(--ast-global-color-5)","background-image":"","background-repeat":"repeat","background-position":"center center","background-size":"auto","background-attachment":"scroll","background-type":"","background-media":"","overlay-type":"","overlay-color":"","overlay-opacity":"","overlay-gradient":""},"mobile":{"background-color":"var(--ast-global-color-5)","background-image":"","background-repeat":"repeat","background-position":"center center","background-size":"auto","background-attachment":"scroll","background-type":"","background-media":"","overlay-type":"","overlay-color":"","overlay-opacity":"","overlay-gradient":""}},"footnotes":""},"categories":[29],"tags":[96],"class_list":["post-7307","post","type-post","status-publish","format-standard","hentry","category-portada","tag-astronomia"],"post_mailing_queue_ids":[],"_links":{"self":[{"href":"https:\/\/agora.xtec.cat\/iesalcarras\/wp-json\/wp\/v2\/posts\/7307","targetHints":{"allow":["GET"]}}],"collection":[{"href":"https:\/\/agora.xtec.cat\/iesalcarras\/wp-json\/wp\/v2\/posts"}],"about":[{"href":"https:\/\/agora.xtec.cat\/iesalcarras\/wp-json\/wp\/v2\/types\/post"}],"author":[{"embeddable":true,"href":"https:\/\/agora.xtec.cat\/iesalcarras\/wp-json\/wp\/v2\/users\/1"}],"replies":[{"embeddable":true,"href":"https:\/\/agora.xtec.cat\/iesalcarras\/wp-json\/wp\/v2\/comments?post=7307"}],"version-history":[{"count":2,"href":"https:\/\/agora.xtec.cat\/iesalcarras\/wp-json\/wp\/v2\/posts\/7307\/revisions"}],"predecessor-version":[{"id":7314,"href":"https:\/\/agora.xtec.cat\/iesalcarras\/wp-json\/wp\/v2\/posts\/7307\/revisions\/7314"}],"wp:attachment":[{"href":"https:\/\/agora.xtec.cat\/iesalcarras\/wp-json\/wp\/v2\/media?parent=7307"}],"wp:term":[{"taxonomy":"category","embeddable":true,"href":"https:\/\/agora.xtec.cat\/iesalcarras\/wp-json\/wp\/v2\/categories?post=7307"},{"taxonomy":"post_tag","embeddable":true,"href":"https:\/\/agora.xtec.cat\/iesalcarras\/wp-json\/wp\/v2\/tags?post=7307"}],"curies":[{"name":"wp","href":"https:\/\/api.w.org\/{rel}","templated":true}]}}