{"id":3979,"date":"2020-02-18T12:18:17","date_gmt":"2020-02-18T11:18:17","guid":{"rendered":"https:\/\/agora.xtec.cat\/iesalcarras\/?p=3979"},"modified":"2020-02-19T09:57:33","modified_gmt":"2020-02-19T08:57:33","slug":"dracula-te-instagram","status":"publish","type":"post","link":"https:\/\/agora.xtec.cat\/iesalcarras\/portada\/dracula-te-instagram\/","title":{"rendered":"Dr\u00e0cula t\u00e9 Instagram"},"content":{"rendered":"<p>Alguns alumnes de primer d&#8217;ESO han llegit <em>Dr\u00e1cula<\/em> de Bram Stoker en llengua castellana. Si voleu recordar la seva hist\u00f2ria, podeu visitar l&#8217;Instagram que hem creat en grups: dracula_primero.<\/p>\n<p><a href=\"https:\/\/agora.xtec.cat\/iesalcarras\/wp-content\/uploads\/usu48\/2020\/02\/1.jpg\"><img loading=\"lazy\" decoding=\"async\" class=\"alignnone size-full wp-image-3982\" src=\"https:\/\/agora.xtec.cat\/iesalcarras\/wp-content\/uploads\/usu48\/2020\/02\/1.jpg\" alt=\"\" width=\"1023\" height=\"840\" srcset=\"https:\/\/agora.xtec.cat\/iesalcarras\/wp-content\/uploads\/usu48\/2020\/02\/1.jpg 1023w, https:\/\/agora.xtec.cat\/iesalcarras\/wp-content\/uploads\/usu48\/2020\/02\/1-300x246.jpg 300w, https:\/\/agora.xtec.cat\/iesalcarras\/wp-content\/uploads\/usu48\/2020\/02\/1-768x631.jpg 768w\" sizes=\"auto, (max-width: 1023px) 100vw, 1023px\" \/><\/a><a href=\"https:\/\/agora.xtec.cat\/iesalcarras\/wp-content\/uploads\/usu48\/2020\/02\/2.jpg\"><img loading=\"lazy\" decoding=\"async\" class=\"alignnone size-full wp-image-3983\" src=\"https:\/\/agora.xtec.cat\/iesalcarras\/wp-content\/uploads\/usu48\/2020\/02\/2.jpg\" alt=\"\" width=\"965\" height=\"787\" srcset=\"https:\/\/agora.xtec.cat\/iesalcarras\/wp-content\/uploads\/usu48\/2020\/02\/2.jpg 965w, https:\/\/agora.xtec.cat\/iesalcarras\/wp-content\/uploads\/usu48\/2020\/02\/2-300x245.jpg 300w, https:\/\/agora.xtec.cat\/iesalcarras\/wp-content\/uploads\/usu48\/2020\/02\/2-768x626.jpg 768w\" sizes=\"auto, (max-width: 965px) 100vw, 965px\" \/><\/a> <a href=\"https:\/\/agora.xtec.cat\/iesalcarras\/wp-content\/uploads\/usu48\/2020\/02\/3.jpg\"><img loading=\"lazy\" decoding=\"async\" class=\"alignnone size-large wp-image-3984\" src=\"https:\/\/agora.xtec.cat\/iesalcarras\/wp-content\/uploads\/usu48\/2020\/02\/3.jpg\" alt=\"\" width=\"950\" height=\"781\" \/><\/a><\/p>\n","protected":false},"excerpt":{"rendered":"<p>Alguns alumnes de primer d&#8217;ESO han llegit Dr\u00e1cula de Bram Stoker en llengua castellana. Si voleu recordar la seva hist\u00f2ria, podeu visitar l&#8217;Instagram que hem creat en grups: dracula_primero.<\/p>\n","protected":false},"author":4,"featured_media":3984,"comment_status":"open","ping_status":"closed","sticky":false,"template":"","format":"standard","meta":{"_bbp_topic_count":0,"_bbp_reply_count":0,"_bbp_total_topic_count":0,"_bbp_total_reply_count":0,"_bbp_voice_count":0,"_bbp_anonymous_reply_count":0,"_bbp_topic_count_hidden":0,"_bbp_reply_count_hidden":0,"_bbp_forum_subforum_count":0,"site-sidebar-layout":"default","site-content-layout":"","ast-site-content-layout":"","site-content-style":"default","site-sidebar-style":"default","ast-global-header-display":"","ast-banner-title-visibility":"","ast-main-header-display":"","ast-hfb-above-header-display":"","ast-hfb-below-header-display":"","ast-hfb-mobile-header-display":"","site-post-title":"","ast-breadcrumbs-content":"","ast-featured-img":"","footer-sml-layout":"","theme-transparent-header-meta":"","adv-header-id-meta":"","stick-header-meta":"","header-above-stick-meta":"","header-main-stick-meta":"","header-below-stick-meta":"","astra-migrate-meta-layouts":"default","ast-page-background-enabled":"default","ast-page-background-meta":{"desktop":{"background-color":"var(--ast-global-color-4)","background-image":"","background-repeat":"repeat","background-position":"center center","background-size":"auto","background-attachment":"scroll","background-type":"","background-media":"","overlay-type":"","overlay-color":"","overlay-opacity":"","overlay-gradient":""},"tablet":{"background-color":"","background-image":"","background-repeat":"repeat","background-position":"center center","background-size":"auto","background-attachment":"scroll","background-type":"","background-media":"","overlay-type":"","overlay-color":"","overlay-opacity":"","overlay-gradient":""},"mobile":{"background-color":"","background-image":"","background-repeat":"repeat","background-position":"center center","background-size":"auto","background-attachment":"scroll","background-type":"","background-media":"","overlay-type":"","overlay-color":"","overlay-opacity":"","overlay-gradient":""}},"ast-content-background-meta":{"desktop":{"background-color":"var(--ast-global-color-5)","background-image":"","background-repeat":"repeat","background-position":"center center","background-size":"auto","background-attachment":"scroll","background-type":"","background-media":"","overlay-type":"","overlay-color":"","overlay-opacity":"","overlay-gradient":""},"tablet":{"background-color":"var(--ast-global-color-5)","background-image":"","background-repeat":"repeat","background-position":"center center","background-size":"auto","background-attachment":"scroll","background-type":"","background-media":"","overlay-type":"","overlay-color":"","overlay-opacity":"","overlay-gradient":""},"mobile":{"background-color":"var(--ast-global-color-5)","background-image":"","background-repeat":"repeat","background-position":"center center","background-size":"auto","background-attachment":"scroll","background-type":"","background-media":"","overlay-type":"","overlay-color":"","overlay-opacity":"","overlay-gradient":""}},"footnotes":""},"categories":[91,29],"tags":[103],"class_list":["post-3979","post","type-post","status-publish","format-standard","has-post-thumbnail","hentry","category-ilec","category-portada","tag-ilec"],"post_mailing_queue_ids":[],"_links":{"self":[{"href":"https:\/\/agora.xtec.cat\/iesalcarras\/wp-json\/wp\/v2\/posts\/3979","targetHints":{"allow":["GET"]}}],"collection":[{"href":"https:\/\/agora.xtec.cat\/iesalcarras\/wp-json\/wp\/v2\/posts"}],"about":[{"href":"https:\/\/agora.xtec.cat\/iesalcarras\/wp-json\/wp\/v2\/types\/post"}],"author":[{"embeddable":true,"href":"https:\/\/agora.xtec.cat\/iesalcarras\/wp-json\/wp\/v2\/users\/4"}],"replies":[{"embeddable":true,"href":"https:\/\/agora.xtec.cat\/iesalcarras\/wp-json\/wp\/v2\/comments?post=3979"}],"version-history":[{"count":1,"href":"https:\/\/agora.xtec.cat\/iesalcarras\/wp-json\/wp\/v2\/posts\/3979\/revisions"}],"predecessor-version":[{"id":3985,"href":"https:\/\/agora.xtec.cat\/iesalcarras\/wp-json\/wp\/v2\/posts\/3979\/revisions\/3985"}],"wp:featuredmedia":[{"embeddable":true,"href":"https:\/\/agora.xtec.cat\/iesalcarras\/wp-json\/wp\/v2\/media\/3984"}],"wp:attachment":[{"href":"https:\/\/agora.xtec.cat\/iesalcarras\/wp-json\/wp\/v2\/media?parent=3979"}],"wp:term":[{"taxonomy":"category","embeddable":true,"href":"https:\/\/agora.xtec.cat\/iesalcarras\/wp-json\/wp\/v2\/categories?post=3979"},{"taxonomy":"post_tag","embeddable":true,"href":"https:\/\/agora.xtec.cat\/iesalcarras\/wp-json\/wp\/v2\/tags?post=3979"}],"curies":[{"name":"wp","href":"https:\/\/api.w.org\/{rel}","templated":true}]}}