{"id":21343,"date":"2025-05-13T16:35:12","date_gmt":"2025-05-13T14:35:12","guid":{"rendered":"https:\/\/agora.xtec.cat\/iesalaibadrinas\/?p=21343"},"modified":"2025-05-13T16:35:24","modified_gmt":"2025-05-13T14:35:24","slug":"sortida-a-lexposicio-de-joan-brossa-a-lafact","status":"publish","type":"post","link":"https:\/\/agora.xtec.cat\/iesalaibadrinas\/comunitat-de-joves\/2n-eso\/sortida-a-lexposicio-de-joan-brossa-a-lafact\/","title":{"rendered":"Sortida a l&#8217;exposici\u00f3 de Joan Brossa a LaFact"},"content":{"rendered":"<p>El passat dijous, l&#8217;alumnat de 1r d&#8217;ESO vam anar a visitar l&#8217;exposici\u00f3 que actualment hi ha a LaFact sobre l&#8217;obra de Joan Brossa. All\u00e0 vam fer una visita guiada i despr\u00e9s una activitat on cadasc\u00fa va crear un cal.ligrama a partir d&#8217;una lletra. Ens va semblar d&#8217;all\u00f2 m\u00e9s interessant i vam tenir l&#8217;oportunitat de posar en pr\u00e0ctica el que vam aprendre. A classe continuarem treballant la poesia visual i l&#8217;\u00fas d&#8217;imatges i text com a forma <a href=\"https:\/\/agora.xtec.cat\/iesalaibadrinas\/wp-content\/uploads\/usu2635\/2025\/05\/Sortida-LaFact.jpg\"><img loading=\"lazy\" decoding=\"async\" class=\"alignnone size-large wp-image-21344\" src=\"https:\/\/agora.xtec.cat\/iesalaibadrinas\/wp-content\/uploads\/usu2635\/2025\/05\/Sortida-LaFact-1024x819.jpg\" alt=\"\" width=\"1024\" height=\"819\" srcset=\"https:\/\/agora.xtec.cat\/iesalaibadrinas\/wp-content\/uploads\/usu2635\/2025\/05\/Sortida-LaFact-1024x819.jpg 1024w, https:\/\/agora.xtec.cat\/iesalaibadrinas\/wp-content\/uploads\/usu2635\/2025\/05\/Sortida-LaFact-300x240.jpg 300w, https:\/\/agora.xtec.cat\/iesalaibadrinas\/wp-content\/uploads\/usu2635\/2025\/05\/Sortida-LaFact-768x614.jpg 768w, https:\/\/agora.xtec.cat\/iesalaibadrinas\/wp-content\/uploads\/usu2635\/2025\/05\/Sortida-LaFact-1536x1229.jpg 1536w, https:\/\/agora.xtec.cat\/iesalaibadrinas\/wp-content\/uploads\/usu2635\/2025\/05\/Sortida-LaFact.jpg 2000w\" sizes=\"auto, (max-width: 1024px) 100vw, 1024px\" \/><\/a>d&#8217;expressi\u00f3 art\u00edstica!<\/p>\n","protected":false},"excerpt":{"rendered":"<p>El passat dijous, l&#8217;alumnat de 1r d&#8217;ESO vam anar a visitar l&#8217;exposici\u00f3 que actualment hi ha a LaFact sobre l&#8217;obra de Joan Brossa. All\u00e0 vam fer una visita guiada i despr\u00e9s una activitat on cadasc\u00fa va crear un cal.ligrama a partir d&#8217;una lletra. Ens va&hellip;  <a href=\"https:\/\/agora.xtec.cat\/iesalaibadrinas\/comunitat-de-joves\/2n-eso\/sortida-a-lexposicio-de-joan-brossa-a-lafact\/\" title=\"Read Sortida a l&#8217;exposici\u00f3 de Joan Brossa a LaFact\">Llegeix m\u00e9s\u00bb<\/a><\/p>\n","protected":false},"author":83,"featured_media":0,"comment_status":"open","ping_status":"closed","sticky":false,"template":"","format":"standard","meta":{"_bbp_topic_count":0,"_bbp_reply_count":0,"_bbp_total_topic_count":0,"_bbp_total_reply_count":0,"_bbp_voice_count":0,"_bbp_anonymous_reply_count":0,"_bbp_topic_count_hidden":0,"_bbp_reply_count_hidden":0,"_bbp_forum_subforum_count":0,"footnotes":""},"categories":[13],"tags":[],"class_list":["post-21343","post","type-post","status-publish","format-standard","hentry","category-2n-eso"],"post_mailing_queue_ids":[],"_links":{"self":[{"href":"https:\/\/agora.xtec.cat\/iesalaibadrinas\/wp-json\/wp\/v2\/posts\/21343","targetHints":{"allow":["GET"]}}],"collection":[{"href":"https:\/\/agora.xtec.cat\/iesalaibadrinas\/wp-json\/wp\/v2\/posts"}],"about":[{"href":"https:\/\/agora.xtec.cat\/iesalaibadrinas\/wp-json\/wp\/v2\/types\/post"}],"author":[{"embeddable":true,"href":"https:\/\/agora.xtec.cat\/iesalaibadrinas\/wp-json\/wp\/v2\/users\/83"}],"replies":[{"embeddable":true,"href":"https:\/\/agora.xtec.cat\/iesalaibadrinas\/wp-json\/wp\/v2\/comments?post=21343"}],"version-history":[{"count":1,"href":"https:\/\/agora.xtec.cat\/iesalaibadrinas\/wp-json\/wp\/v2\/posts\/21343\/revisions"}],"predecessor-version":[{"id":21345,"href":"https:\/\/agora.xtec.cat\/iesalaibadrinas\/wp-json\/wp\/v2\/posts\/21343\/revisions\/21345"}],"wp:attachment":[{"href":"https:\/\/agora.xtec.cat\/iesalaibadrinas\/wp-json\/wp\/v2\/media?parent=21343"}],"wp:term":[{"taxonomy":"category","embeddable":true,"href":"https:\/\/agora.xtec.cat\/iesalaibadrinas\/wp-json\/wp\/v2\/categories?post=21343"},{"taxonomy":"post_tag","embeddable":true,"href":"https:\/\/agora.xtec.cat\/iesalaibadrinas\/wp-json\/wp\/v2\/tags?post=21343"}],"curies":[{"name":"wp","href":"https:\/\/api.w.org\/{rel}","templated":true}]}}