{"id":18141,"date":"2023-01-11T14:24:38","date_gmt":"2023-01-11T13:24:38","guid":{"rendered":"https:\/\/agora.xtec.cat\/iesalaibadrinas\/?p=18141"},"modified":"2023-02-19T00:28:33","modified_gmt":"2023-02-18T23:28:33","slug":"arbre-de-nadal-1r-deso","status":"publish","type":"post","link":"https:\/\/agora.xtec.cat\/iesalaibadrinas\/comunitat-de-joves\/4t-eso\/arbre-de-nadal-1r-deso\/","title":{"rendered":"Arbre de Nadal 1r d&#8217;ESO"},"content":{"rendered":"<p style=\"text-align: justify;\">A projecte verd, l&#8217;alumnat de primer d&#8217;ESO va construir un arbre de Nadal fet amb llistons de fusta. Amb aquesta construcci\u00f3 es van treballar les normes de l&#8217;aula de tecnoci\u00e8ncies i les caracter\u00edstiques m\u00e9s importants de la fusta.<\/p>\n<p style=\"text-align: justify;\">Esperem que us hagi agradat i l&#8217;h\u00e0giu pogut gaudir aquestes festes!<\/p>\n<p><a href=\"https:\/\/agora.xtec.cat\/iesalaibadrinas\/wp-content\/uploads\/usu2635\/2023\/01\/collage-1.png\"><img loading=\"lazy\" decoding=\"async\" class=\"aligncenter size-full wp-image-18600\" src=\"https:\/\/agora.xtec.cat\/iesalaibadrinas\/wp-content\/uploads\/usu2635\/2023\/01\/collage-1.png\" alt=\"\" width=\"768\" height=\"768\" srcset=\"https:\/\/agora.xtec.cat\/iesalaibadrinas\/wp-content\/uploads\/usu2635\/2023\/01\/collage-1.png 768w, https:\/\/agora.xtec.cat\/iesalaibadrinas\/wp-content\/uploads\/usu2635\/2023\/01\/collage-1-300x300.png 300w, https:\/\/agora.xtec.cat\/iesalaibadrinas\/wp-content\/uploads\/usu2635\/2023\/01\/collage-1-150x150.png 150w\" sizes=\"auto, (max-width: 768px) 100vw, 768px\" \/><\/a><\/p>\n","protected":false},"excerpt":{"rendered":"<p>A projecte verd, l&#8217;alumnat de primer d&#8217;ESO va construir un arbre de Nadal fet amb llistons de fusta. Amb aquesta construcci\u00f3 es van treballar les normes de l&#8217;aula de tecnoci\u00e8ncies i les caracter\u00edstiques m\u00e9s importants de la fusta.<br \/>\nEsperem que us hagi agradat i l&#8217;h\u00e0giu pogut&hellip;  <a href=\"https:\/\/agora.xtec.cat\/iesalaibadrinas\/comunitat-de-joves\/4t-eso\/arbre-de-nadal-1r-deso\/\" title=\"Read Arbre de Nadal 1r d&#8217;ESO\">Llegeix m\u00e9s\u00bb<\/a><\/p>\n","protected":false},"author":64,"featured_media":0,"comment_status":"open","ping_status":"closed","sticky":false,"template":"","format":"standard","meta":{"_bbp_topic_count":0,"_bbp_reply_count":0,"_bbp_total_topic_count":0,"_bbp_total_reply_count":0,"_bbp_voice_count":0,"_bbp_anonymous_reply_count":0,"_bbp_topic_count_hidden":0,"_bbp_reply_count_hidden":0,"_bbp_forum_subforum_count":0,"footnotes":""},"categories":[15,60],"tags":[],"class_list":["post-18141","post","type-post","status-publish","format-standard","hentry","category-4t-eso","category-comunitat-de-joves"],"post_mailing_queue_ids":[],"_links":{"self":[{"href":"https:\/\/agora.xtec.cat\/iesalaibadrinas\/wp-json\/wp\/v2\/posts\/18141","targetHints":{"allow":["GET"]}}],"collection":[{"href":"https:\/\/agora.xtec.cat\/iesalaibadrinas\/wp-json\/wp\/v2\/posts"}],"about":[{"href":"https:\/\/agora.xtec.cat\/iesalaibadrinas\/wp-json\/wp\/v2\/types\/post"}],"author":[{"embeddable":true,"href":"https:\/\/agora.xtec.cat\/iesalaibadrinas\/wp-json\/wp\/v2\/users\/64"}],"replies":[{"embeddable":true,"href":"https:\/\/agora.xtec.cat\/iesalaibadrinas\/wp-json\/wp\/v2\/comments?post=18141"}],"version-history":[{"count":4,"href":"https:\/\/agora.xtec.cat\/iesalaibadrinas\/wp-json\/wp\/v2\/posts\/18141\/revisions"}],"predecessor-version":[{"id":18601,"href":"https:\/\/agora.xtec.cat\/iesalaibadrinas\/wp-json\/wp\/v2\/posts\/18141\/revisions\/18601"}],"wp:attachment":[{"href":"https:\/\/agora.xtec.cat\/iesalaibadrinas\/wp-json\/wp\/v2\/media?parent=18141"}],"wp:term":[{"taxonomy":"category","embeddable":true,"href":"https:\/\/agora.xtec.cat\/iesalaibadrinas\/wp-json\/wp\/v2\/categories?post=18141"},{"taxonomy":"post_tag","embeddable":true,"href":"https:\/\/agora.xtec.cat\/iesalaibadrinas\/wp-json\/wp\/v2\/tags?post=18141"}],"curies":[{"name":"wp","href":"https:\/\/api.w.org\/{rel}","templated":true}]}}