{"id":17922,"date":"2022-10-16T21:24:37","date_gmt":"2022-10-16T19:24:37","guid":{"rendered":"https:\/\/agora.xtec.cat\/iesalaibadrinas\/?p=17922"},"modified":"2023-02-18T23:42:53","modified_gmt":"2023-02-18T22:42:53","slug":"projectes-del-primer-trimestre","status":"publish","type":"post","link":"https:\/\/agora.xtec.cat\/iesalaibadrinas\/comunitat-de-joves\/4t-eso\/projectes-del-primer-trimestre\/","title":{"rendered":"Projectes del Primer Trimestre"},"content":{"rendered":"<p style=\"text-align: justify;\"><span style=\"font-weight: 400;\">Benvolgudes fam\u00edlies,<\/span><\/p>\n<p style=\"text-align: justify;\"><span style=\"font-weight: 400;\">El nou curs ja ha comen\u00e7at, i, per tant; engeguem de nous els projectes. Aquest curs iniciem nous projectes a 1r d\u2019ESO com per exemple Hi havia una vegada la Terra.<\/span><\/p>\n<p style=\"text-align: justify;\"><span style=\"font-weight: 400;\">En la presentaci\u00f3 que us vam fer arribar pel dinantia heu pogut veure la tem\u00e0tica del projecte, aix\u00ed com el repte final i els objectius.<\/span><\/p>\n<p style=\"text-align: justify;\"><span style=\"font-weight: 400;\">Esperem que aquesta informaci\u00f3 us ajudi a acompanyar els vostres fills\/es en el seu aprenentatge.\u00a0<\/span><\/p>\n<p style=\"text-align: justify;\"><span style=\"font-weight: 400;\">Moltes gr\u00e0cies.\u00a0<\/span><\/p>\n<p style=\"text-align: justify;\">\n<p style=\"text-align: justify;\"><i><span style=\"font-weight: 400;\">Equip docent comunitat de joves\u00a0<\/span><\/i><\/p>\n<p>&nbsp;<\/p>\n","protected":false},"excerpt":{"rendered":"<p>Benvolgudes fam\u00edlies,<br \/>\nEl nou curs ja ha comen\u00e7at, i, per tant; engeguem de nous els projectes. Aquest curs iniciem nous projectes a 1r d\u2019ESO com per exemple Hi havia una vegada la Terra.<br \/>\nEn la presentaci\u00f3 que us vam fer arribar pel dinantia heu pogut veure la&hellip;  <a href=\"https:\/\/agora.xtec.cat\/iesalaibadrinas\/comunitat-de-joves\/4t-eso\/projectes-del-primer-trimestre\/\" title=\"Read Projectes del Primer Trimestre\">Llegeix m\u00e9s\u00bb<\/a><\/p>\n","protected":false},"author":41,"featured_media":0,"comment_status":"closed","ping_status":"closed","sticky":false,"template":"","format":"standard","meta":{"_bbp_topic_count":0,"_bbp_reply_count":0,"_bbp_total_topic_count":0,"_bbp_total_reply_count":0,"_bbp_voice_count":0,"_bbp_anonymous_reply_count":0,"_bbp_topic_count_hidden":0,"_bbp_reply_count_hidden":0,"_bbp_forum_subforum_count":0,"footnotes":""},"categories":[15,60],"tags":[],"class_list":["post-17922","post","type-post","status-publish","format-standard","hentry","category-4t-eso","category-comunitat-de-joves"],"post_mailing_queue_ids":[],"_links":{"self":[{"href":"https:\/\/agora.xtec.cat\/iesalaibadrinas\/wp-json\/wp\/v2\/posts\/17922","targetHints":{"allow":["GET"]}}],"collection":[{"href":"https:\/\/agora.xtec.cat\/iesalaibadrinas\/wp-json\/wp\/v2\/posts"}],"about":[{"href":"https:\/\/agora.xtec.cat\/iesalaibadrinas\/wp-json\/wp\/v2\/types\/post"}],"author":[{"embeddable":true,"href":"https:\/\/agora.xtec.cat\/iesalaibadrinas\/wp-json\/wp\/v2\/users\/41"}],"replies":[{"embeddable":true,"href":"https:\/\/agora.xtec.cat\/iesalaibadrinas\/wp-json\/wp\/v2\/comments?post=17922"}],"version-history":[{"count":2,"href":"https:\/\/agora.xtec.cat\/iesalaibadrinas\/wp-json\/wp\/v2\/posts\/17922\/revisions"}],"predecessor-version":[{"id":18539,"href":"https:\/\/agora.xtec.cat\/iesalaibadrinas\/wp-json\/wp\/v2\/posts\/17922\/revisions\/18539"}],"wp:attachment":[{"href":"https:\/\/agora.xtec.cat\/iesalaibadrinas\/wp-json\/wp\/v2\/media?parent=17922"}],"wp:term":[{"taxonomy":"category","embeddable":true,"href":"https:\/\/agora.xtec.cat\/iesalaibadrinas\/wp-json\/wp\/v2\/categories?post=17922"},{"taxonomy":"post_tag","embeddable":true,"href":"https:\/\/agora.xtec.cat\/iesalaibadrinas\/wp-json\/wp\/v2\/tags?post=17922"}],"curies":[{"name":"wp","href":"https:\/\/api.w.org\/{rel}","templated":true}]}}