{"id":17546,"date":"2022-05-11T15:12:50","date_gmt":"2022-05-11T13:12:50","guid":{"rendered":"https:\/\/agora.xtec.cat\/iesalaibadrinas\/?p=17546"},"modified":"2024-03-26T23:45:49","modified_gmt":"2024-03-26T22:45:49","slug":"jornada-tecnologica","status":"publish","type":"post","link":"https:\/\/agora.xtec.cat\/iesalaibadrinas\/comunitat-de-joves\/4t-eso\/jornada-tecnologica\/","title":{"rendered":"Jornada tecnol\u00f2gica"},"content":{"rendered":"<p style=\"text-align: justify;\">Dilluns vam tenir l&#8217;oportunitat de realitzar un taller de programaci\u00f3. Ens ho vam passar d&#8217;all\u00f2 m\u00e9s b\u00e9 aprenent amb les noves tecnologies!<\/p>\n<p><a href=\"https:\/\/agora.xtec.cat\/iesalaibadrinas\/wp-content\/uploads\/usu2635\/2022\/05\/WhatsApp-Image-2022-05-11-at-11.48.20-AM.jpeg\"><img loading=\"lazy\" decoding=\"async\" class=\"size-medium wp-image-17547 aligncenter\" src=\"https:\/\/agora.xtec.cat\/iesalaibadrinas\/wp-content\/uploads\/usu2635\/2022\/05\/WhatsApp-Image-2022-05-11-at-11.48.20-AM-300x300.jpeg\" alt=\"\" width=\"300\" height=\"300\" srcset=\"https:\/\/agora.xtec.cat\/iesalaibadrinas\/wp-content\/uploads\/usu2635\/2022\/05\/WhatsApp-Image-2022-05-11-at-11.48.20-AM-300x300.jpeg 300w, https:\/\/agora.xtec.cat\/iesalaibadrinas\/wp-content\/uploads\/usu2635\/2022\/05\/WhatsApp-Image-2022-05-11-at-11.48.20-AM-1024x1024.jpeg 1024w, https:\/\/agora.xtec.cat\/iesalaibadrinas\/wp-content\/uploads\/usu2635\/2022\/05\/WhatsApp-Image-2022-05-11-at-11.48.20-AM-150x150.jpeg 150w, https:\/\/agora.xtec.cat\/iesalaibadrinas\/wp-content\/uploads\/usu2635\/2022\/05\/WhatsApp-Image-2022-05-11-at-11.48.20-AM-768x768.jpeg 768w, https:\/\/agora.xtec.cat\/iesalaibadrinas\/wp-content\/uploads\/usu2635\/2022\/05\/WhatsApp-Image-2022-05-11-at-11.48.20-AM-1536x1536.jpeg 1536w, https:\/\/agora.xtec.cat\/iesalaibadrinas\/wp-content\/uploads\/usu2635\/2022\/05\/WhatsApp-Image-2022-05-11-at-11.48.20-AM.jpeg 2048w\" sizes=\"auto, (max-width: 300px) 100vw, 300px\" \/><\/a><\/p>\n","protected":false},"excerpt":{"rendered":"<p>Dilluns vam tenir l&#8217;oportunitat de realitzar un taller de programaci\u00f3. Ens ho vam passar d&#8217;all\u00f2 m\u00e9s b\u00e9 aprenent amb les noves tecnologies!<br \/>\n<a href=\"https:\/\/agora.xtec.cat\/iesalaibadrinas\/wp-content\/uploads\/usu2635\/2022\/05\/WhatsApp-Image-2022-05-11-at-11.48.20-AM.jpeg\"><\/a><\/p>\n","protected":false},"author":39,"featured_media":0,"comment_status":"open","ping_status":"closed","sticky":false,"template":"","format":"standard","meta":{"_bbp_topic_count":0,"_bbp_reply_count":0,"_bbp_total_topic_count":0,"_bbp_total_reply_count":0,"_bbp_voice_count":0,"_bbp_anonymous_reply_count":0,"_bbp_topic_count_hidden":0,"_bbp_reply_count_hidden":0,"_bbp_forum_subforum_count":0,"footnotes":""},"categories":[15,146],"tags":[],"class_list":["post-17546","post","type-post","status-publish","format-standard","hentry","category-4t-eso","category-comunitat-de-grans"],"post_mailing_queue_ids":[],"_links":{"self":[{"href":"https:\/\/agora.xtec.cat\/iesalaibadrinas\/wp-json\/wp\/v2\/posts\/17546","targetHints":{"allow":["GET"]}}],"collection":[{"href":"https:\/\/agora.xtec.cat\/iesalaibadrinas\/wp-json\/wp\/v2\/posts"}],"about":[{"href":"https:\/\/agora.xtec.cat\/iesalaibadrinas\/wp-json\/wp\/v2\/types\/post"}],"author":[{"embeddable":true,"href":"https:\/\/agora.xtec.cat\/iesalaibadrinas\/wp-json\/wp\/v2\/users\/39"}],"replies":[{"embeddable":true,"href":"https:\/\/agora.xtec.cat\/iesalaibadrinas\/wp-json\/wp\/v2\/comments?post=17546"}],"version-history":[{"count":3,"href":"https:\/\/agora.xtec.cat\/iesalaibadrinas\/wp-json\/wp\/v2\/posts\/17546\/revisions"}],"predecessor-version":[{"id":20139,"href":"https:\/\/agora.xtec.cat\/iesalaibadrinas\/wp-json\/wp\/v2\/posts\/17546\/revisions\/20139"}],"wp:attachment":[{"href":"https:\/\/agora.xtec.cat\/iesalaibadrinas\/wp-json\/wp\/v2\/media?parent=17546"}],"wp:term":[{"taxonomy":"category","embeddable":true,"href":"https:\/\/agora.xtec.cat\/iesalaibadrinas\/wp-json\/wp\/v2\/categories?post=17546"},{"taxonomy":"post_tag","embeddable":true,"href":"https:\/\/agora.xtec.cat\/iesalaibadrinas\/wp-json\/wp\/v2\/tags?post=17546"}],"curies":[{"name":"wp","href":"https:\/\/api.w.org\/{rel}","templated":true}]}}