{"id":418,"count":12,"description":"","link":"https:\/\/agora.xtec.cat\/iesagustiserra\/tag\/cicle-formatiu-dinstallacions-electriques-i-automatiques-de-grau-mitja\/","name":"Cicle formatiu d'instal\u00b7lacions el\u00e8ctriques i autom\u00e0tiques de grau mitj\u00e0","slug":"cicle-formatiu-dinstallacions-electriques-i-automatiques-de-grau-mitja","taxonomy":"post_tag","meta":[],"_links":{"self":[{"href":"https:\/\/agora.xtec.cat\/iesagustiserra\/wp-json\/wp\/v2\/tags\/418","targetHints":{"allow":["GET"]}}],"collection":[{"href":"https:\/\/agora.xtec.cat\/iesagustiserra\/wp-json\/wp\/v2\/tags"}],"about":[{"href":"https:\/\/agora.xtec.cat\/iesagustiserra\/wp-json\/wp\/v2\/taxonomies\/post_tag"}],"wp:post_type":[{"href":"https:\/\/agora.xtec.cat\/iesagustiserra\/wp-json\/wp\/v2\/posts?tags=418"}],"curies":[{"name":"wp","href":"https:\/\/api.w.org\/{rel}","templated":true}]}}