{"id":9797,"date":"2021-04-28T10:11:58","date_gmt":"2021-04-28T08:11:58","guid":{"rendered":"https:\/\/agora.xtec.cat\/iesagustiserra\/?p=9797"},"modified":"2021-04-28T20:15:32","modified_gmt":"2021-04-28T18:15:32","slug":"la-familia-dadministracio-i-gestio-es-dualitza","status":"publish","type":"post","link":"https:\/\/agora.xtec.cat\/iesagustiserra\/general\/la-familia-dadministracio-i-gestio-es-dualitza\/","title":{"rendered":"La fam\u00edlia d&#8217;Administraci\u00f3 i Gesti\u00f3 es dualitza!"},"content":{"rendered":"<p style=\"text-align: justify;\">Des de fa tres promocions el cicle de Grau Superior d\u2019Administraci\u00f3 i Finances ofereix la possibilitat de la formaci\u00f3 DUAL al seu alumnat per\u00f2, a partir del <strong>proper curs 2021-2022<\/strong>, tamb\u00e9 el <strong>cicle de Grau Mitj\u00e0 de Gesti\u00f3 Administrativa es dualitza<\/strong>!<\/p>\n<p style=\"text-align: justify;\">Els centres de Formaci\u00f3 Professional de la nostra ciutat, i en especial l\u2019Agust\u00ed Serra, estan fent una gran aposta per la promoci\u00f3 de l&#8217;FP DUAL com a opci\u00f3 per al nostre alumnat, que apr\u00e8n treballant a l\u2019empresa.<\/p>\n<p style=\"text-align: justify;\">Des del FSE (Fons Social Europeo) s\u2019est\u00e0 apostant per l&#8217;FP DUAL amb l\u2019objectiu de donar a con\u00e8ixer una Formaci\u00f3 Professional amb futur i el nostre Institut tamb\u00e9 va per aquesta via.<\/p>\n<p style=\"text-align: justify;\"><strong>El Departament Administratiu avan\u00e7a cap a l&#8217;FP Dual<\/strong>!<\/p>\n<p><a href=\"https:\/\/agora.xtec.cat\/iesagustiserra\/wp-content\/uploads\/usu1681\/2021\/04\/IMG_5932.jpg\"><img loading=\"lazy\" decoding=\"async\" class=\" wp-image-9798 aligncenter\" src=\"https:\/\/agora.xtec.cat\/iesagustiserra\/wp-content\/uploads\/usu1681\/2021\/04\/IMG_5932-1024x768.jpg\" alt=\"\" width=\"648\" height=\"486\" srcset=\"https:\/\/agora.xtec.cat\/iesagustiserra\/wp-content\/uploads\/usu1681\/2021\/04\/IMG_5932-1024x768.jpg 1024w, https:\/\/agora.xtec.cat\/iesagustiserra\/wp-content\/uploads\/usu1681\/2021\/04\/IMG_5932-300x225.jpg 300w, https:\/\/agora.xtec.cat\/iesagustiserra\/wp-content\/uploads\/usu1681\/2021\/04\/IMG_5932-768x576.jpg 768w, https:\/\/agora.xtec.cat\/iesagustiserra\/wp-content\/uploads\/usu1681\/2021\/04\/IMG_5932-200x150.jpg 200w, https:\/\/agora.xtec.cat\/iesagustiserra\/wp-content\/uploads\/usu1681\/2021\/04\/IMG_5932.jpg 1200w\" sizes=\"auto, (max-width: 648px) 100vw, 648px\" \/><\/a><\/p>\n<div id='gallery-1' class='gallery galleryid-9797 gallery-columns-2 gallery-size-large'><figure class='gallery-item'>\n\t\t\t<div class='gallery-icon landscape'>\n\t\t\t\t<a href='https:\/\/agora.xtec.cat\/iesagustiserra\/general\/la-familia-dadministracio-i-gestio-es-dualitza\/attachment\/img-20210326-wa0006\/'><img loading=\"lazy\" decoding=\"async\" width=\"1024\" height=\"768\" src=\"https:\/\/agora.xtec.cat\/iesagustiserra\/wp-content\/uploads\/usu1681\/2021\/04\/IMG-20210326-WA0006-1024x768.jpg\" class=\"attachment-large size-large\" alt=\"Agusti Serra i Fontanet, Sabadell,\" srcset=\"https:\/\/agora.xtec.cat\/iesagustiserra\/wp-content\/uploads\/usu1681\/2021\/04\/IMG-20210326-WA0006-1024x768.jpg 1024w, https:\/\/agora.xtec.cat\/iesagustiserra\/wp-content\/uploads\/usu1681\/2021\/04\/IMG-20210326-WA0006-300x225.jpg 300w, https:\/\/agora.xtec.cat\/iesagustiserra\/wp-content\/uploads\/usu1681\/2021\/04\/IMG-20210326-WA0006-768x576.jpg 768w, https:\/\/agora.xtec.cat\/iesagustiserra\/wp-content\/uploads\/usu1681\/2021\/04\/IMG-20210326-WA0006-200x150.jpg 200w, https:\/\/agora.xtec.cat\/iesagustiserra\/wp-content\/uploads\/usu1681\/2021\/04\/IMG-20210326-WA0006.jpg 1200w\" sizes=\"auto, (max-width: 1024px) 100vw, 1024px\" \/><\/a>\n\t\t\t<\/div><\/figure><figure class='gallery-item'>\n\t\t\t<div class='gallery-icon landscape'>\n\t\t\t\t<a href='https:\/\/agora.xtec.cat\/iesagustiserra\/general\/la-familia-dadministracio-i-gestio-es-dualitza\/attachment\/img-20210326-wa0011\/'><img loading=\"lazy\" decoding=\"async\" width=\"1024\" height=\"768\" src=\"https:\/\/agora.xtec.cat\/iesagustiserra\/wp-content\/uploads\/usu1681\/2021\/04\/IMG-20210326-WA0011-1024x768.jpg\" class=\"attachment-large size-large\" alt=\"Agusti Serra i Fontanet, Sabadell\" srcset=\"https:\/\/agora.xtec.cat\/iesagustiserra\/wp-content\/uploads\/usu1681\/2021\/04\/IMG-20210326-WA0011-1024x768.jpg 1024w, https:\/\/agora.xtec.cat\/iesagustiserra\/wp-content\/uploads\/usu1681\/2021\/04\/IMG-20210326-WA0011-300x225.jpg 300w, https:\/\/agora.xtec.cat\/iesagustiserra\/wp-content\/uploads\/usu1681\/2021\/04\/IMG-20210326-WA0011-768x576.jpg 768w, https:\/\/agora.xtec.cat\/iesagustiserra\/wp-content\/uploads\/usu1681\/2021\/04\/IMG-20210326-WA0011-200x150.jpg 200w, https:\/\/agora.xtec.cat\/iesagustiserra\/wp-content\/uploads\/usu1681\/2021\/04\/IMG-20210326-WA0011.jpg 1200w\" sizes=\"auto, (max-width: 1024px) 100vw, 1024px\" \/><\/a>\n\t\t\t<\/div><\/figure><figure class='gallery-item'>\n\t\t\t<div class='gallery-icon landscape'>\n\t\t\t\t<a href='https:\/\/agora.xtec.cat\/iesagustiserra\/general\/la-familia-dadministracio-i-gestio-es-dualitza\/attachment\/13-dual-2n-cfgs-administracio-i-finances-compr\/'><img loading=\"lazy\" decoding=\"async\" width=\"1024\" height=\"768\" src=\"https:\/\/agora.xtec.cat\/iesagustiserra\/wp-content\/uploads\/usu1681\/2021\/04\/13.-DUAL-2n-CFGS-Administraci\u00f3-i-Finances-COMPR-1024x768.jpg\" class=\"attachment-large size-large\" alt=\"Institut Agust\u00ed Serra i Fontanet, Sabadell, cicles Formatiu Administraci\u00f3 i finances, FP Dual\" srcset=\"https:\/\/agora.xtec.cat\/iesagustiserra\/wp-content\/uploads\/usu1681\/2021\/04\/13.-DUAL-2n-CFGS-Administraci\u00f3-i-Finances-COMPR-1024x768.jpg 1024w, https:\/\/agora.xtec.cat\/iesagustiserra\/wp-content\/uploads\/usu1681\/2021\/04\/13.-DUAL-2n-CFGS-Administraci\u00f3-i-Finances-COMPR-300x225.jpg 300w, https:\/\/agora.xtec.cat\/iesagustiserra\/wp-content\/uploads\/usu1681\/2021\/04\/13.-DUAL-2n-CFGS-Administraci\u00f3-i-Finances-COMPR-768x576.jpg 768w, https:\/\/agora.xtec.cat\/iesagustiserra\/wp-content\/uploads\/usu1681\/2021\/04\/13.-DUAL-2n-CFGS-Administraci\u00f3-i-Finances-COMPR-200x150.jpg 200w\" sizes=\"auto, (max-width: 1024px) 100vw, 1024px\" \/><\/a>\n\t\t\t<\/div><\/figure><figure class='gallery-item'>\n\t\t\t<div class='gallery-icon landscape'>\n\t\t\t\t<a href='https:\/\/agora.xtec.cat\/iesagustiserra\/general\/la-familia-dadministracio-i-gestio-es-dualitza\/attachment\/img_20210326_170320-2\/'><img loading=\"lazy\" decoding=\"async\" width=\"1024\" height=\"768\" src=\"https:\/\/agora.xtec.cat\/iesagustiserra\/wp-content\/uploads\/usu1681\/2021\/04\/IMG_20210326_170320-1-1024x768.jpg\" class=\"attachment-large size-large\" alt=\"Agusti Serra i Fontanet, Sabadell, FP Dual, Administraci\u00f3 i Gesti\u00f3\" srcset=\"https:\/\/agora.xtec.cat\/iesagustiserra\/wp-content\/uploads\/usu1681\/2021\/04\/IMG_20210326_170320-1-1024x768.jpg 1024w, https:\/\/agora.xtec.cat\/iesagustiserra\/wp-content\/uploads\/usu1681\/2021\/04\/IMG_20210326_170320-1-300x225.jpg 300w, https:\/\/agora.xtec.cat\/iesagustiserra\/wp-content\/uploads\/usu1681\/2021\/04\/IMG_20210326_170320-1-768x576.jpg 768w, https:\/\/agora.xtec.cat\/iesagustiserra\/wp-content\/uploads\/usu1681\/2021\/04\/IMG_20210326_170320-1-200x150.jpg 200w, https:\/\/agora.xtec.cat\/iesagustiserra\/wp-content\/uploads\/usu1681\/2021\/04\/IMG_20210326_170320-1.jpg 1200w\" sizes=\"auto, (max-width: 1024px) 100vw, 1024px\" \/><\/a>\n\t\t\t<\/div><\/figure>\n\t\t<\/div>\n\n","protected":false},"excerpt":{"rendered":"<p>Des de fa tres promocions el cicle de Grau Superior d\u2019Administraci\u00f3 i Finances ofereix la possibilitat de la formaci\u00f3 DUAL al seu alumnat per\u00f2, a partir del proper curs 2021-2022, tamb\u00e9 el cicle de Grau Mitj\u00e0 de Gesti\u00f3 Administrativa es dualitza!<\/p>\n","protected":false},"author":109,"featured_media":9798,"comment_status":"open","ping_status":"closed","sticky":false,"template":"","format":"standard","meta":{"site-sidebar-layout":"default","site-content-layout":"","ast-site-content-layout":"","site-content-style":"default","site-sidebar-style":"default","ast-global-header-display":"","ast-banner-title-visibility":"","ast-main-header-display":"","ast-hfb-above-header-display":"","ast-hfb-below-header-display":"","ast-hfb-mobile-header-display":"","site-post-title":"","ast-breadcrumbs-content":"","ast-featured-img":"","footer-sml-layout":"","theme-transparent-header-meta":"","adv-header-id-meta":"","stick-header-meta":"","header-above-stick-meta":"","header-main-stick-meta":"","header-below-stick-meta":"","astra-migrate-meta-layouts":"default","ast-page-background-enabled":"default","ast-page-background-meta":{"desktop":{"background-color":"var(--ast-global-color-4)","background-image":"","background-repeat":"repeat","background-position":"center center","background-size":"auto","background-attachment":"scroll","background-type":"","background-media":"","overlay-type":"","overlay-color":"","overlay-opacity":"","overlay-gradient":""},"tablet":{"background-color":"","background-image":"","background-repeat":"repeat","background-position":"center center","background-size":"auto","background-attachment":"scroll","background-type":"","background-media":"","overlay-type":"","overlay-color":"","overlay-opacity":"","overlay-gradient":""},"mobile":{"background-color":"","background-image":"","background-repeat":"repeat","background-position":"center center","background-size":"auto","background-attachment":"scroll","background-type":"","background-media":"","overlay-type":"","overlay-color":"","overlay-opacity":"","overlay-gradient":""}},"ast-content-background-meta":{"desktop":{"background-color":"var(--ast-global-color-5)","background-image":"","background-repeat":"repeat","background-position":"center center","background-size":"auto","background-attachment":"scroll","background-type":"","background-media":"","overlay-type":"","overlay-color":"","overlay-opacity":"","overlay-gradient":""},"tablet":{"background-color":"var(--ast-global-color-5)","background-image":"","background-repeat":"repeat","background-position":"center center","background-size":"auto","background-attachment":"scroll","background-type":"","background-media":"","overlay-type":"","overlay-color":"","overlay-opacity":"","overlay-gradient":""},"mobile":{"background-color":"var(--ast-global-color-5)","background-image":"","background-repeat":"repeat","background-position":"center center","background-size":"auto","background-attachment":"scroll","background-type":"","background-media":"","overlay-type":"","overlay-color":"","overlay-opacity":"","overlay-gradient":""}},"footnotes":""},"categories":[236,173,1,29],"tags":[460,221,370,216,459],"class_list":["post-9797","post","type-post","status-publish","format-standard","has-post-thumbnail","hentry","category-administracio-gestio","category-fp-dual","category-general","category-portada","tag-administracio-i-finances","tag-cicles-formatius","tag-curs-20-21","tag-fp-dual","tag-gestio-administrativa"],"post_mailing_queue_ids":[],"_links":{"self":[{"href":"https:\/\/agora.xtec.cat\/iesagustiserra\/wp-json\/wp\/v2\/posts\/9797","targetHints":{"allow":["GET"]}}],"collection":[{"href":"https:\/\/agora.xtec.cat\/iesagustiserra\/wp-json\/wp\/v2\/posts"}],"about":[{"href":"https:\/\/agora.xtec.cat\/iesagustiserra\/wp-json\/wp\/v2\/types\/post"}],"author":[{"embeddable":true,"href":"https:\/\/agora.xtec.cat\/iesagustiserra\/wp-json\/wp\/v2\/users\/109"}],"replies":[{"embeddable":true,"href":"https:\/\/agora.xtec.cat\/iesagustiserra\/wp-json\/wp\/v2\/comments?post=9797"}],"version-history":[{"count":3,"href":"https:\/\/agora.xtec.cat\/iesagustiserra\/wp-json\/wp\/v2\/posts\/9797\/revisions"}],"predecessor-version":[{"id":10217,"href":"https:\/\/agora.xtec.cat\/iesagustiserra\/wp-json\/wp\/v2\/posts\/9797\/revisions\/10217"}],"wp:featuredmedia":[{"embeddable":true,"href":"https:\/\/agora.xtec.cat\/iesagustiserra\/wp-json\/wp\/v2\/media\/9798"}],"wp:attachment":[{"href":"https:\/\/agora.xtec.cat\/iesagustiserra\/wp-json\/wp\/v2\/media?parent=9797"}],"wp:term":[{"taxonomy":"category","embeddable":true,"href":"https:\/\/agora.xtec.cat\/iesagustiserra\/wp-json\/wp\/v2\/categories?post=9797"},{"taxonomy":"post_tag","embeddable":true,"href":"https:\/\/agora.xtec.cat\/iesagustiserra\/wp-json\/wp\/v2\/tags?post=9797"}],"curies":[{"name":"wp","href":"https:\/\/api.w.org\/{rel}","templated":true}]}}