{"id":9698,"date":"2021-04-14T12:38:31","date_gmt":"2021-04-14T10:38:31","guid":{"rendered":"https:\/\/agora.xtec.cat\/iesagustiserra\/?p=9698"},"modified":"2021-04-19T22:41:20","modified_gmt":"2021-04-19T20:41:20","slug":"espai-de-salut-mental-academica-asf","status":"publish","type":"post","link":"https:\/\/agora.xtec.cat\/iesagustiserra\/eso\/eso-4\/espai-de-salut-mental-academica-asf\/","title":{"rendered":"Espai de Salut Mental Acad\u00e8mica ASF"},"content":{"rendered":"<div data-original-attrs=\"{&quot;style&quot;:&quot;&quot;}\">\n<div data-original-attrs=\"{&quot;style&quot;:&quot;&quot;}\"><\/div>\n<h4 data-original-attrs=\"{&quot;style&quot;:&quot;&quot;}\"><strong>Espai de Salut Mental Acad\u00e8mica ASF<\/strong><\/h4>\n<\/div>\n<div data-original-attrs=\"{&quot;style&quot;:&quot;&quot;}\"><\/div>\n<h5 style=\"text-align: left;\" data-original-attrs=\"{&quot;style&quot;:&quot;&quot;}\"><strong>Qui som?<span style=\"font-size: xx-large;\" data-keep-original-tag=\"false\" data-original-attrs=\"{&quot;style&quot;:&quot;&quot;}\"><span style=\"font-family: trebuchet;\" data-keep-original-tag=\"false\" data-original-attrs=\"{&quot;style&quot;:&quot;&quot;}\">\ud83d\ude00<\/span><\/span><\/strong><\/h5>\n<p style=\"text-align: justify;\" data-original-attrs=\"{&quot;style&quot;:&quot;&quot;}\">Som un grup d&#8217;estudiants de 1r de Batxillerat que un dia ens vam adonar que el nivell d&#8217;estr\u00e8s i ansietat se&#8217;ns estava menjant \ud83d\ude13 \u00a0i vam decidir que calia fer alguna cosa per millorar la nostra salut mental i aix\u00ed va n\u00e9ixer l&#8217;Espai de Salut Mental ASF.<\/p>\n<p style=\"text-align: justify;\" data-original-attrs=\"{&quot;style&quot;:&quot;&quot;}\">Vam contactar amb\u00a0tres\u00a0profes que ens ajuden a coordinar aquest espai\u00a0\u00a0(l&#8217;Azahara Gandia, la Carme Angelet i la Pilar Solbes) i vam arrencar la iniciativa.<\/p>\n<h5 style=\"text-align: left;\" data-original-attrs=\"{&quot;style&quot;:&quot;&quot;}\"><strong>Qu\u00e8 fem?<span style=\"font-family: trebuchet; font-size: xx-large;\" data-keep-original-tag=\"false\" data-original-attrs=\"{&quot;style&quot;:&quot;&quot;}\">\ud83e\udd14<\/span><\/strong><\/h5>\n<p style=\"text-align: justify;\" data-original-attrs=\"{&quot;style&quot;:&quot;&quot;}\"><span style=\"font-family: trebuchet; font-size: large;\" data-keep-original-tag=\"false\" data-original-attrs=\"{&quot;style&quot;:&quot;&quot;}\"><span style=\"color: #073763;\" data-keep-original-tag=\"false\" data-original-attrs=\"{&quot;style&quot;:&quot;&quot;}\"><span data-keep-original-tag=\"false\" data-original-attrs=\"{&quot;style&quot;:&quot;&quot;}\">\u2705<\/span><\/span><\/span>Un blog que difondr\u00e0 tant les activitats com les t\u00e8cniques de gesti\u00f3 de les emocions que anem aprenent\u00a0<a href=\"https:\/\/espaisalutmentalasf.blogspot.com\">https:\/\/espaisalutmentalasf.blogspot.com<\/a><\/p>\n<p style=\"text-align: justify;\" data-original-attrs=\"{&quot;style&quot;:&quot;&quot;}\"><span style=\"color: #073763;\" data-keep-original-tag=\"false\" data-original-attrs=\"{&quot;style&quot;:&quot;&quot;}\"><span style=\"font-family: trebuchet; font-size: large;\" data-keep-original-tag=\"false\" data-original-attrs=\"{&quot;style&quot;:&quot;&quot;}\"><span data-keep-original-tag=\"false\" data-original-attrs=\"{&quot;style&quot;:&quot;&quot;}\">\u2705<\/span><\/span><\/span>Sortides amb activitats i t\u00e8cniques per entendre i gestionar millor l&#8217;estr\u00e8s i l&#8217;ansietat. Tenim tamb\u00e9 programat un taller de meditaci\u00f3 i relaxaci\u00f3 coordinat per l&#8217;Azahara Gandia.<\/p>\n<p style=\"text-align: justify;\" data-original-attrs=\"{&quot;style&quot;:&quot;&quot;}\"><span style=\"font-family: trebuchet; font-size: large;\" data-keep-original-tag=\"false\" data-original-attrs=\"{&quot;style&quot;:&quot;&quot;}\"><span style=\"color: #073763;\" data-keep-original-tag=\"false\" data-original-attrs=\"{&quot;style&quot;:&quot;&quot;}\"><span data-keep-original-tag=\"false\" data-original-attrs=\"{&quot;style&quot;:&quot;&quot;}\">\u2705<\/span><\/span><\/span>Trobada setmanal per anar proposant m\u00e9s idees per fer que l&#8217;Espai de Salut Mental ASF creixi i ens ajudi a sentir-nos millor amb nosaltres mateixos i amb els nostres estudis.<\/p>\n<p data-original-attrs=\"{&quot;style&quot;:&quot;&quot;}\">Aqu\u00ed teniu les fotos de la primera sortida!\u00a0<a href=\"https:\/\/photos.app.goo.gl\/ku38bW5c6LAZZ3J76\">https:\/\/photos.app.goo.gl\/ku38bW5c6LAZZ3J76<\/a><\/p>\n<div id='gallery-1' class='gallery galleryid-9698 gallery-columns-5 gallery-size-large'><figure class='gallery-item'>\n\t\t\t<div class='gallery-icon landscape'>\n\t\t\t\t<a href='https:\/\/agora.xtec.cat\/iesagustiserra\/eso\/eso-4\/espai-de-salut-mental-academica-asf\/attachment\/img_20210324_105507544-2\/'><img loading=\"lazy\" decoding=\"async\" width=\"1024\" height=\"768\" src=\"https:\/\/agora.xtec.cat\/iesagustiserra\/wp-content\/uploads\/usu1681\/2021\/04\/IMG_20210324_105507544-1-1024x768.jpg\" class=\"attachment-large size-large\" alt=\"Agust\u00ed Serra i Fontanet, Sabadell, Batxillerat, Esapi salut mental\" srcset=\"https:\/\/agora.xtec.cat\/iesagustiserra\/wp-content\/uploads\/usu1681\/2021\/04\/IMG_20210324_105507544-1-1024x768.jpg 1024w, https:\/\/agora.xtec.cat\/iesagustiserra\/wp-content\/uploads\/usu1681\/2021\/04\/IMG_20210324_105507544-1-300x225.jpg 300w, https:\/\/agora.xtec.cat\/iesagustiserra\/wp-content\/uploads\/usu1681\/2021\/04\/IMG_20210324_105507544-1-768x576.jpg 768w, https:\/\/agora.xtec.cat\/iesagustiserra\/wp-content\/uploads\/usu1681\/2021\/04\/IMG_20210324_105507544-1-200x150.jpg 200w, https:\/\/agora.xtec.cat\/iesagustiserra\/wp-content\/uploads\/usu1681\/2021\/04\/IMG_20210324_105507544-1.jpg 1200w\" sizes=\"auto, (max-width: 1024px) 100vw, 1024px\" \/><\/a>\n\t\t\t<\/div><\/figure><figure class='gallery-item'>\n\t\t\t<div class='gallery-icon landscape'>\n\t\t\t\t<a href='https:\/\/agora.xtec.cat\/iesagustiserra\/eso\/eso-4\/espai-de-salut-mental-academica-asf\/attachment\/img_20210324_105707082_hdr\/'><img loading=\"lazy\" decoding=\"async\" width=\"1024\" height=\"768\" src=\"https:\/\/agora.xtec.cat\/iesagustiserra\/wp-content\/uploads\/usu1681\/2021\/04\/IMG_20210324_105707082_HDR-1024x768.jpg\" class=\"attachment-large size-large\" alt=\"Agust\u00ed Serra i Fontanet, Sabadell, Batxillerat, Esapi salut mental\" srcset=\"https:\/\/agora.xtec.cat\/iesagustiserra\/wp-content\/uploads\/usu1681\/2021\/04\/IMG_20210324_105707082_HDR-1024x768.jpg 1024w, https:\/\/agora.xtec.cat\/iesagustiserra\/wp-content\/uploads\/usu1681\/2021\/04\/IMG_20210324_105707082_HDR-300x225.jpg 300w, https:\/\/agora.xtec.cat\/iesagustiserra\/wp-content\/uploads\/usu1681\/2021\/04\/IMG_20210324_105707082_HDR-768x576.jpg 768w, https:\/\/agora.xtec.cat\/iesagustiserra\/wp-content\/uploads\/usu1681\/2021\/04\/IMG_20210324_105707082_HDR-200x150.jpg 200w, https:\/\/agora.xtec.cat\/iesagustiserra\/wp-content\/uploads\/usu1681\/2021\/04\/IMG_20210324_105707082_HDR.jpg 1200w\" sizes=\"auto, (max-width: 1024px) 100vw, 1024px\" \/><\/a>\n\t\t\t<\/div><\/figure><figure class='gallery-item'>\n\t\t\t<div class='gallery-icon landscape'>\n\t\t\t\t<a href='https:\/\/agora.xtec.cat\/iesagustiserra\/eso\/eso-4\/espai-de-salut-mental-academica-asf\/attachment\/img_20210324_105724000-3\/'><img loading=\"lazy\" decoding=\"async\" width=\"1024\" height=\"768\" src=\"https:\/\/agora.xtec.cat\/iesagustiserra\/wp-content\/uploads\/usu1681\/2021\/04\/IMG_20210324_105724000-2-1024x768.jpg\" class=\"attachment-large size-large\" alt=\"Agust\u00ed Serra i Fontanet, Sabadell, Batxillerat, Esapi salut mental\" srcset=\"https:\/\/agora.xtec.cat\/iesagustiserra\/wp-content\/uploads\/usu1681\/2021\/04\/IMG_20210324_105724000-2-1024x768.jpg 1024w, https:\/\/agora.xtec.cat\/iesagustiserra\/wp-content\/uploads\/usu1681\/2021\/04\/IMG_20210324_105724000-2-300x225.jpg 300w, https:\/\/agora.xtec.cat\/iesagustiserra\/wp-content\/uploads\/usu1681\/2021\/04\/IMG_20210324_105724000-2-768x576.jpg 768w, https:\/\/agora.xtec.cat\/iesagustiserra\/wp-content\/uploads\/usu1681\/2021\/04\/IMG_20210324_105724000-2-200x150.jpg 200w, https:\/\/agora.xtec.cat\/iesagustiserra\/wp-content\/uploads\/usu1681\/2021\/04\/IMG_20210324_105724000-2.jpg 1200w\" sizes=\"auto, (max-width: 1024px) 100vw, 1024px\" \/><\/a>\n\t\t\t<\/div><\/figure><figure class='gallery-item'>\n\t\t\t<div class='gallery-icon landscape'>\n\t\t\t\t<a href='https:\/\/agora.xtec.cat\/iesagustiserra\/eso\/eso-4\/espai-de-salut-mental-academica-asf\/attachment\/img_20210324_123333774-2\/'><img loading=\"lazy\" decoding=\"async\" width=\"1024\" height=\"768\" src=\"https:\/\/agora.xtec.cat\/iesagustiserra\/wp-content\/uploads\/usu1681\/2021\/04\/IMG_20210324_123333774-1-1024x768.jpg\" class=\"attachment-large size-large\" alt=\"Agust\u00ed Serra i Fontanet, Sabadell, Batxillerat, Esapi salut mental\" srcset=\"https:\/\/agora.xtec.cat\/iesagustiserra\/wp-content\/uploads\/usu1681\/2021\/04\/IMG_20210324_123333774-1-1024x768.jpg 1024w, https:\/\/agora.xtec.cat\/iesagustiserra\/wp-content\/uploads\/usu1681\/2021\/04\/IMG_20210324_123333774-1-300x225.jpg 300w, https:\/\/agora.xtec.cat\/iesagustiserra\/wp-content\/uploads\/usu1681\/2021\/04\/IMG_20210324_123333774-1-768x576.jpg 768w, https:\/\/agora.xtec.cat\/iesagustiserra\/wp-content\/uploads\/usu1681\/2021\/04\/IMG_20210324_123333774-1-200x150.jpg 200w, https:\/\/agora.xtec.cat\/iesagustiserra\/wp-content\/uploads\/usu1681\/2021\/04\/IMG_20210324_123333774-1.jpg 1200w\" sizes=\"auto, (max-width: 1024px) 100vw, 1024px\" \/><\/a>\n\t\t\t<\/div><\/figure><figure class='gallery-item'>\n\t\t\t<div class='gallery-icon landscape'>\n\t\t\t\t<a href='https:\/\/agora.xtec.cat\/iesagustiserra\/eso\/eso-4\/espai-de-salut-mental-academica-asf\/attachment\/img_20210324_123340508-2\/'><img loading=\"lazy\" decoding=\"async\" width=\"1024\" height=\"768\" src=\"https:\/\/agora.xtec.cat\/iesagustiserra\/wp-content\/uploads\/usu1681\/2021\/04\/IMG_20210324_123340508-1-1024x768.jpg\" class=\"attachment-large size-large\" alt=\"Agust\u00ed Serra i Fontanet, Sabadell, Batxillerat, Esapi salut mental\" srcset=\"https:\/\/agora.xtec.cat\/iesagustiserra\/wp-content\/uploads\/usu1681\/2021\/04\/IMG_20210324_123340508-1-1024x768.jpg 1024w, https:\/\/agora.xtec.cat\/iesagustiserra\/wp-content\/uploads\/usu1681\/2021\/04\/IMG_20210324_123340508-1-300x225.jpg 300w, https:\/\/agora.xtec.cat\/iesagustiserra\/wp-content\/uploads\/usu1681\/2021\/04\/IMG_20210324_123340508-1-768x576.jpg 768w, https:\/\/agora.xtec.cat\/iesagustiserra\/wp-content\/uploads\/usu1681\/2021\/04\/IMG_20210324_123340508-1-200x150.jpg 200w, https:\/\/agora.xtec.cat\/iesagustiserra\/wp-content\/uploads\/usu1681\/2021\/04\/IMG_20210324_123340508-1.jpg 1200w\" sizes=\"auto, (max-width: 1024px) 100vw, 1024px\" \/><\/a>\n\t\t\t<\/div><\/figure><figure class='gallery-item'>\n\t\t\t<div class='gallery-icon landscape'>\n\t\t\t\t<a href='https:\/\/agora.xtec.cat\/iesagustiserra\/eso\/eso-4\/espai-de-salut-mental-academica-asf\/attachment\/img_20210324_123408500\/'><img loading=\"lazy\" decoding=\"async\" width=\"1024\" height=\"768\" src=\"https:\/\/agora.xtec.cat\/iesagustiserra\/wp-content\/uploads\/usu1681\/2021\/04\/IMG_20210324_123408500-1024x768.jpg\" class=\"attachment-large size-large\" alt=\"Agust\u00ed Serra i Fontanet, Sabadell, Batxillerat, Esapi salut mental\" srcset=\"https:\/\/agora.xtec.cat\/iesagustiserra\/wp-content\/uploads\/usu1681\/2021\/04\/IMG_20210324_123408500-1024x768.jpg 1024w, https:\/\/agora.xtec.cat\/iesagustiserra\/wp-content\/uploads\/usu1681\/2021\/04\/IMG_20210324_123408500-300x225.jpg 300w, https:\/\/agora.xtec.cat\/iesagustiserra\/wp-content\/uploads\/usu1681\/2021\/04\/IMG_20210324_123408500-768x576.jpg 768w, https:\/\/agora.xtec.cat\/iesagustiserra\/wp-content\/uploads\/usu1681\/2021\/04\/IMG_20210324_123408500-200x150.jpg 200w, https:\/\/agora.xtec.cat\/iesagustiserra\/wp-content\/uploads\/usu1681\/2021\/04\/IMG_20210324_123408500.jpg 1200w\" sizes=\"auto, (max-width: 1024px) 100vw, 1024px\" \/><\/a>\n\t\t\t<\/div><\/figure><figure class='gallery-item'>\n\t\t\t<div class='gallery-icon landscape'>\n\t\t\t\t<a href='https:\/\/agora.xtec.cat\/iesagustiserra\/eso\/eso-4\/espai-de-salut-mental-academica-asf\/attachment\/img_20210324_123417818\/'><img loading=\"lazy\" decoding=\"async\" width=\"1024\" height=\"768\" src=\"https:\/\/agora.xtec.cat\/iesagustiserra\/wp-content\/uploads\/usu1681\/2021\/04\/IMG_20210324_123417818-1024x768.jpg\" class=\"attachment-large size-large\" alt=\"Agust\u00ed Serra i Fontanet, Sabadell, Batxillerat, Esapi salut mental\" srcset=\"https:\/\/agora.xtec.cat\/iesagustiserra\/wp-content\/uploads\/usu1681\/2021\/04\/IMG_20210324_123417818-1024x768.jpg 1024w, https:\/\/agora.xtec.cat\/iesagustiserra\/wp-content\/uploads\/usu1681\/2021\/04\/IMG_20210324_123417818-300x225.jpg 300w, https:\/\/agora.xtec.cat\/iesagustiserra\/wp-content\/uploads\/usu1681\/2021\/04\/IMG_20210324_123417818-768x576.jpg 768w, https:\/\/agora.xtec.cat\/iesagustiserra\/wp-content\/uploads\/usu1681\/2021\/04\/IMG_20210324_123417818-200x150.jpg 200w, https:\/\/agora.xtec.cat\/iesagustiserra\/wp-content\/uploads\/usu1681\/2021\/04\/IMG_20210324_123417818.jpg 1200w\" sizes=\"auto, (max-width: 1024px) 100vw, 1024px\" \/><\/a>\n\t\t\t<\/div><\/figure><figure class='gallery-item'>\n\t\t\t<div class='gallery-icon landscape'>\n\t\t\t\t<a href='https:\/\/agora.xtec.cat\/iesagustiserra\/eso\/eso-4\/espai-de-salut-mental-academica-asf\/attachment\/img_20210324_123515459_hdr\/'><img loading=\"lazy\" decoding=\"async\" width=\"1024\" height=\"768\" src=\"https:\/\/agora.xtec.cat\/iesagustiserra\/wp-content\/uploads\/usu1681\/2021\/04\/IMG_20210324_123515459_HDR-1024x768.jpg\" class=\"attachment-large size-large\" alt=\"Agust\u00ed Serra i Fontanet, Sabadell, Batxillerat, Esapi salut mental\" srcset=\"https:\/\/agora.xtec.cat\/iesagustiserra\/wp-content\/uploads\/usu1681\/2021\/04\/IMG_20210324_123515459_HDR-1024x768.jpg 1024w, https:\/\/agora.xtec.cat\/iesagustiserra\/wp-content\/uploads\/usu1681\/2021\/04\/IMG_20210324_123515459_HDR-300x225.jpg 300w, https:\/\/agora.xtec.cat\/iesagustiserra\/wp-content\/uploads\/usu1681\/2021\/04\/IMG_20210324_123515459_HDR-768x576.jpg 768w, https:\/\/agora.xtec.cat\/iesagustiserra\/wp-content\/uploads\/usu1681\/2021\/04\/IMG_20210324_123515459_HDR-200x150.jpg 200w, https:\/\/agora.xtec.cat\/iesagustiserra\/wp-content\/uploads\/usu1681\/2021\/04\/IMG_20210324_123515459_HDR.jpg 1200w\" sizes=\"auto, (max-width: 1024px) 100vw, 1024px\" \/><\/a>\n\t\t\t<\/div><\/figure><figure class='gallery-item'>\n\t\t\t<div class='gallery-icon landscape'>\n\t\t\t\t<a href='https:\/\/agora.xtec.cat\/iesagustiserra\/eso\/eso-4\/espai-de-salut-mental-academica-asf\/attachment\/img_20210324_123534946_hdr-2\/'><img loading=\"lazy\" decoding=\"async\" width=\"1024\" height=\"768\" src=\"https:\/\/agora.xtec.cat\/iesagustiserra\/wp-content\/uploads\/usu1681\/2021\/04\/IMG_20210324_123534946_HDR-1-1024x768.jpg\" class=\"attachment-large size-large\" alt=\"Agust\u00ed Serra i Fontanet, Sabadell, Batxillerat, Esapi salut mental\" srcset=\"https:\/\/agora.xtec.cat\/iesagustiserra\/wp-content\/uploads\/usu1681\/2021\/04\/IMG_20210324_123534946_HDR-1-1024x768.jpg 1024w, https:\/\/agora.xtec.cat\/iesagustiserra\/wp-content\/uploads\/usu1681\/2021\/04\/IMG_20210324_123534946_HDR-1-300x225.jpg 300w, https:\/\/agora.xtec.cat\/iesagustiserra\/wp-content\/uploads\/usu1681\/2021\/04\/IMG_20210324_123534946_HDR-1-768x576.jpg 768w, https:\/\/agora.xtec.cat\/iesagustiserra\/wp-content\/uploads\/usu1681\/2021\/04\/IMG_20210324_123534946_HDR-1-200x150.jpg 200w, https:\/\/agora.xtec.cat\/iesagustiserra\/wp-content\/uploads\/usu1681\/2021\/04\/IMG_20210324_123534946_HDR-1.jpg 1200w\" sizes=\"auto, (max-width: 1024px) 100vw, 1024px\" \/><\/a>\n\t\t\t<\/div><\/figure><figure class='gallery-item'>\n\t\t\t<div class='gallery-icon landscape'>\n\t\t\t\t<a href='https:\/\/agora.xtec.cat\/iesagustiserra\/eso\/eso-4\/espai-de-salut-mental-academica-asf\/attachment\/img-20210410-wa0010\/'><img loading=\"lazy\" decoding=\"async\" width=\"1024\" height=\"768\" src=\"https:\/\/agora.xtec.cat\/iesagustiserra\/wp-content\/uploads\/usu1681\/2021\/04\/IMG-20210410-WA0010-1024x768.jpg\" class=\"attachment-large size-large\" alt=\"Agust\u00ed Serra i Fontanet, Sabadell, Batxillerat, Esapi salut mental\" srcset=\"https:\/\/agora.xtec.cat\/iesagustiserra\/wp-content\/uploads\/usu1681\/2021\/04\/IMG-20210410-WA0010-1024x768.jpg 1024w, https:\/\/agora.xtec.cat\/iesagustiserra\/wp-content\/uploads\/usu1681\/2021\/04\/IMG-20210410-WA0010-300x225.jpg 300w, https:\/\/agora.xtec.cat\/iesagustiserra\/wp-content\/uploads\/usu1681\/2021\/04\/IMG-20210410-WA0010-768x576.jpg 768w, https:\/\/agora.xtec.cat\/iesagustiserra\/wp-content\/uploads\/usu1681\/2021\/04\/IMG-20210410-WA0010-200x150.jpg 200w, https:\/\/agora.xtec.cat\/iesagustiserra\/wp-content\/uploads\/usu1681\/2021\/04\/IMG-20210410-WA0010.jpg 1200w\" sizes=\"auto, (max-width: 1024px) 100vw, 1024px\" \/><\/a>\n\t\t\t<\/div><\/figure>\n\t\t<\/div>\n\n<p data-original-attrs=\"{&quot;style&quot;:&quot;&quot;}\">I si teniu propostes, preguntes o voleu contactar amb nosaltres, escriviu-nos a<\/p>\n<p data-original-attrs=\"{&quot;style&quot;:&quot;&quot;}\">salutmentalasf@gmail.com<\/p>\n<h6 data-original-attrs=\"{&quot;style&quot;:&quot;&quot;}\"><\/h6>\n<h6 data-original-attrs=\"{&quot;style&quot;:&quot;&quot;}\"><\/h6>\n<div class=\"separator\" data-original-attrs=\"{&quot;style&quot;:&quot;&quot;}\"><\/div>\n<div class=\"separator\" data-original-attrs=\"{&quot;style&quot;:&quot;&quot;}\"><\/div>\n<p><span style=\"color: #073763; font-family: georgia; font-size: xx-large;\" data-keep-original-tag=\"false\" data-original-attrs=\"{&quot;style&quot;:&quot;&quot;}\">\u00a0 \u00a0 \u00a0 \u00a0 \u00a0\u00a0<\/span><\/p>\n","protected":false},"excerpt":{"rendered":"<p>Som un\u00a0grup d&#8217;estudiants de 1r de Batxillerat\u00a0 que un dia ens vam adonar que\u00a0el nivell d&#8217;estr\u00e8s i ansietat\u00a0se&#8217;ns estava menjant \u00a0\u00a0i vam decidir que calia fer alguna cosa per millorar la nostra salut mental\u00a0i aix\u00ed va n\u00e9ixer\u00a0l&#8217;Espai de Salut Mental ASF\u00a0<\/p>\n","protected":false},"author":60,"featured_media":9756,"comment_status":"open","ping_status":"closed","sticky":false,"template":"","format":"standard","meta":{"site-sidebar-layout":"default","site-content-layout":"","ast-site-content-layout":"","site-content-style":"default","site-sidebar-style":"default","ast-global-header-display":"","ast-banner-title-visibility":"","ast-main-header-display":"","ast-hfb-above-header-display":"","ast-hfb-below-header-display":"","ast-hfb-mobile-header-display":"","site-post-title":"","ast-breadcrumbs-content":"","ast-featured-img":"","footer-sml-layout":"","theme-transparent-header-meta":"","adv-header-id-meta":"","stick-header-meta":"","header-above-stick-meta":"","header-main-stick-meta":"","header-below-stick-meta":"","astra-migrate-meta-layouts":"default","ast-page-background-enabled":"default","ast-page-background-meta":{"desktop":{"background-color":"var(--ast-global-color-4)","background-image":"","background-repeat":"repeat","background-position":"center center","background-size":"auto","background-attachment":"scroll","background-type":"","background-media":"","overlay-type":"","overlay-color":"","overlay-opacity":"","overlay-gradient":""},"tablet":{"background-color":"","background-image":"","background-repeat":"repeat","background-position":"center center","background-size":"auto","background-attachment":"scroll","background-type":"","background-media":"","overlay-type":"","overlay-color":"","overlay-opacity":"","overlay-gradient":""},"mobile":{"background-color":"","background-image":"","background-repeat":"repeat","background-position":"center center","background-size":"auto","background-attachment":"scroll","background-type":"","background-media":"","overlay-type":"","overlay-color":"","overlay-opacity":"","overlay-gradient":""}},"ast-content-background-meta":{"desktop":{"background-color":"var(--ast-global-color-5)","background-image":"","background-repeat":"repeat","background-position":"center center","background-size":"auto","background-attachment":"scroll","background-type":"","background-media":"","overlay-type":"","overlay-color":"","overlay-opacity":"","overlay-gradient":""},"tablet":{"background-color":"var(--ast-global-color-5)","background-image":"","background-repeat":"repeat","background-position":"center center","background-size":"auto","background-attachment":"scroll","background-type":"","background-media":"","overlay-type":"","overlay-color":"","overlay-opacity":"","overlay-gradient":""},"mobile":{"background-color":"var(--ast-global-color-5)","background-image":"","background-repeat":"repeat","background-position":"center center","background-size":"auto","background-attachment":"scroll","background-type":"","background-media":"","overlay-type":"","overlay-color":"","overlay-opacity":"","overlay-gradient":""}},"footnotes":""},"categories":[321,322,31,323,8,30,7,29],"tags":[330,370,455,456,457],"class_list":["post-9698","post","type-post","status-publish","format-standard","has-post-thumbnail","hentry","category-1_batxillerat","category-2_batxillerat","category-ampa","category-batxillerat_1a","category-batxillerat","category-cicles-formatius","category-eso-4","category-portada","tag-1r-batxillerat","tag-curs-20-21","tag-meditacio","tag-relaxacio","tag-salut-mental"],"post_mailing_queue_ids":[],"_links":{"self":[{"href":"https:\/\/agora.xtec.cat\/iesagustiserra\/wp-json\/wp\/v2\/posts\/9698","targetHints":{"allow":["GET"]}}],"collection":[{"href":"https:\/\/agora.xtec.cat\/iesagustiserra\/wp-json\/wp\/v2\/posts"}],"about":[{"href":"https:\/\/agora.xtec.cat\/iesagustiserra\/wp-json\/wp\/v2\/types\/post"}],"author":[{"embeddable":true,"href":"https:\/\/agora.xtec.cat\/iesagustiserra\/wp-json\/wp\/v2\/users\/60"}],"replies":[{"embeddable":true,"href":"https:\/\/agora.xtec.cat\/iesagustiserra\/wp-json\/wp\/v2\/comments?post=9698"}],"version-history":[{"count":4,"href":"https:\/\/agora.xtec.cat\/iesagustiserra\/wp-json\/wp\/v2\/posts\/9698\/revisions"}],"predecessor-version":[{"id":9944,"href":"https:\/\/agora.xtec.cat\/iesagustiserra\/wp-json\/wp\/v2\/posts\/9698\/revisions\/9944"}],"wp:featuredmedia":[{"embeddable":true,"href":"https:\/\/agora.xtec.cat\/iesagustiserra\/wp-json\/wp\/v2\/media\/9756"}],"wp:attachment":[{"href":"https:\/\/agora.xtec.cat\/iesagustiserra\/wp-json\/wp\/v2\/media?parent=9698"}],"wp:term":[{"taxonomy":"category","embeddable":true,"href":"https:\/\/agora.xtec.cat\/iesagustiserra\/wp-json\/wp\/v2\/categories?post=9698"},{"taxonomy":"post_tag","embeddable":true,"href":"https:\/\/agora.xtec.cat\/iesagustiserra\/wp-json\/wp\/v2\/tags?post=9698"}],"curies":[{"name":"wp","href":"https:\/\/api.w.org\/{rel}","templated":true}]}}