{"id":7664,"date":"2020-11-20T11:00:52","date_gmt":"2020-11-20T10:00:52","guid":{"rendered":"http:\/\/agora.xtec.cat\/iesagustiserra\/?p=7664"},"modified":"2020-12-02T20:21:44","modified_gmt":"2020-12-02T19:21:44","slug":"fem-un-taller-de-rumba-i-glosa","status":"publish","type":"post","link":"https:\/\/agora.xtec.cat\/iesagustiserra\/eso\/fem-un-taller-de-rumba-i-glosa\/","title":{"rendered":"Fem un taller de rumba i glosa!"},"content":{"rendered":"<p style=\"text-align: justify;\">Els alumnes i les alumnes de 3r d\u2019ESO han participat en un taller, organitzat per la Plataforma per la llengua, sobre l&#8217;aprenentatge de les modalitats i t\u00e8cniques de la can\u00e7\u00f3 improvisada i fusionada amb la rumba per tal d\u2019incentivar l\u2019\u00fas de la llengua en l\u2019\u00e0mbit escolar.<\/p>\n<table>\n<tbody>\n<tr>\n<td><a href=\"https:\/\/agora.xtec.cat\/iesagustiserra\/wp-content\/uploads\/usu1681\/2020\/11\/IMG_0196-e1606470221238.jpg\"><img loading=\"lazy\" decoding=\"async\" class=\"alignnone size-large wp-image-7663\" src=\"https:\/\/agora.xtec.cat\/iesagustiserra\/wp-content\/uploads\/usu1681\/2020\/11\/IMG_0196-e1606470221238-768x1024.jpg\" alt=\"Institut Agust\u00ed Serra\" width=\"768\" height=\"1024\" srcset=\"https:\/\/agora.xtec.cat\/iesagustiserra\/wp-content\/uploads\/usu1681\/2020\/11\/IMG_0196-e1606470221238-768x1024.jpg 768w, https:\/\/agora.xtec.cat\/iesagustiserra\/wp-content\/uploads\/usu1681\/2020\/11\/IMG_0196-e1606470221238-225x300.jpg 225w\" sizes=\"auto, (max-width: 768px) 100vw, 768px\" \/><\/a><\/td>\n<td><a href=\"https:\/\/agora.xtec.cat\/iesagustiserra\/wp-content\/uploads\/usu1681\/2020\/11\/IMG_0197-e1606471086646.jpg\"><img loading=\"lazy\" decoding=\"async\" class=\"alignnone size-large wp-image-7662\" src=\"https:\/\/agora.xtec.cat\/iesagustiserra\/wp-content\/uploads\/usu1681\/2020\/11\/IMG_0197-e1606471086646-768x1024.jpg\" alt=\"Institut Agust\u00ed Serra\" width=\"768\" height=\"1024\" srcset=\"https:\/\/agora.xtec.cat\/iesagustiserra\/wp-content\/uploads\/usu1681\/2020\/11\/IMG_0197-e1606471086646-768x1024.jpg 768w, https:\/\/agora.xtec.cat\/iesagustiserra\/wp-content\/uploads\/usu1681\/2020\/11\/IMG_0197-e1606471086646-225x300.jpg 225w\" sizes=\"auto, (max-width: 768px) 100vw, 768px\" \/><\/a><\/td>\n<\/tr>\n<\/tbody>\n<\/table>\n<p>Primer han rebut una petita informaci\u00f3 te\u00f2rica sobre els garrotins i la rumba catalana. Despr\u00e9s han improvitzat a partir de paraules que l&#8217;alumnat proposava i, finalment, cada alumne escrivia la seva composici\u00f3 per posar-la posteriorment en com\u00fa amb la resta de companys i companyes.<\/p>\n<table>\n<tbody>\n<tr>\n<td><a href=\"https:\/\/agora.xtec.cat\/iesagustiserra\/wp-content\/uploads\/usu1681\/2020\/11\/IMG_0217.jpg\"><img loading=\"lazy\" decoding=\"async\" class=\"alignnone size-large wp-image-7656\" src=\"https:\/\/agora.xtec.cat\/iesagustiserra\/wp-content\/uploads\/usu1681\/2020\/11\/IMG_0217-1024x768.jpg\" alt=\"Institut Agust\u00ed Serra\" width=\"1024\" height=\"768\" srcset=\"https:\/\/agora.xtec.cat\/iesagustiserra\/wp-content\/uploads\/usu1681\/2020\/11\/IMG_0217-1024x768.jpg 1024w, https:\/\/agora.xtec.cat\/iesagustiserra\/wp-content\/uploads\/usu1681\/2020\/11\/IMG_0217-300x225.jpg 300w, https:\/\/agora.xtec.cat\/iesagustiserra\/wp-content\/uploads\/usu1681\/2020\/11\/IMG_0217-768x576.jpg 768w, https:\/\/agora.xtec.cat\/iesagustiserra\/wp-content\/uploads\/usu1681\/2020\/11\/IMG_0217-200x150.jpg 200w\" sizes=\"auto, (max-width: 1024px) 100vw, 1024px\" \/><\/a><\/td>\n<\/tr>\n<tr>\n<td><a href=\"https:\/\/agora.xtec.cat\/iesagustiserra\/wp-content\/uploads\/usu1681\/2020\/11\/IMG_0180.jpg\"><img loading=\"lazy\" decoding=\"async\" class=\"alignnone size-large wp-image-7655\" src=\"https:\/\/agora.xtec.cat\/iesagustiserra\/wp-content\/uploads\/usu1681\/2020\/11\/IMG_0180-1024x768.jpg\" alt=\"Institut Agust\u00ed Serra\" width=\"1024\" height=\"768\" srcset=\"https:\/\/agora.xtec.cat\/iesagustiserra\/wp-content\/uploads\/usu1681\/2020\/11\/IMG_0180-1024x768.jpg 1024w, https:\/\/agora.xtec.cat\/iesagustiserra\/wp-content\/uploads\/usu1681\/2020\/11\/IMG_0180-300x225.jpg 300w, https:\/\/agora.xtec.cat\/iesagustiserra\/wp-content\/uploads\/usu1681\/2020\/11\/IMG_0180-768x576.jpg 768w, https:\/\/agora.xtec.cat\/iesagustiserra\/wp-content\/uploads\/usu1681\/2020\/11\/IMG_0180-200x150.jpg 200w\" sizes=\"auto, (max-width: 1024px) 100vw, 1024px\" \/><\/a><\/td>\n<\/tr>\n<\/tbody>\n<\/table>\n<p style=\"text-align: justify;\">La finalitat principal del taller \u00e9s que l\u2019alumnat amb dificultats amb la llengua siguin capa\u00e7os d\u2019usar-la en contextos l\u00fadics, de manera que la puguin anar fent servir dintre i fora de l\u2019\u00e0mbit escolar.\u00a0\u00a0Aix\u00ed, el taller refor\u00e7a la part oral de la llengua i n\u2019impulsa l\u2019\u00fas habitual que els pot permetre avan\u00e7ar socialment potenciant sobretot l\u2019\u00fas a la pr\u00e0ctica de la llengua. La fusi\u00f3 amb la rumba fa que els alumnes entenguin la glosa des d\u2019un punt de vista diferent.<\/p>\n<table>\n<tbody>\n<tr>\n<td><a href=\"https:\/\/agora.xtec.cat\/iesagustiserra\/wp-content\/uploads\/usu1681\/2020\/11\/IMG_0206-e1606471008769.jpg\"><img loading=\"lazy\" decoding=\"async\" class=\"alignnone size-large wp-image-7660\" src=\"https:\/\/agora.xtec.cat\/iesagustiserra\/wp-content\/uploads\/usu1681\/2020\/11\/IMG_0206-e1606471008769-768x1024.jpg\" alt=\"Institut Agust\u00ed Serra\" width=\"768\" height=\"1024\" srcset=\"https:\/\/agora.xtec.cat\/iesagustiserra\/wp-content\/uploads\/usu1681\/2020\/11\/IMG_0206-e1606471008769-768x1024.jpg 768w, https:\/\/agora.xtec.cat\/iesagustiserra\/wp-content\/uploads\/usu1681\/2020\/11\/IMG_0206-e1606471008769-225x300.jpg 225w\" sizes=\"auto, (max-width: 768px) 100vw, 768px\" \/><\/a><\/td>\n<td><a href=\"https:\/\/agora.xtec.cat\/iesagustiserra\/wp-content\/uploads\/usu1681\/2020\/11\/IMG_0210-e1606470985432.jpg\"><img loading=\"lazy\" decoding=\"async\" class=\"alignnone size-large wp-image-7659\" src=\"https:\/\/agora.xtec.cat\/iesagustiserra\/wp-content\/uploads\/usu1681\/2020\/11\/IMG_0210-e1606470985432-768x1024.jpg\" alt=\"Institut Agust\u00ed Serra\" width=\"768\" height=\"1024\" srcset=\"https:\/\/agora.xtec.cat\/iesagustiserra\/wp-content\/uploads\/usu1681\/2020\/11\/IMG_0210-e1606470985432-768x1024.jpg 768w, https:\/\/agora.xtec.cat\/iesagustiserra\/wp-content\/uploads\/usu1681\/2020\/11\/IMG_0210-e1606470985432-225x300.jpg 225w\" sizes=\"auto, (max-width: 768px) 100vw, 768px\" \/><\/a><\/td>\n<\/tr>\n<\/tbody>\n<\/table>\n","protected":false},"excerpt":{"rendered":"<p>Els alumnes i les alumnes de 3r d\u2019ESO han participat en un taller, organitzat per la Plataforma per la llengua, sobre l&#8217;aprenentatge de les modalitats i t\u00e8cniques de la can\u00e7\u00f3 improvisada i fusionada amb la rumba per tal d\u2019incentivar l\u2019\u00fas de la llengua en l\u2019\u00e0mbit escolar.<\/p>\n","protected":false},"author":1,"featured_media":7661,"comment_status":"open","ping_status":"closed","sticky":false,"template":"","format":"standard","meta":{"site-sidebar-layout":"default","site-content-layout":"","ast-site-content-layout":"","site-content-style":"default","site-sidebar-style":"default","ast-global-header-display":"","ast-banner-title-visibility":"","ast-main-header-display":"","ast-hfb-above-header-display":"","ast-hfb-below-header-display":"","ast-hfb-mobile-header-display":"","site-post-title":"","ast-breadcrumbs-content":"","ast-featured-img":"","footer-sml-layout":"","theme-transparent-header-meta":"","adv-header-id-meta":"","stick-header-meta":"","header-above-stick-meta":"","header-main-stick-meta":"","header-below-stick-meta":"","astra-migrate-meta-layouts":"default","ast-page-background-enabled":"default","ast-page-background-meta":{"desktop":{"background-color":"var(--ast-global-color-4)","background-image":"","background-repeat":"repeat","background-position":"center center","background-size":"auto","background-attachment":"scroll","background-type":"","background-media":"","overlay-type":"","overlay-color":"","overlay-opacity":"","overlay-gradient":""},"tablet":{"background-color":"","background-image":"","background-repeat":"repeat","background-position":"center center","background-size":"auto","background-attachment":"scroll","background-type":"","background-media":"","overlay-type":"","overlay-color":"","overlay-opacity":"","overlay-gradient":""},"mobile":{"background-color":"","background-image":"","background-repeat":"repeat","background-position":"center center","background-size":"auto","background-attachment":"scroll","background-type":"","background-media":"","overlay-type":"","overlay-color":"","overlay-opacity":"","overlay-gradient":""}},"ast-content-background-meta":{"desktop":{"background-color":"var(--ast-global-color-5)","background-image":"","background-repeat":"repeat","background-position":"center center","background-size":"auto","background-attachment":"scroll","background-type":"","background-media":"","overlay-type":"","overlay-color":"","overlay-opacity":"","overlay-gradient":""},"tablet":{"background-color":"var(--ast-global-color-5)","background-image":"","background-repeat":"repeat","background-position":"center center","background-size":"auto","background-attachment":"scroll","background-type":"","background-media":"","overlay-type":"","overlay-color":"","overlay-opacity":"","overlay-gradient":""},"mobile":{"background-color":"var(--ast-global-color-5)","background-image":"","background-repeat":"repeat","background-position":"center center","background-size":"auto","background-attachment":"scroll","background-type":"","background-media":"","overlay-type":"","overlay-color":"","overlay-opacity":"","overlay-gradient":""}},"footnotes":""},"categories":[6,3,29],"tags":[260,141,370,58],"class_list":["post-7664","post","type-post","status-publish","format-standard","has-post-thumbnail","hentry","category-eso-3","category-eso","category-portada","tag-activitats","tag-catala","tag-curs-20-21","tag-tallers"],"post_mailing_queue_ids":[],"_links":{"self":[{"href":"https:\/\/agora.xtec.cat\/iesagustiserra\/wp-json\/wp\/v2\/posts\/7664","targetHints":{"allow":["GET"]}}],"collection":[{"href":"https:\/\/agora.xtec.cat\/iesagustiserra\/wp-json\/wp\/v2\/posts"}],"about":[{"href":"https:\/\/agora.xtec.cat\/iesagustiserra\/wp-json\/wp\/v2\/types\/post"}],"author":[{"embeddable":true,"href":"https:\/\/agora.xtec.cat\/iesagustiserra\/wp-json\/wp\/v2\/users\/1"}],"replies":[{"embeddable":true,"href":"https:\/\/agora.xtec.cat\/iesagustiserra\/wp-json\/wp\/v2\/comments?post=7664"}],"version-history":[{"count":2,"href":"https:\/\/agora.xtec.cat\/iesagustiserra\/wp-json\/wp\/v2\/posts\/7664\/revisions"}],"predecessor-version":[{"id":7773,"href":"https:\/\/agora.xtec.cat\/iesagustiserra\/wp-json\/wp\/v2\/posts\/7664\/revisions\/7773"}],"wp:featuredmedia":[{"embeddable":true,"href":"https:\/\/agora.xtec.cat\/iesagustiserra\/wp-json\/wp\/v2\/media\/7661"}],"wp:attachment":[{"href":"https:\/\/agora.xtec.cat\/iesagustiserra\/wp-json\/wp\/v2\/media?parent=7664"}],"wp:term":[{"taxonomy":"category","embeddable":true,"href":"https:\/\/agora.xtec.cat\/iesagustiserra\/wp-json\/wp\/v2\/categories?post=7664"},{"taxonomy":"post_tag","embeddable":true,"href":"https:\/\/agora.xtec.cat\/iesagustiserra\/wp-json\/wp\/v2\/tags?post=7664"}],"curies":[{"name":"wp","href":"https:\/\/api.w.org\/{rel}","templated":true}]}}