{"id":7247,"date":"2020-11-11T17:51:06","date_gmt":"2020-11-11T16:51:06","guid":{"rendered":"http:\/\/agora.xtec.cat\/iesagustiserra\/?p=7247"},"modified":"2020-11-11T18:35:07","modified_gmt":"2020-11-11T17:35:07","slug":"per-fi-ja-el-tenim-aqui-lonze-programa-de-radio-as","status":"publish","type":"post","link":"https:\/\/agora.xtec.cat\/iesagustiserra\/general\/per-fi-ja-el-tenim-aqui-lonze-programa-de-radio-as\/","title":{"rendered":"Ja tenim aqu\u00ed l&#8217;onz\u00e8 programa de R\u00e0dio AS!"},"content":{"rendered":"<p><iframe loading=\"lazy\" src=\"https:\/\/w.soundcloud.com\/player\/?url=https%3A\/\/api.soundcloud.com\/tracks\/927379747&amp;color=%23ff5500&amp;auto_play=false&amp;hide_related=false&amp;show_comments=true&amp;show_user=true&amp;show_reposts=false&amp;show_teaser=true&amp;visual=true\" width=\"100%\" height=\"300\" frameborder=\"no\"><span data-mce-type=\"bookmark\" style=\"display: inline-block; width: 0px; overflow: hidden; line-height: 0;\" class=\"mce_SELRES_start\">\ufeff<\/span><\/iframe><\/p>\n<div style=\"font-size: 10px; color: #cccccc; line-break: anywhere; word-break: normal; overflow: hidden; white-space: nowrap; text-overflow: ellipsis; font-family: Interstate,Lucida Grande,Lucida Sans Unicode,Lucida Sans,Garuda,Verdana,Tahoma,sans-serif; font-weight: 100;\"><a style=\"color: #cccccc; text-decoration: none;\" title=\"agustiserra\" href=\"https:\/\/soundcloud.com\/agustiserra\" target=\"_blank\" rel=\"noopener noreferrer\">agustiserra<\/a> \u00b7 <a style=\"color: #cccccc; text-decoration: none;\" title=\"PROGRAMA 11\" href=\"https:\/\/soundcloud.com\/agustiserra\/programa-11\" target=\"_blank\" rel=\"noopener noreferrer\">PROGRAMA 11<\/a><\/div>\n<p style=\"text-align: justify;\">Programa n\u00famero 11 de R\u00e0dio Agust\u00ed Serra. Degut a aquest inici de curs tan convuls ha costat una mica arrencar, per\u00f2 per fi ja ens ha arribat! Els nois de l&#8217;Aula oberta han preparat un programa ben variat: el Francisco ens parla de l&#8217;actualitat sobre la pand\u00e8mia de la Covid-19, el Dani i l&#8217;\u00c0ngel entrevisten a l&#8217;Eva P\u00e8rez i el Bouba s&#8217;encarrega del tema musical. Esperem que us agradi!<\/p>\n","protected":false},"excerpt":{"rendered":"<p>\ufeff agustiserra \u00b7 PROGRAMA 11 Programa n\u00famero 11 de R\u00e0dio Agust\u00ed Serra. Degut a aquest inici de curs tan convuls [&hellip;]<\/p>\n","protected":false},"author":1,"featured_media":7248,"comment_status":"open","ping_status":"closed","sticky":false,"template":"","format":"standard","meta":{"site-sidebar-layout":"default","site-content-layout":"","ast-site-content-layout":"","site-content-style":"default","site-sidebar-style":"default","ast-global-header-display":"","ast-banner-title-visibility":"","ast-main-header-display":"","ast-hfb-above-header-display":"","ast-hfb-below-header-display":"","ast-hfb-mobile-header-display":"","site-post-title":"","ast-breadcrumbs-content":"","ast-featured-img":"","footer-sml-layout":"","theme-transparent-header-meta":"","adv-header-id-meta":"","stick-header-meta":"","header-above-stick-meta":"","header-main-stick-meta":"","header-below-stick-meta":"","astra-migrate-meta-layouts":"default","ast-page-background-enabled":"default","ast-page-background-meta":{"desktop":{"background-color":"var(--ast-global-color-4)","background-image":"","background-repeat":"repeat","background-position":"center center","background-size":"auto","background-attachment":"scroll","background-type":"","background-media":"","overlay-type":"","overlay-color":"","overlay-opacity":"","overlay-gradient":""},"tablet":{"background-color":"","background-image":"","background-repeat":"repeat","background-position":"center center","background-size":"auto","background-attachment":"scroll","background-type":"","background-media":"","overlay-type":"","overlay-color":"","overlay-opacity":"","overlay-gradient":""},"mobile":{"background-color":"","background-image":"","background-repeat":"repeat","background-position":"center center","background-size":"auto","background-attachment":"scroll","background-type":"","background-media":"","overlay-type":"","overlay-color":"","overlay-opacity":"","overlay-gradient":""}},"ast-content-background-meta":{"desktop":{"background-color":"var(--ast-global-color-5)","background-image":"","background-repeat":"repeat","background-position":"center center","background-size":"auto","background-attachment":"scroll","background-type":"","background-media":"","overlay-type":"","overlay-color":"","overlay-opacity":"","overlay-gradient":""},"tablet":{"background-color":"var(--ast-global-color-5)","background-image":"","background-repeat":"repeat","background-position":"center center","background-size":"auto","background-attachment":"scroll","background-type":"","background-media":"","overlay-type":"","overlay-color":"","overlay-opacity":"","overlay-gradient":""},"mobile":{"background-color":"var(--ast-global-color-5)","background-image":"","background-repeat":"repeat","background-position":"center center","background-size":"auto","background-attachment":"scroll","background-type":"","background-media":"","overlay-type":"","overlay-color":"","overlay-opacity":"","overlay-gradient":""}},"footnotes":""},"categories":[3,1,29,177],"tags":[316,209],"class_list":["post-7247","post","type-post","status-publish","format-standard","has-post-thumbnail","hentry","category-eso","category-general","category-portada","category-radio-as","tag-coronavirus","tag-radio-as"],"post_mailing_queue_ids":[],"_links":{"self":[{"href":"https:\/\/agora.xtec.cat\/iesagustiserra\/wp-json\/wp\/v2\/posts\/7247","targetHints":{"allow":["GET"]}}],"collection":[{"href":"https:\/\/agora.xtec.cat\/iesagustiserra\/wp-json\/wp\/v2\/posts"}],"about":[{"href":"https:\/\/agora.xtec.cat\/iesagustiserra\/wp-json\/wp\/v2\/types\/post"}],"author":[{"embeddable":true,"href":"https:\/\/agora.xtec.cat\/iesagustiserra\/wp-json\/wp\/v2\/users\/1"}],"replies":[{"embeddable":true,"href":"https:\/\/agora.xtec.cat\/iesagustiserra\/wp-json\/wp\/v2\/comments?post=7247"}],"version-history":[{"count":4,"href":"https:\/\/agora.xtec.cat\/iesagustiserra\/wp-json\/wp\/v2\/posts\/7247\/revisions"}],"predecessor-version":[{"id":7261,"href":"https:\/\/agora.xtec.cat\/iesagustiserra\/wp-json\/wp\/v2\/posts\/7247\/revisions\/7261"}],"wp:featuredmedia":[{"embeddable":true,"href":"https:\/\/agora.xtec.cat\/iesagustiserra\/wp-json\/wp\/v2\/media\/7248"}],"wp:attachment":[{"href":"https:\/\/agora.xtec.cat\/iesagustiserra\/wp-json\/wp\/v2\/media?parent=7247"}],"wp:term":[{"taxonomy":"category","embeddable":true,"href":"https:\/\/agora.xtec.cat\/iesagustiserra\/wp-json\/wp\/v2\/categories?post=7247"},{"taxonomy":"post_tag","embeddable":true,"href":"https:\/\/agora.xtec.cat\/iesagustiserra\/wp-json\/wp\/v2\/tags?post=7247"}],"curies":[{"name":"wp","href":"https:\/\/api.w.org\/{rel}","templated":true}]}}