{"id":40027,"date":"2026-04-17T11:01:40","date_gmt":"2026-04-17T09:01:40","guid":{"rendered":"https:\/\/agora.xtec.cat\/iesagustiserra\/?p=40027"},"modified":"2026-04-17T11:01:43","modified_gmt":"2026-04-17T09:01:43","slug":"scape-room-stem-leso-impulsa-la-ciencia-dins-les-i-jornades-cientifiques-i-tecnologiques","status":"publish","type":"post","link":"https:\/\/agora.xtec.cat\/iesagustiserra\/general\/scape-room-stem-leso-impulsa-la-ciencia-dins-les-i-jornades-cientifiques-i-tecnologiques\/","title":{"rendered":"Scape Room STEM. L&#8217;ESO impulsa la ci\u00e8ncia dins les I Jornades Cient\u00edfiques i Tecnol\u00f2giques"},"content":{"rendered":"\n<div class=\"wp-block-columns is-layout-flex wp-container-core-columns-is-layout-1 wp-block-columns-is-layout-flex\">\n<div class=\"wp-block-column is-vertically-aligned-center is-layout-flow wp-block-column-is-layout-flow\" style=\"flex-basis:33.33%\">\n<p>Durant les&nbsp;<strong>I Jornades Cient\u00edfiques, Tecnol\u00f2giques i Solid\u00e0ries<\/strong>&nbsp;celebrades a l\u2019Institut Agust\u00ed Serra i Fontanet, l\u2019alumnat d\u2019ESO ha participat en una de les activitats m\u00e9s esperades: un&nbsp;<strong>Escape Room STEM<\/strong>&nbsp;dissenyat per apropar la ci\u00e8ncia, la tecnologia i l\u2019enginy d\u2019una manera l\u00fadica i competencial.<\/p>\n<\/div>\n\n\n\n<div class=\"wp-block-column is-vertically-aligned-center is-layout-flow wp-block-column-is-layout-flow\" style=\"flex-basis:66.66%\">\n<figure class=\"wp-block-image size-large\"><img loading=\"lazy\" decoding=\"async\" width=\"1024\" height=\"462\" src=\"https:\/\/agora.xtec.cat\/iesagustiserra\/wp-content\/uploads\/usu1681\/2026\/04\/WhatsApp-Image-2026-04-16-at-17.38.30-1024x462.jpeg\" alt=\"\" class=\"wp-image-40028\" srcset=\"https:\/\/agora.xtec.cat\/iesagustiserra\/wp-content\/uploads\/usu1681\/2026\/04\/WhatsApp-Image-2026-04-16-at-17.38.30-1024x462.jpeg 1024w, https:\/\/agora.xtec.cat\/iesagustiserra\/wp-content\/uploads\/usu1681\/2026\/04\/WhatsApp-Image-2026-04-16-at-17.38.30-600x270.jpeg 600w, https:\/\/agora.xtec.cat\/iesagustiserra\/wp-content\/uploads\/usu1681\/2026\/04\/WhatsApp-Image-2026-04-16-at-17.38.30-768x346.jpeg 768w, https:\/\/agora.xtec.cat\/iesagustiserra\/wp-content\/uploads\/usu1681\/2026\/04\/WhatsApp-Image-2026-04-16-at-17.38.30-1536x692.jpeg 1536w, https:\/\/agora.xtec.cat\/iesagustiserra\/wp-content\/uploads\/usu1681\/2026\/04\/WhatsApp-Image-2026-04-16-at-17.38.30.jpeg 2048w\" sizes=\"auto, (max-width: 1024px) 100vw, 1024px\" \/><\/figure>\n<\/div>\n<\/div>\n\n\n\n<p>L\u2019activitat ha estat organitzada per amb l\u2019objectiu de fomentar l\u2019aprenentatge actiu, el treball en equip i la resoluci\u00f3 de problemes a trav\u00e9s de reptes relacionats amb les disciplines STEM i angl\u00e8s.<\/p>\n\n\n\n<h5 class=\"wp-block-heading\">\u00a0Aprendre resolent reptes<\/h5>\n\n\n\n<div class=\"wp-block-columns is-layout-flex wp-container-core-columns-is-layout-2 wp-block-columns-is-layout-flex\">\n<div class=\"wp-block-column is-vertically-aligned-center is-layout-flow wp-block-column-is-layout-flow\" style=\"flex-basis:33.33%\">\n<p>L\u2019escape room ha plantejat diferents proves i enigmes que els equips d\u2019alumnes han hagut de superar col\u00b7laborativament per avan\u00e7ar en la hist\u00f2ria. Cada repte ha requerit habilitats com el raonament l\u00f2gic, la interpretaci\u00f3 de pistes, l\u2019\u00fas de coneixements cient\u00edfics i la presa de decisions en equip.<\/p>\n<\/div>\n\n\n\n<div class=\"wp-block-column is-vertically-aligned-center is-layout-flow wp-block-column-is-layout-flow\" style=\"flex-basis:66.66%\">\n<figure class=\"wp-block-image size-large\"><img loading=\"lazy\" decoding=\"async\" width=\"1024\" height=\"461\" src=\"https:\/\/agora.xtec.cat\/iesagustiserra\/wp-content\/uploads\/usu1681\/2026\/04\/ChatGPT-Image-16-abr-2026-22_02_47-1024x461.png\" alt=\"\" class=\"wp-image-40030\" srcset=\"https:\/\/agora.xtec.cat\/iesagustiserra\/wp-content\/uploads\/usu1681\/2026\/04\/ChatGPT-Image-16-abr-2026-22_02_47-1024x461.png 1024w, https:\/\/agora.xtec.cat\/iesagustiserra\/wp-content\/uploads\/usu1681\/2026\/04\/ChatGPT-Image-16-abr-2026-22_02_47-600x270.png 600w, https:\/\/agora.xtec.cat\/iesagustiserra\/wp-content\/uploads\/usu1681\/2026\/04\/ChatGPT-Image-16-abr-2026-22_02_47-768x345.png 768w, https:\/\/agora.xtec.cat\/iesagustiserra\/wp-content\/uploads\/usu1681\/2026\/04\/ChatGPT-Image-16-abr-2026-22_02_47-1536x691.png 1536w, https:\/\/agora.xtec.cat\/iesagustiserra\/wp-content\/uploads\/usu1681\/2026\/04\/ChatGPT-Image-16-abr-2026-22_02_47.png 1870w\" sizes=\"auto, (max-width: 1024px) 100vw, 1024px\" \/><\/figure>\n<\/div>\n<\/div>\n\n\n\n<p>Aquesta metodologia ha perm\u00e8s transformar continguts acad\u00e8mics en una experi\u00e8ncia immersiva i motivadora, refor\u00e7ant l\u2019aprenentatge significatiu.<\/p>\n\n\n\n<h5 class=\"wp-block-heading\">Objectius educatius de l\u2019activitat<\/h5>\n\n\n\n<div class=\"wp-block-columns are-vertically-aligned-center is-layout-flex wp-container-core-columns-is-layout-3 wp-block-columns-is-layout-flex\">\n<div class=\"wp-block-column is-vertically-aligned-center is-layout-flow wp-block-column-is-layout-flow\">\n<p>Entre els principals objectius de l\u2019escape room STEM destaquen:<\/p>\n\n\n\n<ul class=\"wp-block-list\">\n<li>Potenciar el\u00a0<strong>pensament cr\u00edtic i la resoluci\u00f3 de problemes<\/strong><\/li>\n\n\n\n<li>Fomentar la\u00a0<strong>cooperaci\u00f3 i el treball en equip<\/strong><\/li>\n\n\n\n<li>Apropar la ci\u00e8ncia i la tecnologia a l\u2019alumnat de forma vivencial<\/li>\n\n\n\n<li>Incentivar la motivaci\u00f3 per les mat\u00e8ries STEM<\/li>\n\n\n\n<li>Integrar l\u2019aprenentatge competencial dins d\u2019un context l\u00fadic<\/li>\n<\/ul>\n<\/div>\n\n\n\n<div class=\"wp-block-column is-vertically-aligned-center is-layout-flow wp-block-column-is-layout-flow\">\n<figure class=\"wp-block-image size-large\"><img loading=\"lazy\" decoding=\"async\" width=\"576\" height=\"1024\" src=\"https:\/\/agora.xtec.cat\/iesagustiserra\/wp-content\/uploads\/usu1681\/2026\/04\/ESO-I-ESCAPE-1-576x1024.jpeg\" alt=\"\" class=\"wp-image-40036\" srcset=\"https:\/\/agora.xtec.cat\/iesagustiserra\/wp-content\/uploads\/usu1681\/2026\/04\/ESO-I-ESCAPE-1-576x1024.jpeg 576w, https:\/\/agora.xtec.cat\/iesagustiserra\/wp-content\/uploads\/usu1681\/2026\/04\/ESO-I-ESCAPE-1-338x600.jpeg 338w, https:\/\/agora.xtec.cat\/iesagustiserra\/wp-content\/uploads\/usu1681\/2026\/04\/ESO-I-ESCAPE-1-768x1365.jpeg 768w, https:\/\/agora.xtec.cat\/iesagustiserra\/wp-content\/uploads\/usu1681\/2026\/04\/ESO-I-ESCAPE-1-864x1536.jpeg 864w, https:\/\/agora.xtec.cat\/iesagustiserra\/wp-content\/uploads\/usu1681\/2026\/04\/ESO-I-ESCAPE-1.jpeg 900w\" sizes=\"auto, (max-width: 576px) 100vw, 576px\" \/><\/figure>\n<\/div>\n\n\n\n<div class=\"wp-block-column is-vertically-aligned-center is-layout-flow wp-block-column-is-layout-flow\">\n<figure class=\"wp-block-image size-large\"><img loading=\"lazy\" decoding=\"async\" width=\"576\" height=\"1024\" src=\"https:\/\/agora.xtec.cat\/iesagustiserra\/wp-content\/uploads\/usu1681\/2026\/04\/ESO-I-ESCAPE-576x1024.jpeg\" alt=\"\" class=\"wp-image-40037\" srcset=\"https:\/\/agora.xtec.cat\/iesagustiserra\/wp-content\/uploads\/usu1681\/2026\/04\/ESO-I-ESCAPE-576x1024.jpeg 576w, https:\/\/agora.xtec.cat\/iesagustiserra\/wp-content\/uploads\/usu1681\/2026\/04\/ESO-I-ESCAPE-338x600.jpeg 338w, https:\/\/agora.xtec.cat\/iesagustiserra\/wp-content\/uploads\/usu1681\/2026\/04\/ESO-I-ESCAPE-768x1365.jpeg 768w, https:\/\/agora.xtec.cat\/iesagustiserra\/wp-content\/uploads\/usu1681\/2026\/04\/ESO-I-ESCAPE-864x1536.jpeg 864w, https:\/\/agora.xtec.cat\/iesagustiserra\/wp-content\/uploads\/usu1681\/2026\/04\/ESO-I-ESCAPE.jpeg 900w\" sizes=\"auto, (max-width: 576px) 100vw, 576px\" \/><\/figure>\n<\/div>\n<\/div>\n\n\n\n<h5 class=\"wp-block-heading\">Una experi\u00e8ncia que connecta aprenentatge i emoci\u00f3<\/h5>\n\n\n\n<p>L\u2019activitat ha estat molt ben rebuda per l\u2019alumnat, que ha destacat l\u2019emoci\u00f3 del repte, la necessitat de coordinar-se i la satisfacci\u00f3 d\u2019aconseguir resoldre les proves.<\/p>\n\n\n\n<p>Aquestes Jornades Cient\u00edfiques i Tecnol\u00f2giques han estat un espai de refer\u00e8ncia dins del centre, on la ci\u00e8ncia es viu, s\u2019experimenta i es comparteix.<\/p>\n","protected":false},"excerpt":{"rendered":"<p>Durant les&nbsp;I Jornades Cient\u00edfiques, Tecnol\u00f2giques i Solid\u00e0ries&nbsp;celebrades a l\u2019Institut Agust\u00ed Serra i Fontanet, l\u2019alumnat d\u2019ESO ha participat en una de [&hellip;]<\/p>\n","protected":false},"author":1,"featured_media":40028,"comment_status":"open","ping_status":"open","sticky":false,"template":"","format":"standard","meta":{"site-sidebar-layout":"default","site-content-layout":"","ast-site-content-layout":"default","site-content-style":"default","site-sidebar-style":"default","ast-global-header-display":"","ast-banner-title-visibility":"","ast-main-header-display":"","ast-hfb-above-header-display":"","ast-hfb-below-header-display":"","ast-hfb-mobile-header-display":"","site-post-title":"","ast-breadcrumbs-content":"","ast-featured-img":"","footer-sml-layout":"","theme-transparent-header-meta":"","adv-header-id-meta":"","stick-header-meta":"","header-above-stick-meta":"","header-main-stick-meta":"","header-below-stick-meta":"","astra-migrate-meta-layouts":"set","ast-page-background-enabled":"default","ast-page-background-meta":{"desktop":{"background-color":"var(--ast-global-color-4)","background-image":"","background-repeat":"repeat","background-position":"center center","background-size":"auto","background-attachment":"scroll","background-type":"","background-media":"","overlay-type":"","overlay-color":"","overlay-opacity":"","overlay-gradient":""},"tablet":{"background-color":"","background-image":"","background-repeat":"repeat","background-position":"center center","background-size":"auto","background-attachment":"scroll","background-type":"","background-media":"","overlay-type":"","overlay-color":"","overlay-opacity":"","overlay-gradient":""},"mobile":{"background-color":"","background-image":"","background-repeat":"repeat","background-position":"center center","background-size":"auto","background-attachment":"scroll","background-type":"","background-media":"","overlay-type":"","overlay-color":"","overlay-opacity":"","overlay-gradient":""}},"ast-content-background-meta":{"desktop":{"background-color":"var(--ast-global-color-5)","background-image":"","background-repeat":"repeat","background-position":"center center","background-size":"auto","background-attachment":"scroll","background-type":"","background-media":"","overlay-type":"","overlay-color":"","overlay-opacity":"","overlay-gradient":""},"tablet":{"background-color":"var(--ast-global-color-5)","background-image":"","background-repeat":"repeat","background-position":"center center","background-size":"auto","background-attachment":"scroll","background-type":"","background-media":"","overlay-type":"","overlay-color":"","overlay-opacity":"","overlay-gradient":""},"mobile":{"background-color":"var(--ast-global-color-5)","background-image":"","background-repeat":"repeat","background-position":"center center","background-size":"auto","background-attachment":"scroll","background-type":"","background-media":"","overlay-type":"","overlay-color":"","overlay-opacity":"","overlay-gradient":""}},"footnotes":""},"categories":[30,3,1,29],"tags":[150,1585,161,1738,1821],"class_list":["post-40027","post","type-post","status-publish","format-standard","has-post-thumbnail","hentry","category-cicles-formatius","category-eso","category-general","category-portada","tag-ciencia","tag-curs-2025-2026","tag-eso","tag-i-jornades-cientifiques","tag-scape-room-stem"],"post_mailing_queue_ids":[],"_links":{"self":[{"href":"https:\/\/agora.xtec.cat\/iesagustiserra\/wp-json\/wp\/v2\/posts\/40027","targetHints":{"allow":["GET"]}}],"collection":[{"href":"https:\/\/agora.xtec.cat\/iesagustiserra\/wp-json\/wp\/v2\/posts"}],"about":[{"href":"https:\/\/agora.xtec.cat\/iesagustiserra\/wp-json\/wp\/v2\/types\/post"}],"author":[{"embeddable":true,"href":"https:\/\/agora.xtec.cat\/iesagustiserra\/wp-json\/wp\/v2\/users\/1"}],"replies":[{"embeddable":true,"href":"https:\/\/agora.xtec.cat\/iesagustiserra\/wp-json\/wp\/v2\/comments?post=40027"}],"version-history":[{"count":6,"href":"https:\/\/agora.xtec.cat\/iesagustiserra\/wp-json\/wp\/v2\/posts\/40027\/revisions"}],"predecessor-version":[{"id":40039,"href":"https:\/\/agora.xtec.cat\/iesagustiserra\/wp-json\/wp\/v2\/posts\/40027\/revisions\/40039"}],"wp:featuredmedia":[{"embeddable":true,"href":"https:\/\/agora.xtec.cat\/iesagustiserra\/wp-json\/wp\/v2\/media\/40028"}],"wp:attachment":[{"href":"https:\/\/agora.xtec.cat\/iesagustiserra\/wp-json\/wp\/v2\/media?parent=40027"}],"wp:term":[{"taxonomy":"category","embeddable":true,"href":"https:\/\/agora.xtec.cat\/iesagustiserra\/wp-json\/wp\/v2\/categories?post=40027"},{"taxonomy":"post_tag","embeddable":true,"href":"https:\/\/agora.xtec.cat\/iesagustiserra\/wp-json\/wp\/v2\/tags?post=40027"}],"curies":[{"name":"wp","href":"https:\/\/api.w.org\/{rel}","templated":true}]}}