{"id":39491,"date":"2026-04-08T13:22:39","date_gmt":"2026-04-08T11:22:39","guid":{"rendered":"https:\/\/agora.xtec.cat\/iesagustiserra\/?p=39491"},"modified":"2026-04-08T19:16:30","modified_gmt":"2026-04-08T17:16:30","slug":"ajuntament-cicle-de-xerrades-la-primavera-de-les-families-trobada","status":"publish","type":"post","link":"https:\/\/agora.xtec.cat\/iesagustiserra\/general\/ajuntament-cicle-de-xerrades-la-primavera-de-les-families-trobada\/","title":{"rendered":"Ajuntament. Cicle de xerrades &#8220;La primavera de les fam\u00edlies&#8221; &#8211; Trobada"},"content":{"rendered":"\n<p>Compartim amb vosaltres una informaci\u00f3 ens fa arribar el Servei d\u2019Educaci\u00f3 de l\u2019Ajuntament de Sabadell. Es tracta de la nova edici\u00f3 de &#8220;La Primavera de les Fam\u00edlies&#8221;, un espai de trobada i reflexi\u00f3 sobre la crian\u00e7a i l&#8217;acompanyament d&#8217;infants i joves.<\/p>\n\n\n\n<div class=\"wp-block-columns is-layout-flex wp-container-core-columns-is-layout-1 wp-block-columns-is-layout-flex\">\n<div class=\"wp-block-column is-layout-flow wp-block-column-is-layout-flow\">\n<p><strong>Dades clau per destacar<\/strong>:<\/p>\n\n\n\n<ul class=\"wp-block-list\">\n<li><strong>Dates:<\/strong> Del 9 d&#8217;abril al 26 de maig.<\/li>\n\n\n\n<li><strong>Destinataris:<\/strong> Fam\u00edlies amb fills\/es de 0 a 18 anys.<\/li>\n\n\n\n<li><strong>Format:<\/strong> 11 xerrades presencials i virtuals. <\/li>\n\n\n\n<li><strong>Inscripcions:<\/strong> Cal fer reserva pr\u00e8via a trav\u00e9s de \u00a0<a href=\"https:\/\/web.sabadell.cat\/programes-educatius?layout=edit&amp;id=55620\" target=\"_blank\" rel=\"noreferrer noopener\">la web del Servei d\u2019Educaci\u00f3<\/a> o en aquest enlla\u00e7: <a href=\"https:\/\/tally.so\/r\/WO5Mqa\">https:\/\/tally.so\/r\/WO5Mqa<\/a><\/li>\n<\/ul>\n<\/div>\n\n\n\n<div class=\"wp-block-column is-vertically-aligned-center is-layout-flow wp-block-column-is-layout-flow\">\n<figure class=\"wp-block-image aligncenter size-full\"><a href=\"https:\/\/agora.xtec.cat\/iesagustiserra\/wp-content\/uploads\/usu1681\/2026\/03\/programaPrimFam26.pdf\"><img loading=\"lazy\" decoding=\"async\" width=\"797\" height=\"797\" src=\"https:\/\/agora.xtec.cat\/iesagustiserra\/wp-content\/uploads\/usu1681\/2026\/03\/Fwd-CICLE-DE-XERRADES-La-primavera-de-les-families-.jpg\" alt=\"\" class=\"wp-image-39486\" srcset=\"https:\/\/agora.xtec.cat\/iesagustiserra\/wp-content\/uploads\/usu1681\/2026\/03\/Fwd-CICLE-DE-XERRADES-La-primavera-de-les-families-.jpg 797w, https:\/\/agora.xtec.cat\/iesagustiserra\/wp-content\/uploads\/usu1681\/2026\/03\/Fwd-CICLE-DE-XERRADES-La-primavera-de-les-families--600x600.jpg 600w, https:\/\/agora.xtec.cat\/iesagustiserra\/wp-content\/uploads\/usu1681\/2026\/03\/Fwd-CICLE-DE-XERRADES-La-primavera-de-les-families--150x150.jpg 150w, https:\/\/agora.xtec.cat\/iesagustiserra\/wp-content\/uploads\/usu1681\/2026\/03\/Fwd-CICLE-DE-XERRADES-La-primavera-de-les-families--768x768.jpg 768w\" sizes=\"auto, (max-width: 797px) 100vw, 797px\" \/><\/a><\/figure>\n<\/div>\n<\/div>\n\n\n\n<blockquote class=\"wp-block-quote is-layout-flow wp-block-quote-is-layout-flow\">\n<p>Benvolgudes i benvolguts,<\/p>\n\n\n\n<p>Un any m\u00e9s arriba la&nbsp;<strong>Primavera de les Fam\u00edlies<\/strong>, un cicle de xerrades, tant presencials com virtuals, que s\u2019organitzen des del Programa T\u00e0ndem Fam\u00edlia- Escola del Servei d\u2019Educaci\u00f3 de &nbsp;l\u2019Ajuntament de Sabadell, en col\u00b7laboraci\u00f3 amb el Servei de Salut. el Servei de Joventut i el Servei de Mediaci\u00f3 Comunit\u00e0ria de l\u2019Ajuntament de Sabadell i la Diputaci\u00f3 de Barcelona.&nbsp;<\/p>\n\n\n\n<p>L\u2019objectiu de la&nbsp;<strong>Primavera de les Fam\u00edlies<\/strong>&nbsp;\u00e9s &nbsp;ser un espai de trobada, reflexi\u00f3 i debat al voltant de temes que generen inquietud a les fam\u00edlies; un espai on compartir, aprendre i &nbsp;plantejar-nos altres punts de vista sobre la crian\u00e7a i l\u2019acompanyament en el creixement d\u2019infants i joves.<\/p>\n\n\n\n<p>Enguany,&nbsp;s\u2019ofereixen&nbsp;11 propostes adre\u00e7ades a fam\u00edlies amb infants i joves de 0 a 18 anys&nbsp;i tindr\u00e0 lloc entre&nbsp;<strong>el 9 d\u2019abril i el 26 de maig.<\/strong><\/p>\n\n\n\n<p>Us recordem que, &nbsp;per participar a qualsevol de les xerrades,&nbsp;cal fer una inscripci\u00f3 pr\u00e8via&nbsp;a trav\u00e9s de l\u2019enlla\u00e7 que trobareu a cada una de les fitxes de les xerrades i tamb\u00e9 podeu trobar tota la informaci\u00f3 en el fullet\u00f3 adjunt o b\u00e9 a&nbsp;<a href=\"https:\/\/web.sabadell.cat\/programes-educatius?layout=edit&amp;id=55620\" target=\"_blank\" rel=\"noreferrer noopener\">la web del Servei d\u2019Educaci\u00f3<\/a>.<\/p>\n\n\n\n<p><\/p>\n\n\n\n<p><strong>Anna Salmer\u00f3n Jim\u00e9nez<\/strong><\/p>\n\n\n\n<p>Cap del Servei d\u2019Educaci\u00f3<\/p>\n\n\n\n<p>Tel. 93 745 33 00<\/p>\n\n\n\n<p><a href=\"mailto:asalmeron@ajsabadell.cat\" target=\"_blank\" rel=\"noreferrer noopener\">asalmeron@ajsabadell.cat<\/a><\/p>\n\n\n\n<p><a href=\"http:\/\/www.sabadell.cat\/\" target=\"_blank\" rel=\"noreferrer noopener\">www.sabadell.cat<\/a><\/p>\n\n\n\n<figure class=\"wp-block-image\"><img decoding=\"async\" src=\"https:\/\/mail.google.com\/mail\/u\/0?ui=2&amp;ik=cdece5d0c4&amp;attid=0.0.1&amp;permmsgid=msg-f:1860163349406482789&amp;th=19d0a0b5f1930165&amp;view=fimg&amp;fur=ip&amp;permmsgid=msg-f:1860163349406482789&amp;sz=s0-l75-ft&amp;attbid=ANGjdJ9DU6LEqqbcCiNq2vi6MTNiCE6CW_y4QK45BX7jinksMMt_DdZFy-pDIBsNeAAjpCEyZwszvFeKMI2glYvvd0EsPyYsP1ufV-Um4Wpy0zdH9cm01E8iCOd8YW8&amp;disp=emb&amp;realattid=ii_19d06a1d39b4cff311&amp;zw\" alt=\"\"\/><\/figure>\n\n\n\n<figure class=\"wp-block-image\"><img decoding=\"async\" src=\"https:\/\/mail.google.com\/mail\/u\/0?ui=2&amp;ik=cdece5d0c4&amp;attid=0.0.2&amp;permmsgid=msg-f:1860163349406482789&amp;th=19d0a0b5f1930165&amp;view=fimg&amp;fur=ip&amp;permmsgid=msg-f:1860163349406482789&amp;sz=s0-l75-ft&amp;attbid=ANGjdJ_txAiInQtEeDL4bow3QYFG254OgmHIYodj7fKYrRvcKT87zxIJsdhG2NedD1Jammpw3RXJyLw9Islvlk3Qd09jjREYDrK_inLIBWAs4QvYFM8IkGla5NUMHOg&amp;disp=emb&amp;realattid=ii_19d06a1d39b5b006a2&amp;zw\" alt=\"\"\/><\/figure>\n<\/blockquote>\n\n\n\n<div data-wp-interactive=\"core\/file\" class=\"wp-block-file\"><object data-wp-bind--hidden=\"!state.hasPdfPreview\" hidden class=\"wp-block-file__embed\" data=\"https:\/\/agora.xtec.cat\/iesagustiserra\/wp-content\/uploads\/usu1681\/2026\/03\/programaPrimFam26.pdf\" type=\"application\/pdf\" style=\"width:100%;height:672px\" aria-label=\"Incrustaci\u00f3 del fitxer programaPrimFam26.\"><\/object><a id=\"wp-block-file--media-07afc888-c97d-43e1-8133-59dbc2f9af0d\" href=\"https:\/\/agora.xtec.cat\/iesagustiserra\/wp-content\/uploads\/usu1681\/2026\/03\/programaPrimFam26.pdf\">programaPrimFam26<\/a><a href=\"https:\/\/agora.xtec.cat\/iesagustiserra\/wp-content\/uploads\/usu1681\/2026\/03\/programaPrimFam26.pdf\" class=\"wp-block-file__button wp-element-button\" download aria-describedby=\"wp-block-file--media-07afc888-c97d-43e1-8133-59dbc2f9af0d\">Baixa<\/a><\/div>\n\n\n\n<div class=\"wp-block-columns is-layout-flex wp-container-core-columns-is-layout-2 wp-block-columns-is-layout-flex\" style=\"border-style:none;border-width:0px;border-radius:0px;padding-right:0;padding-left:0\">\n<div class=\"wp-block-column is-layout-flow wp-block-column-is-layout-flow\" style=\"border-style:none;border-width:0px;padding-right:0;padding-left:0;flex-basis:33%\">\n<figure data-wp-context=\"{&quot;imageId&quot;:&quot;6a96fe2210292&quot;}\" data-wp-interactive=\"core\/image\" class=\"wp-block-image size-full wp-lightbox-container\"><img loading=\"lazy\" decoding=\"async\" width=\"539\" height=\"390\" data-wp-class--hide=\"state.isContentHidden\" data-wp-class--show=\"state.isContentVisible\" data-wp-init=\"callbacks.setButtonStyles\" data-wp-on-async--click=\"actions.showLightbox\" data-wp-on-async--load=\"callbacks.setButtonStyles\" data-wp-on-async-window--resize=\"callbacks.setButtonStyles\" src=\"https:\/\/agora.xtec.cat\/iesagustiserra\/wp-content\/uploads\/usu1681\/2026\/03\/IMG_1557.png\" alt=\"\" class=\"wp-image-39836\"\/><button\n\t\t\tclass=\"lightbox-trigger\"\n\t\t\ttype=\"button\"\n\t\t\taria-haspopup=\"dialog\"\n\t\t\taria-label=\"Amplia la imatge\"\n\t\t\tdata-wp-init=\"callbacks.initTriggerButton\"\n\t\t\tdata-wp-on-async--click=\"actions.showLightbox\"\n\t\t\tdata-wp-style--right=\"state.imageButtonRight\"\n\t\t\tdata-wp-style--top=\"state.imageButtonTop\"\n\t\t>\n\t\t\t<svg xmlns=\"http:\/\/www.w3.org\/2000\/svg\" width=\"12\" height=\"12\" fill=\"none\" viewBox=\"0 0 12 12\">\n\t\t\t\t<path fill=\"#fff\" d=\"M2 0a2 2 0 0 0-2 2v2h1.5V2a.5.5 0 0 1 .5-.5h2V0H2Zm2 10.5H2a.5.5 0 0 1-.5-.5V8H0v2a2 2 0 0 0 2 2h2v-1.5ZM8 12v-1.5h2a.5.5 0 0 0 .5-.5V8H12v2a2 2 0 0 1-2 2H8Zm2-12a2 2 0 0 1 2 2v2h-1.5V2a.5.5 0 0 0-.5-.5H8V0h2Z\" \/>\n\t\t\t<\/svg>\n\t\t<\/button><\/figure>\n<\/div>\n\n\n\n<div class=\"wp-block-column is-layout-flow wp-block-column-is-layout-flow\" style=\"flex-basis:33%\">\n<figure data-wp-context=\"{&quot;imageId&quot;:&quot;6a96fe22106fc&quot;}\" data-wp-interactive=\"core\/image\" class=\"wp-block-image size-full wp-lightbox-container\"><img loading=\"lazy\" decoding=\"async\" width=\"526\" height=\"466\" data-wp-class--hide=\"state.isContentHidden\" data-wp-class--show=\"state.isContentVisible\" data-wp-init=\"callbacks.setButtonStyles\" data-wp-on-async--click=\"actions.showLightbox\" data-wp-on-async--load=\"callbacks.setButtonStyles\" data-wp-on-async-window--resize=\"callbacks.setButtonStyles\" src=\"https:\/\/agora.xtec.cat\/iesagustiserra\/wp-content\/uploads\/usu1681\/2026\/03\/IMG_1555.png\" alt=\"\" class=\"wp-image-39834\"\/><button\n\t\t\tclass=\"lightbox-trigger\"\n\t\t\ttype=\"button\"\n\t\t\taria-haspopup=\"dialog\"\n\t\t\taria-label=\"Amplia la imatge\"\n\t\t\tdata-wp-init=\"callbacks.initTriggerButton\"\n\t\t\tdata-wp-on-async--click=\"actions.showLightbox\"\n\t\t\tdata-wp-style--right=\"state.imageButtonRight\"\n\t\t\tdata-wp-style--top=\"state.imageButtonTop\"\n\t\t>\n\t\t\t<svg xmlns=\"http:\/\/www.w3.org\/2000\/svg\" width=\"12\" height=\"12\" fill=\"none\" viewBox=\"0 0 12 12\">\n\t\t\t\t<path fill=\"#fff\" d=\"M2 0a2 2 0 0 0-2 2v2h1.5V2a.5.5 0 0 1 .5-.5h2V0H2Zm2 10.5H2a.5.5 0 0 1-.5-.5V8H0v2a2 2 0 0 0 2 2h2v-1.5ZM8 12v-1.5h2a.5.5 0 0 0 .5-.5V8H12v2a2 2 0 0 1-2 2H8Zm2-12a2 2 0 0 1 2 2v2h-1.5V2a.5.5 0 0 0-.5-.5H8V0h2Z\" \/>\n\t\t\t<\/svg>\n\t\t<\/button><\/figure>\n<\/div>\n\n\n\n<div class=\"wp-block-column is-layout-flow wp-block-column-is-layout-flow\" style=\"flex-basis:33%\">\n<figure data-wp-context=\"{&quot;imageId&quot;:&quot;6a96fe2210ae8&quot;}\" data-wp-interactive=\"core\/image\" class=\"wp-block-image size-full wp-lightbox-container\"><img loading=\"lazy\" decoding=\"async\" width=\"522\" height=\"380\" data-wp-class--hide=\"state.isContentHidden\" data-wp-class--show=\"state.isContentVisible\" data-wp-init=\"callbacks.setButtonStyles\" data-wp-on-async--click=\"actions.showLightbox\" data-wp-on-async--load=\"callbacks.setButtonStyles\" data-wp-on-async-window--resize=\"callbacks.setButtonStyles\" src=\"https:\/\/agora.xtec.cat\/iesagustiserra\/wp-content\/uploads\/usu1681\/2026\/03\/IMG_1556.png\" alt=\"\" class=\"wp-image-39835\"\/><button\n\t\t\tclass=\"lightbox-trigger\"\n\t\t\ttype=\"button\"\n\t\t\taria-haspopup=\"dialog\"\n\t\t\taria-label=\"Amplia la imatge\"\n\t\t\tdata-wp-init=\"callbacks.initTriggerButton\"\n\t\t\tdata-wp-on-async--click=\"actions.showLightbox\"\n\t\t\tdata-wp-style--right=\"state.imageButtonRight\"\n\t\t\tdata-wp-style--top=\"state.imageButtonTop\"\n\t\t>\n\t\t\t<svg xmlns=\"http:\/\/www.w3.org\/2000\/svg\" width=\"12\" height=\"12\" fill=\"none\" viewBox=\"0 0 12 12\">\n\t\t\t\t<path fill=\"#fff\" d=\"M2 0a2 2 0 0 0-2 2v2h1.5V2a.5.5 0 0 1 .5-.5h2V0H2Zm2 10.5H2a.5.5 0 0 1-.5-.5V8H0v2a2 2 0 0 0 2 2h2v-1.5ZM8 12v-1.5h2a.5.5 0 0 0 .5-.5V8H12v2a2 2 0 0 1-2 2H8Zm2-12a2 2 0 0 1 2 2v2h-1.5V2a.5.5 0 0 0-.5-.5H8V0h2Z\" \/>\n\t\t\t<\/svg>\n\t\t<\/button><\/figure>\n<\/div>\n<\/div>\n\n\n\n<p><\/p>\n","protected":false},"excerpt":{"rendered":"<p>Compartim amb vosaltres una informaci\u00f3 ens fa arribar el Servei d\u2019Educaci\u00f3 de l\u2019Ajuntament de Sabadell. Es tracta de la nova [&hellip;]<\/p>\n","protected":false},"author":1,"featured_media":39497,"comment_status":"open","ping_status":"open","sticky":false,"template":"","format":"standard","meta":{"site-sidebar-layout":"default","site-content-layout":"","ast-site-content-layout":"default","site-content-style":"default","site-sidebar-style":"default","ast-global-header-display":"","ast-banner-title-visibility":"","ast-main-header-display":"","ast-hfb-above-header-display":"","ast-hfb-below-header-display":"","ast-hfb-mobile-header-display":"","site-post-title":"","ast-breadcrumbs-content":"","ast-featured-img":"","footer-sml-layout":"","theme-transparent-header-meta":"","adv-header-id-meta":"","stick-header-meta":"","header-above-stick-meta":"","header-main-stick-meta":"","header-below-stick-meta":"","astra-migrate-meta-layouts":"set","ast-page-background-enabled":"default","ast-page-background-meta":{"desktop":{"background-color":"var(--ast-global-color-4)","background-image":"","background-repeat":"repeat","background-position":"center center","background-size":"auto","background-attachment":"scroll","background-type":"","background-media":"","overlay-type":"","overlay-color":"","overlay-opacity":"","overlay-gradient":""},"tablet":{"background-color":"","background-image":"","background-repeat":"repeat","background-position":"center center","background-size":"auto","background-attachment":"scroll","background-type":"","background-media":"","overlay-type":"","overlay-color":"","overlay-opacity":"","overlay-gradient":""},"mobile":{"background-color":"","background-image":"","background-repeat":"repeat","background-position":"center center","background-size":"auto","background-attachment":"scroll","background-type":"","background-media":"","overlay-type":"","overlay-color":"","overlay-opacity":"","overlay-gradient":""}},"ast-content-background-meta":{"desktop":{"background-color":"var(--ast-global-color-5)","background-image":"","background-repeat":"repeat","background-position":"center center","background-size":"auto","background-attachment":"scroll","background-type":"","background-media":"","overlay-type":"","overlay-color":"","overlay-opacity":"","overlay-gradient":""},"tablet":{"background-color":"var(--ast-global-color-5)","background-image":"","background-repeat":"repeat","background-position":"center center","background-size":"auto","background-attachment":"scroll","background-type":"","background-media":"","overlay-type":"","overlay-color":"","overlay-opacity":"","overlay-gradient":""},"mobile":{"background-color":"var(--ast-global-color-5)","background-image":"","background-repeat":"repeat","background-position":"center center","background-size":"auto","background-attachment":"scroll","background-type":"","background-media":"","overlay-type":"","overlay-color":"","overlay-opacity":"","overlay-gradient":""}},"footnotes":""},"categories":[8,30,3,1,402,215,29],"tags":[603,1585,1812,44],"class_list":["post-39491","post","type-post","status-publish","format-standard","has-post-thumbnail","hentry","category-batxillerat","category-cicles-formatius","category-eso","category-general","category-itinerari-formatiu-especific","category-programes-formacio-insercio-itineraris-formatius-especifics","category-portada","tag-ajuntament-de-sabadell","tag-curs-2025-2026","tag-la-primavera-de-les-families","tag-xerrades"],"post_mailing_queue_ids":[],"_links":{"self":[{"href":"https:\/\/agora.xtec.cat\/iesagustiserra\/wp-json\/wp\/v2\/posts\/39491","targetHints":{"allow":["GET"]}}],"collection":[{"href":"https:\/\/agora.xtec.cat\/iesagustiserra\/wp-json\/wp\/v2\/posts"}],"about":[{"href":"https:\/\/agora.xtec.cat\/iesagustiserra\/wp-json\/wp\/v2\/types\/post"}],"author":[{"embeddable":true,"href":"https:\/\/agora.xtec.cat\/iesagustiserra\/wp-json\/wp\/v2\/users\/1"}],"replies":[{"embeddable":true,"href":"https:\/\/agora.xtec.cat\/iesagustiserra\/wp-json\/wp\/v2\/comments?post=39491"}],"version-history":[{"count":6,"href":"https:\/\/agora.xtec.cat\/iesagustiserra\/wp-json\/wp\/v2\/posts\/39491\/revisions"}],"predecessor-version":[{"id":39845,"href":"https:\/\/agora.xtec.cat\/iesagustiserra\/wp-json\/wp\/v2\/posts\/39491\/revisions\/39845"}],"wp:featuredmedia":[{"embeddable":true,"href":"https:\/\/agora.xtec.cat\/iesagustiserra\/wp-json\/wp\/v2\/media\/39497"}],"wp:attachment":[{"href":"https:\/\/agora.xtec.cat\/iesagustiserra\/wp-json\/wp\/v2\/media?parent=39491"}],"wp:term":[{"taxonomy":"category","embeddable":true,"href":"https:\/\/agora.xtec.cat\/iesagustiserra\/wp-json\/wp\/v2\/categories?post=39491"},{"taxonomy":"post_tag","embeddable":true,"href":"https:\/\/agora.xtec.cat\/iesagustiserra\/wp-json\/wp\/v2\/tags?post=39491"}],"curies":[{"name":"wp","href":"https:\/\/api.w.org\/{rel}","templated":true}]}}