{"id":39293,"date":"2026-03-12T09:44:55","date_gmt":"2026-03-12T08:44:55","guid":{"rendered":"https:\/\/agora.xtec.cat\/iesagustiserra\/?p=39293"},"modified":"2026-03-16T10:42:49","modified_gmt":"2026-03-16T09:42:49","slug":"marxem-derasmus-al-juny","status":"publish","type":"post","link":"https:\/\/agora.xtec.cat\/iesagustiserra\/portada\/marxem-derasmus-al-juny\/","title":{"rendered":"Marxem d&#8217;Erasmus al juny!"},"content":{"rendered":"\n<div class=\"wp-block-columns is-layout-flex wp-container-core-columns-is-layout-1 wp-block-columns-is-layout-flex\">\n<div class=\"wp-block-column is-vertically-aligned-center is-layout-flow wp-block-column-is-layout-flow\" style=\"flex-basis:33.33%\">\n<p>Ja queda menys perqu\u00e8 el nostre alumnat de cicles formatius de grau mitj\u00e0 comenci les seves <strong>pr\u00e0ctiques Erasmus!<\/strong><\/p>\n\n\n\n<p>L&#8217;alumnat d&#8217;Activitats Comercials, Gesti\u00f3 Administrativa i Guia en el Medi realitzaran les seves pr\u00e0ctiques a la ciutat de Barcelos (Portugal), mentre que l\u2019alumnat d\u2019Instal\u00b7lacions el\u00e8ctriques i autom\u00e0tiques es despla\u00e7ar\u00e0 fins a Kaunas (Litu\u00e0nia<strong>)<\/strong>.<br><br><\/p>\n<\/div>\n\n\n\n<div class=\"wp-block-column is-vertically-aligned-center is-layout-flow wp-block-column-is-layout-flow\" style=\"flex-basis:66.66%\">\n<figure class=\"wp-block-image alignleft size-large\"><img loading=\"lazy\" decoding=\"async\" width=\"819\" height=\"1024\" src=\"https:\/\/agora.xtec.cat\/iesagustiserra\/wp-content\/uploads\/usu1681\/2026\/03\/unnamed-file-819x1024.jpg\" alt=\"\" class=\"wp-image-39295\" srcset=\"https:\/\/agora.xtec.cat\/iesagustiserra\/wp-content\/uploads\/usu1681\/2026\/03\/unnamed-file-819x1024.jpg 819w, https:\/\/agora.xtec.cat\/iesagustiserra\/wp-content\/uploads\/usu1681\/2026\/03\/unnamed-file-480x600.jpg 480w, https:\/\/agora.xtec.cat\/iesagustiserra\/wp-content\/uploads\/usu1681\/2026\/03\/unnamed-file-768x960.jpg 768w, https:\/\/agora.xtec.cat\/iesagustiserra\/wp-content\/uploads\/usu1681\/2026\/03\/unnamed-file-1229x1536.jpg 1229w, https:\/\/agora.xtec.cat\/iesagustiserra\/wp-content\/uploads\/usu1681\/2026\/03\/unnamed-file.jpg 1600w\" sizes=\"auto, (max-width: 819px) 100vw, 819px\" \/><\/figure>\n<\/div>\n<\/div>\n","protected":false},"excerpt":{"rendered":"<p>Ja queda menys perqu\u00e8 el nostre alumnat de cicles formatius de grau mitj\u00e0 comenci les seves pr\u00e0ctiques Erasmus! L&#8217;alumnat d&#8217;Activitats [&hellip;]<\/p>\n","protected":false},"author":1,"featured_media":39350,"comment_status":"open","ping_status":"open","sticky":false,"template":"","format":"standard","meta":{"site-sidebar-layout":"default","site-content-layout":"","ast-site-content-layout":"default","site-content-style":"default","site-sidebar-style":"default","ast-global-header-display":"","ast-banner-title-visibility":"","ast-main-header-display":"","ast-hfb-above-header-display":"","ast-hfb-below-header-display":"","ast-hfb-mobile-header-display":"","site-post-title":"","ast-breadcrumbs-content":"","ast-featured-img":"","footer-sml-layout":"","theme-transparent-header-meta":"","adv-header-id-meta":"","stick-header-meta":"","header-above-stick-meta":"","header-main-stick-meta":"","header-below-stick-meta":"","astra-migrate-meta-layouts":"set","ast-page-background-enabled":"default","ast-page-background-meta":{"desktop":{"background-color":"var(--ast-global-color-4)","background-image":"","background-repeat":"repeat","background-position":"center center","background-size":"auto","background-attachment":"scroll","background-type":"","background-media":"","overlay-type":"","overlay-color":"","overlay-opacity":"","overlay-gradient":""},"tablet":{"background-color":"","background-image":"","background-repeat":"repeat","background-position":"center center","background-size":"auto","background-attachment":"scroll","background-type":"","background-media":"","overlay-type":"","overlay-color":"","overlay-opacity":"","overlay-gradient":""},"mobile":{"background-color":"","background-image":"","background-repeat":"repeat","background-position":"center center","background-size":"auto","background-attachment":"scroll","background-type":"","background-media":"","overlay-type":"","overlay-color":"","overlay-opacity":"","overlay-gradient":""}},"ast-content-background-meta":{"desktop":{"background-color":"var(--ast-global-color-5)","background-image":"","background-repeat":"repeat","background-position":"center center","background-size":"auto","background-attachment":"scroll","background-type":"","background-media":"","overlay-type":"","overlay-color":"","overlay-opacity":"","overlay-gradient":""},"tablet":{"background-color":"var(--ast-global-color-5)","background-image":"","background-repeat":"repeat","background-position":"center center","background-size":"auto","background-attachment":"scroll","background-type":"","background-media":"","overlay-type":"","overlay-color":"","overlay-opacity":"","overlay-gradient":""},"mobile":{"background-color":"var(--ast-global-color-5)","background-image":"","background-repeat":"repeat","background-position":"center center","background-size":"auto","background-attachment":"scroll","background-type":"","background-media":"","overlay-type":"","overlay-color":"","overlay-opacity":"","overlay-gradient":""}},"footnotes":""},"categories":[709,256,236,30,237,239,705,702,711,29],"tags":[541,530,975,1585,1667,459,521,1779,1778,1698,1777],"class_list":["post-39293","post","type-post","status-publish","format-standard","has-post-thumbnail","hentry","category-activitats_comercials","category-activitatsfisiquesesportives","category-administracio-gestio","category-cicles-formatius","category-comerc-marqueting","category-electricitat_i_electronica","category-gestio_administrativa","category-medi_natural_temps_lleure","category-installacions_electriques_automatiques","category-portada","tag-activitats-comercials","tag-cfgm","tag-cfgm-installacions-electriques-i-automatiques","tag-curs-2025-2026","tag-erasmus","tag-gestio-administrativa","tag-guia-en-el-medi-natural-i-de-temps-de-lleure","tag-juny","tag-liituania","tag-mobilitat-fp","tag-portugal"],"post_mailing_queue_ids":[],"_links":{"self":[{"href":"https:\/\/agora.xtec.cat\/iesagustiserra\/wp-json\/wp\/v2\/posts\/39293","targetHints":{"allow":["GET"]}}],"collection":[{"href":"https:\/\/agora.xtec.cat\/iesagustiserra\/wp-json\/wp\/v2\/posts"}],"about":[{"href":"https:\/\/agora.xtec.cat\/iesagustiserra\/wp-json\/wp\/v2\/types\/post"}],"author":[{"embeddable":true,"href":"https:\/\/agora.xtec.cat\/iesagustiserra\/wp-json\/wp\/v2\/users\/1"}],"replies":[{"embeddable":true,"href":"https:\/\/agora.xtec.cat\/iesagustiserra\/wp-json\/wp\/v2\/comments?post=39293"}],"version-history":[{"count":1,"href":"https:\/\/agora.xtec.cat\/iesagustiserra\/wp-json\/wp\/v2\/posts\/39293\/revisions"}],"predecessor-version":[{"id":39296,"href":"https:\/\/agora.xtec.cat\/iesagustiserra\/wp-json\/wp\/v2\/posts\/39293\/revisions\/39296"}],"wp:featuredmedia":[{"embeddable":true,"href":"https:\/\/agora.xtec.cat\/iesagustiserra\/wp-json\/wp\/v2\/media\/39350"}],"wp:attachment":[{"href":"https:\/\/agora.xtec.cat\/iesagustiserra\/wp-json\/wp\/v2\/media?parent=39293"}],"wp:term":[{"taxonomy":"category","embeddable":true,"href":"https:\/\/agora.xtec.cat\/iesagustiserra\/wp-json\/wp\/v2\/categories?post=39293"},{"taxonomy":"post_tag","embeddable":true,"href":"https:\/\/agora.xtec.cat\/iesagustiserra\/wp-json\/wp\/v2\/tags?post=39293"}],"curies":[{"name":"wp","href":"https:\/\/api.w.org\/{rel}","templated":true}]}}