{"id":39270,"date":"2026-03-11T12:59:03","date_gmt":"2026-03-11T11:59:03","guid":{"rendered":"https:\/\/agora.xtec.cat\/iesagustiserra\/?p=39270"},"modified":"2026-03-11T13:03:00","modified_gmt":"2026-03-11T12:03:00","slug":"de-lfp-a-leso-seleccionat-el-projecte-de-benestar-aules-que-respiren","status":"publish","type":"post","link":"https:\/\/agora.xtec.cat\/iesagustiserra\/general\/de-lfp-a-leso-seleccionat-el-projecte-de-benestar-aules-que-respiren\/","title":{"rendered":"De l&#8217;FP a l&#8217;ESO: seleccionat el projecte de benestar &#8220;Aules que respiren&#8221;"},"content":{"rendered":"\n<blockquote class=\"wp-block-quote has-background is-layout-flow wp-block-quote-is-layout-flow\" style=\"background:linear-gradient(135deg,rgb(255,245,203) 0%,rgb(182,227,212) 100%,rgb(51,167,181) 100%)\">\n<p>El projecte \u201cAules que respiren: gimn\u00e0s saludable i intel\u00b7ligent per a la millora del benestar i l\u2019aprenentatge a l\u2019ESO\u201d seleccionat al Pla de Mesures d\u2019Innovaci\u00f3 a l\u2019FP 2025-2026<\/p>\n<\/blockquote>\n\n\n\n<div class=\"wp-block-columns is-layout-flex wp-container-core-columns-is-layout-1 wp-block-columns-is-layout-flex\" style=\"padding-top:var(--wp--preset--spacing--40);padding-bottom:var(--wp--preset--spacing--40)\">\n<div class=\"wp-block-column is-vertically-aligned-center is-layout-flow wp-container-core-column-is-layout-1 wp-block-column-is-layout-flow\" style=\"padding-top:0;padding-bottom:0;flex-basis:30%\">\n<p class=\"has-text-align-right\">Aquesta iniciativa proposa la creaci\u00f3 d\u2019un <strong>espai educatiu saludable i tecnol\u00f2gicament intel\u00b7ligent<\/strong> orientat a millorar el benestar f\u00edsic, emocional i cognitiu de l\u2019alumnat d\u2019ESO. <\/p>\n\n\n\n<p class=\"has-text-align-right\">Intregra l&#8217;activitat f\u00edsica, tecnologia i monitoratge de dades fet que afavoreix la concentraci\u00f3, la regulaci\u00f3 emocional i la millora de l\u2019aprenentatge.<\/p>\n<\/div>\n\n\n\n<div class=\"wp-block-column is-vertically-aligned-center is-layout-flow wp-block-column-is-layout-flow\" style=\"flex-basis:70%\">\n<figure data-wp-context=\"{&quot;imageId&quot;:&quot;69ee0e31ce7a4&quot;}\" data-wp-interactive=\"core\/image\" class=\"wp-block-image alignleft size-large wp-lightbox-container\"><img loading=\"lazy\" decoding=\"async\" width=\"1024\" height=\"461\" data-wp-class--hide=\"state.isContentHidden\" data-wp-class--show=\"state.isContentVisible\" data-wp-init=\"callbacks.setButtonStyles\" data-wp-on-async--click=\"actions.showLightbox\" data-wp-on-async--load=\"callbacks.setButtonStyles\" data-wp-on-async-window--resize=\"callbacks.setButtonStyles\" src=\"https:\/\/agora.xtec.cat\/iesagustiserra\/wp-content\/uploads\/usu1681\/2026\/03\/WhatsApp-Image-2026-02-28-at-17.18.37-1-1024x461.jpeg\" alt=\"\" class=\"wp-image-39272\" srcset=\"https:\/\/agora.xtec.cat\/iesagustiserra\/wp-content\/uploads\/usu1681\/2026\/03\/WhatsApp-Image-2026-02-28-at-17.18.37-1-1024x461.jpeg 1024w, https:\/\/agora.xtec.cat\/iesagustiserra\/wp-content\/uploads\/usu1681\/2026\/03\/WhatsApp-Image-2026-02-28-at-17.18.37-1-600x270.jpeg 600w, https:\/\/agora.xtec.cat\/iesagustiserra\/wp-content\/uploads\/usu1681\/2026\/03\/WhatsApp-Image-2026-02-28-at-17.18.37-1-768x346.jpeg 768w, https:\/\/agora.xtec.cat\/iesagustiserra\/wp-content\/uploads\/usu1681\/2026\/03\/WhatsApp-Image-2026-02-28-at-17.18.37-1-1536x691.jpeg 1536w, https:\/\/agora.xtec.cat\/iesagustiserra\/wp-content\/uploads\/usu1681\/2026\/03\/WhatsApp-Image-2026-02-28-at-17.18.37-1.jpeg 1600w\" sizes=\"auto, (max-width: 1024px) 100vw, 1024px\" \/><button\n\t\t\tclass=\"lightbox-trigger\"\n\t\t\ttype=\"button\"\n\t\t\taria-haspopup=\"dialog\"\n\t\t\taria-label=\"Amplia la imatge\"\n\t\t\tdata-wp-init=\"callbacks.initTriggerButton\"\n\t\t\tdata-wp-on-async--click=\"actions.showLightbox\"\n\t\t\tdata-wp-style--right=\"state.imageButtonRight\"\n\t\t\tdata-wp-style--top=\"state.imageButtonTop\"\n\t\t>\n\t\t\t<svg xmlns=\"http:\/\/www.w3.org\/2000\/svg\" width=\"12\" height=\"12\" fill=\"none\" viewBox=\"0 0 12 12\">\n\t\t\t\t<path fill=\"#fff\" d=\"M2 0a2 2 0 0 0-2 2v2h1.5V2a.5.5 0 0 1 .5-.5h2V0H2Zm2 10.5H2a.5.5 0 0 1-.5-.5V8H0v2a2 2 0 0 0 2 2h2v-1.5ZM8 12v-1.5h2a.5.5 0 0 0 .5-.5V8H12v2a2 2 0 0 1-2 2H8Zm2-12a2 2 0 0 1 2 2v2h-1.5V2a.5.5 0 0 0-.5-.5H8V0h2Z\" \/>\n\t\t\t<\/svg>\n\t\t<\/button><\/figure>\n<\/div>\n<\/div>\n\n\n\n<div class=\"wp-block-columns is-layout-flex wp-container-core-columns-is-layout-2 wp-block-columns-is-layout-flex\" style=\"padding-top:var(--wp--preset--spacing--20);padding-bottom:var(--wp--preset--spacing--20)\">\n<div class=\"wp-block-column is-vertically-aligned-center is-layout-flow wp-block-column-is-layout-flow\" style=\"flex-basis:30%\">\n<figure data-wp-context=\"{&quot;imageId&quot;:&quot;69ee0e31cef98&quot;}\" data-wp-interactive=\"core\/image\" class=\"wp-block-image alignright size-large is-resized wp-lightbox-container\"><img loading=\"lazy\" decoding=\"async\" width=\"461\" height=\"1024\" data-wp-class--hide=\"state.isContentHidden\" data-wp-class--show=\"state.isContentVisible\" data-wp-init=\"callbacks.setButtonStyles\" data-wp-on-async--click=\"actions.showLightbox\" data-wp-on-async--load=\"callbacks.setButtonStyles\" data-wp-on-async-window--resize=\"callbacks.setButtonStyles\" src=\"https:\/\/agora.xtec.cat\/iesagustiserra\/wp-content\/uploads\/usu1681\/2026\/03\/IMG20260310082400-461x1024.jpg\" alt=\"\" class=\"wp-image-39276\" style=\"width:174px;height:auto\" srcset=\"https:\/\/agora.xtec.cat\/iesagustiserra\/wp-content\/uploads\/usu1681\/2026\/03\/IMG20260310082400-461x1024.jpg 461w, https:\/\/agora.xtec.cat\/iesagustiserra\/wp-content\/uploads\/usu1681\/2026\/03\/IMG20260310082400-270x600.jpg 270w, https:\/\/agora.xtec.cat\/iesagustiserra\/wp-content\/uploads\/usu1681\/2026\/03\/IMG20260310082400-768x1706.jpg 768w, https:\/\/agora.xtec.cat\/iesagustiserra\/wp-content\/uploads\/usu1681\/2026\/03\/IMG20260310082400-692x1536.jpg 692w, https:\/\/agora.xtec.cat\/iesagustiserra\/wp-content\/uploads\/usu1681\/2026\/03\/IMG20260310082400-922x2048.jpg 922w, https:\/\/agora.xtec.cat\/iesagustiserra\/wp-content\/uploads\/usu1681\/2026\/03\/IMG20260310082400-scaled.jpg 1153w\" sizes=\"auto, (max-width: 461px) 100vw, 461px\" \/><button\n\t\t\tclass=\"lightbox-trigger\"\n\t\t\ttype=\"button\"\n\t\t\taria-haspopup=\"dialog\"\n\t\t\taria-label=\"Amplia la imatge\"\n\t\t\tdata-wp-init=\"callbacks.initTriggerButton\"\n\t\t\tdata-wp-on-async--click=\"actions.showLightbox\"\n\t\t\tdata-wp-style--right=\"state.imageButtonRight\"\n\t\t\tdata-wp-style--top=\"state.imageButtonTop\"\n\t\t>\n\t\t\t<svg xmlns=\"http:\/\/www.w3.org\/2000\/svg\" width=\"12\" height=\"12\" fill=\"none\" viewBox=\"0 0 12 12\">\n\t\t\t\t<path fill=\"#fff\" d=\"M2 0a2 2 0 0 0-2 2v2h1.5V2a.5.5 0 0 1 .5-.5h2V0H2Zm2 10.5H2a.5.5 0 0 1-.5-.5V8H0v2a2 2 0 0 0 2 2h2v-1.5ZM8 12v-1.5h2a.5.5 0 0 0 .5-.5V8H12v2a2 2 0 0 1-2 2H8Zm2-12a2 2 0 0 1 2 2v2h-1.5V2a.5.5 0 0 0-.5-.5H8V0h2Z\" \/>\n\t\t\t<\/svg>\n\t\t<\/button><\/figure>\n<\/div>\n\n\n\n<div class=\"wp-block-column is-vertically-aligned-center is-layout-flow wp-block-column-is-layout-flow\" style=\"flex-basis:70%\">\n<p>El projecte t\u00e9 tamb\u00e9 una clara <strong>dimensi\u00f3 interdisciplin\u00e0ria<\/strong>, ja que implica la participaci\u00f3 de diferents fam\u00edlies professionals de la Formaci\u00f3 Professional, que col\u00b7laboraran en el disseny, desenvolupament i implementaci\u00f3 de solucions tecnol\u00f2giques aplicades a la salut, el benestar i la millora dels <strong>espais educatius<\/strong>.<\/p>\n\n\n\n<p>La iniciativa s\u2019emmarca dins de les actuacions impulsades pel programa<a href=\"https:\/\/agora.xtec.cat\/iesagustiserra\/projectes\/fp\/innova-fp\/\" target=\"_blank\" rel=\"noreferrer noopener\"> <strong>InnovaFP<\/strong><\/a>, que promou projectes d\u2019innovaci\u00f3 i transfer\u00e8ncia de coneixement entre els centres educatius, i fomenta la col\u00b7laboraci\u00f3 entre l\u2019<strong>ESO<\/strong> i la <strong>Formaci\u00f3 Professional<\/strong>.<\/p>\n<\/div>\n<\/div>\n\n\n\n<p>La selecci\u00f3 d\u2019aquest projecte en el marc del<strong> Pla de Mesures d\u2019Innovaci\u00f3 a l\u2019FP<\/strong> reconeix el seu potencial per impulsar espais educatius innovadors, saludables i interdisciplinaris, orientats a millorar el benestar i l\u2019aprenentatge de l\u2019alumnat.<\/p>\n","protected":false},"excerpt":{"rendered":"<p>El projecte \u201cAules que respiren: gimn\u00e0s saludable i intel\u00b7ligent per a la millora del benestar i l\u2019aprenentatge a l\u2019ESO\u201d seleccionat [&hellip;]<\/p>\n","protected":false},"author":1,"featured_media":39276,"comment_status":"open","ping_status":"open","sticky":false,"template":"","format":"standard","meta":{"site-sidebar-layout":"default","site-content-layout":"","ast-site-content-layout":"default","site-content-style":"default","site-sidebar-style":"default","ast-global-header-display":"","ast-banner-title-visibility":"","ast-main-header-display":"","ast-hfb-above-header-display":"","ast-hfb-below-header-display":"","ast-hfb-mobile-header-display":"","site-post-title":"","ast-breadcrumbs-content":"","ast-featured-img":"","footer-sml-layout":"","theme-transparent-header-meta":"","adv-header-id-meta":"","stick-header-meta":"","header-above-stick-meta":"","header-main-stick-meta":"","header-below-stick-meta":"","astra-migrate-meta-layouts":"set","ast-page-background-enabled":"default","ast-page-background-meta":{"desktop":{"background-color":"var(--ast-global-color-4)","background-image":"","background-repeat":"repeat","background-position":"center center","background-size":"auto","background-attachment":"scroll","background-type":"","background-media":"","overlay-type":"","overlay-color":"","overlay-opacity":"","overlay-gradient":""},"tablet":{"background-color":"","background-image":"","background-repeat":"repeat","background-position":"center center","background-size":"auto","background-attachment":"scroll","background-type":"","background-media":"","overlay-type":"","overlay-color":"","overlay-opacity":"","overlay-gradient":""},"mobile":{"background-color":"","background-image":"","background-repeat":"repeat","background-position":"center center","background-size":"auto","background-attachment":"scroll","background-type":"","background-media":"","overlay-type":"","overlay-color":"","overlay-opacity":"","overlay-gradient":""}},"ast-content-background-meta":{"desktop":{"background-color":"var(--ast-global-color-5)","background-image":"","background-repeat":"repeat","background-position":"center center","background-size":"auto","background-attachment":"scroll","background-type":"","background-media":"","overlay-type":"","overlay-color":"","overlay-opacity":"","overlay-gradient":""},"tablet":{"background-color":"var(--ast-global-color-5)","background-image":"","background-repeat":"repeat","background-position":"center center","background-size":"auto","background-attachment":"scroll","background-type":"","background-media":"","overlay-type":"","overlay-color":"","overlay-opacity":"","overlay-gradient":""},"mobile":{"background-color":"var(--ast-global-color-5)","background-image":"","background-repeat":"repeat","background-position":"center center","background-size":"auto","background-attachment":"scroll","background-type":"","background-media":"","overlay-type":"","overlay-color":"","overlay-opacity":"","overlay-gradient":""}},"footnotes":""},"categories":[30,3,1,1394,29],"tags":[1775,1735,1585,161,624,1751,1776],"class_list":["post-39270","post","type-post","status-publish","format-standard","has-post-thumbnail","hentry","category-cicles-formatius","category-eso","category-general","category-innova-formacio-professional","category-portada","tag-aules-que-respiren-2","tag-benestar","tag-curs-2025-2026","tag-eso","tag-fp","tag-innovafp","tag-pla-de-mesures-dinnovacio"],"post_mailing_queue_ids":[],"_links":{"self":[{"href":"https:\/\/agora.xtec.cat\/iesagustiserra\/wp-json\/wp\/v2\/posts\/39270","targetHints":{"allow":["GET"]}}],"collection":[{"href":"https:\/\/agora.xtec.cat\/iesagustiserra\/wp-json\/wp\/v2\/posts"}],"about":[{"href":"https:\/\/agora.xtec.cat\/iesagustiserra\/wp-json\/wp\/v2\/types\/post"}],"author":[{"embeddable":true,"href":"https:\/\/agora.xtec.cat\/iesagustiserra\/wp-json\/wp\/v2\/users\/1"}],"replies":[{"embeddable":true,"href":"https:\/\/agora.xtec.cat\/iesagustiserra\/wp-json\/wp\/v2\/comments?post=39270"}],"version-history":[{"count":6,"href":"https:\/\/agora.xtec.cat\/iesagustiserra\/wp-json\/wp\/v2\/posts\/39270\/revisions"}],"predecessor-version":[{"id":39288,"href":"https:\/\/agora.xtec.cat\/iesagustiserra\/wp-json\/wp\/v2\/posts\/39270\/revisions\/39288"}],"wp:featuredmedia":[{"embeddable":true,"href":"https:\/\/agora.xtec.cat\/iesagustiserra\/wp-json\/wp\/v2\/media\/39276"}],"wp:attachment":[{"href":"https:\/\/agora.xtec.cat\/iesagustiserra\/wp-json\/wp\/v2\/media?parent=39270"}],"wp:term":[{"taxonomy":"category","embeddable":true,"href":"https:\/\/agora.xtec.cat\/iesagustiserra\/wp-json\/wp\/v2\/categories?post=39270"},{"taxonomy":"post_tag","embeddable":true,"href":"https:\/\/agora.xtec.cat\/iesagustiserra\/wp-json\/wp\/v2\/tags?post=39270"}],"curies":[{"name":"wp","href":"https:\/\/api.w.org\/{rel}","templated":true}]}}