{"id":38759,"date":"2026-02-20T10:49:00","date_gmt":"2026-02-20T09:49:00","guid":{"rendered":"https:\/\/agora.xtec.cat\/iesagustiserra\/?p=38759"},"modified":"2026-03-02T11:44:18","modified_gmt":"2026-03-02T10:44:18","slug":"aquest-curs-tornem-a-participar-en-la-fira-sbd-pro-2026","status":"publish","type":"post","link":"https:\/\/agora.xtec.cat\/iesagustiserra\/general\/aquest-curs-tornem-a-participar-en-la-fira-sbd-pro-2026\/","title":{"rendered":"Aquest curs, tornem a participar en la Fira SBD PRO 2026!"},"content":{"rendered":"\n        <div class=\"wp-block-getwid-post-carousel custom-post-type-post has-slides-gap-small is-carousel has-arrows-inside has-dots-outside\">\n            <div data-slider-option=\"{&quot;sliderSlidesToShowDesktop&quot;:&quot;3&quot;,&quot;getwid_slidesToShowLaptop&quot;:&quot;1&quot;,&quot;getwid_slidesToShowTablet&quot;:&quot;1&quot;,&quot;getwid_slidesToShowMobile&quot;:&quot;1&quot;,&quot;getwid_autoplay_speed&quot;:6000,&quot;getwid_animation_speed&quot;:800,&quot;getwid_slidesToScroll&quot;:&quot;1&quot;,&quot;getwid_autoplay&quot;:false,&quot;getwid_pause_on_hover&quot;:false,&quot;getwid_infinite&quot;:true,&quot;getwid_center_mode&quot;:false,&quot;getwid_arrows&quot;:&quot;inside&quot;,&quot;getwid_dots&quot;:&quot;outside&quot;}\" class=\"wp-block-getwid-post-carousel__wrapper\">\n                \t\t\t\t\t\t\t<div class=\"wp-block-getwid-post-carousel__slide\">\n\t\t\t\t\t\t\t\t\n<div class=\"wp-block-getwid-post-carousel__post\">\n            <div class=\"wp-block-getwid-post-carousel__post-thumbnail\">\n            <a href=\"https:\/\/agora.xtec.cat\/iesagustiserra\/general\/participem-en-la-10a-edicio-de-la-fira-sbd-pro\/\"><img loading=\"lazy\" decoding=\"async\" width=\"2048\" height=\"1536\" src=\"https:\/\/agora.xtec.cat\/iesagustiserra\/wp-content\/uploads\/usu1681\/2026\/03\/WhatsApp-Image-2026-02-27-at-17.20.34-2.jpeg\" class=\"attachment-post-thumbnail size-post-thumbnail wp-post-image\" alt=\"\" srcset=\"https:\/\/agora.xtec.cat\/iesagustiserra\/wp-content\/uploads\/usu1681\/2026\/03\/WhatsApp-Image-2026-02-27-at-17.20.34-2.jpeg 2048w, https:\/\/agora.xtec.cat\/iesagustiserra\/wp-content\/uploads\/usu1681\/2026\/03\/WhatsApp-Image-2026-02-27-at-17.20.34-2-600x450.jpeg 600w, https:\/\/agora.xtec.cat\/iesagustiserra\/wp-content\/uploads\/usu1681\/2026\/03\/WhatsApp-Image-2026-02-27-at-17.20.34-2-1024x768.jpeg 1024w, https:\/\/agora.xtec.cat\/iesagustiserra\/wp-content\/uploads\/usu1681\/2026\/03\/WhatsApp-Image-2026-02-27-at-17.20.34-2-768x576.jpeg 768w, https:\/\/agora.xtec.cat\/iesagustiserra\/wp-content\/uploads\/usu1681\/2026\/03\/WhatsApp-Image-2026-02-27-at-17.20.34-2-1536x1152.jpeg 1536w\" sizes=\"auto, (max-width: 2048px) 100vw, 2048px\" \/><\/a>\n        <\/div>\n        <div class=\"wp-block-getwid-post-carousel__post-content-wrapper\">\n        <div class=\"wp-block-getwid-post-carousel__post-header\">\n            <h3 class=\"wp-block-getwid-post-carousel__post-title\"><a href=\"https:\/\/agora.xtec.cat\/iesagustiserra\/general\/participem-en-la-10a-edicio-de-la-fira-sbd-pro\/\">Participem en la 10a edici\u00f3 de la Fira SBD PRO\u00a0\u00a0<\/a><\/h3>        <\/div>\n        <div class=\"wp-block-getwid-post-carousel__post-excerpt\"><p>El nostre centre ha estat present en la desena edici\u00f3 de la FIRA SBD PRO, un esdeveniment de refer\u00e8ncia que [&hellip;]<\/p>\n<\/div>\n    <\/div>\n<\/div>\n\n\t\t\t\t\t\t\t<\/div>\n\t\t\t\t\t\t\t\t\t\t\t\t\t<div class=\"wp-block-getwid-post-carousel__slide\">\n\t\t\t\t\t\t\t\t\n<div class=\"wp-block-getwid-post-carousel__post\">\n            <div class=\"wp-block-getwid-post-carousel__post-thumbnail\">\n            <a href=\"https:\/\/agora.xtec.cat\/iesagustiserra\/general\/aquest-curs-tornem-a-participar-en-la-fira-sbd-pro-2026\/\"><img loading=\"lazy\" decoding=\"async\" width=\"634\" height=\"569\" src=\"https:\/\/agora.xtec.cat\/iesagustiserra\/wp-content\/uploads\/usu1681\/2026\/02\/firaaa.jpg\" class=\"attachment-post-thumbnail size-post-thumbnail wp-post-image\" alt=\"\" srcset=\"https:\/\/agora.xtec.cat\/iesagustiserra\/wp-content\/uploads\/usu1681\/2026\/02\/firaaa.jpg 634w, https:\/\/agora.xtec.cat\/iesagustiserra\/wp-content\/uploads\/usu1681\/2026\/02\/firaaa-600x538.jpg 600w\" sizes=\"auto, (max-width: 634px) 100vw, 634px\" \/><\/a>\n        <\/div>\n        <div class=\"wp-block-getwid-post-carousel__post-content-wrapper\">\n        <div class=\"wp-block-getwid-post-carousel__post-header\">\n            <h3 class=\"wp-block-getwid-post-carousel__post-title\"><a href=\"https:\/\/agora.xtec.cat\/iesagustiserra\/general\/aquest-curs-tornem-a-participar-en-la-fira-sbd-pro-2026\/\">Aquest curs, tornem a participar en la Fira SBD PRO 2026!<\/a><\/h3>        <\/div>\n        <div class=\"wp-block-getwid-post-carousel__post-excerpt\"><p>La setmana vinent, del&nbsp;25 al 28 de febrer del 2026, assistirem a la&nbsp;Fira SBD PRO, un dels esdeveniments de refer\u00e8ncia [&hellip;]<\/p>\n<\/div>\n    <\/div>\n<\/div>\n\n\t\t\t\t\t\t\t<\/div>\n\t\t\t\t\t\t\t\t\t\t\t\t\t<div class=\"wp-block-getwid-post-carousel__slide\">\n\t\t\t\t\t\t\t\t\n<div class=\"wp-block-getwid-post-carousel__post\">\n            <div class=\"wp-block-getwid-post-carousel__post-thumbnail\">\n            <a href=\"https:\/\/agora.xtec.cat\/iesagustiserra\/general\/des-de-lagusti-serra-i-fontanet-participem-en-la-fira-sbd-pro\/\"><img loading=\"lazy\" decoding=\"async\" width=\"1600\" height=\"1200\" src=\"https:\/\/agora.xtec.cat\/iesagustiserra\/wp-content\/uploads\/usu1681\/2025\/03\/Fira-1.jpg\" class=\"attachment-post-thumbnail size-post-thumbnail wp-post-image\" alt=\"\" srcset=\"https:\/\/agora.xtec.cat\/iesagustiserra\/wp-content\/uploads\/usu1681\/2025\/03\/Fira-1.jpg 1600w, https:\/\/agora.xtec.cat\/iesagustiserra\/wp-content\/uploads\/usu1681\/2025\/03\/Fira-1-600x450.jpg 600w, https:\/\/agora.xtec.cat\/iesagustiserra\/wp-content\/uploads\/usu1681\/2025\/03\/Fira-1-1024x768.jpg 1024w, https:\/\/agora.xtec.cat\/iesagustiserra\/wp-content\/uploads\/usu1681\/2025\/03\/Fira-1-768x576.jpg 768w, https:\/\/agora.xtec.cat\/iesagustiserra\/wp-content\/uploads\/usu1681\/2025\/03\/Fira-1-1536x1152.jpg 1536w\" sizes=\"auto, (max-width: 1600px) 100vw, 1600px\" \/><\/a>\n        <\/div>\n        <div class=\"wp-block-getwid-post-carousel__post-content-wrapper\">\n        <div class=\"wp-block-getwid-post-carousel__post-header\">\n            <h3 class=\"wp-block-getwid-post-carousel__post-title\"><a href=\"https:\/\/agora.xtec.cat\/iesagustiserra\/general\/des-de-lagusti-serra-i-fontanet-participem-en-la-fira-sbd-pro\/\">Des de l&#8217;Agust\u00ed Serra i Fontanet participem en la Fira SBD Pro<\/a><\/h3>        <\/div>\n        <div class=\"wp-block-getwid-post-carousel__post-excerpt\"><p>La setmana passada, del 12 al 15 de mar\u00e7 de 2025, el nostre institut va tenir una destacada participaci\u00f3 en [&hellip;]<\/p>\n<\/div>\n    <\/div>\n<\/div>\n\n\t\t\t\t\t\t\t<\/div>\n\t\t\t\t\t\t\t\t\t\t\t\t\t<div class=\"wp-block-getwid-post-carousel__slide\">\n\t\t\t\t\t\t\t\t\n<div class=\"wp-block-getwid-post-carousel__post\">\n            <div class=\"wp-block-getwid-post-carousel__post-thumbnail\">\n            <a href=\"https:\/\/agora.xtec.cat\/iesagustiserra\/general\/cap-a-la-fira-sabadell-2025\/\"><img loading=\"lazy\" decoding=\"async\" width=\"600\" height=\"450\" src=\"https:\/\/agora.xtec.cat\/iesagustiserra\/wp-content\/uploads\/usu1681\/2025\/02\/fira-avis.jpg\" class=\"attachment-post-thumbnail size-post-thumbnail wp-post-image\" alt=\"\" \/><\/a>\n        <\/div>\n        <div class=\"wp-block-getwid-post-carousel__post-content-wrapper\">\n        <div class=\"wp-block-getwid-post-carousel__post-header\">\n            <h3 class=\"wp-block-getwid-post-carousel__post-title\"><a href=\"https:\/\/agora.xtec.cat\/iesagustiserra\/general\/cap-a-la-fira-sabadell-2025\/\">Cap a la FIRA Sabadell 2025!<\/a><\/h3>        <\/div>\n        <div class=\"wp-block-getwid-post-carousel__post-excerpt\"><p>Com ja sabeu, la Fira de l&#8217;FP est\u00e0 pr\u00f2xima a celebrar-se, i \u00e9s un esdeveniment important per al nostre centre [&hellip;]<\/p>\n<\/div>\n    <\/div>\n<\/div>\n\n\t\t\t\t\t\t\t<\/div>\n\t\t\t\t\t\t\t\t\t\t\t\t\t<div class=\"wp-block-getwid-post-carousel__slide\">\n\t\t\t\t\t\t\t\t\n<div class=\"wp-block-getwid-post-carousel__post\">\n            <div class=\"wp-block-getwid-post-carousel__post-thumbnail\">\n            <a href=\"https:\/\/agora.xtec.cat\/iesagustiserra\/portada\/fira-de-formacio-professional-i-treball-6-7-i-9-de-marc-de-2024\/\"><img loading=\"lazy\" decoding=\"async\" width=\"434\" height=\"514\" src=\"https:\/\/agora.xtec.cat\/iesagustiserra\/wp-content\/uploads\/usu1681\/2024\/02\/Sense-titol-1.jpg\" class=\"attachment-post-thumbnail size-post-thumbnail wp-post-image\" alt=\"Fira FP Sabadell 2024\" srcset=\"https:\/\/agora.xtec.cat\/iesagustiserra\/wp-content\/uploads\/usu1681\/2024\/02\/Sense-titol-1.jpg 434w, https:\/\/agora.xtec.cat\/iesagustiserra\/wp-content\/uploads\/usu1681\/2024\/02\/Sense-titol-1-253x300.jpg 253w\" sizes=\"auto, (max-width: 434px) 100vw, 434px\" \/><\/a>\n        <\/div>\n        <div class=\"wp-block-getwid-post-carousel__post-content-wrapper\">\n        <div class=\"wp-block-getwid-post-carousel__post-header\">\n            <h3 class=\"wp-block-getwid-post-carousel__post-title\"><a href=\"https:\/\/agora.xtec.cat\/iesagustiserra\/portada\/fira-de-formacio-professional-i-treball-6-7-i-9-de-marc-de-2024\/\">Fira de Formaci\u00f3 Professional i Treball: 6, 7 i 9 de mar\u00e7 de 2024<\/a><\/h3>        <\/div>\n        <div class=\"wp-block-getwid-post-carousel__post-excerpt\"><p>Un any m\u00e9s, el nostre institut participa activament com expositor en la Fira de Formaci\u00f3 Professional de Sabadell, la qual tindr\u00e0 lloc els dies 6, 7 i 9 de mar\u00e7.<\/p>\n<\/div>\n    <\/div>\n<\/div>\n\n\t\t\t\t\t\t\t<\/div>\n\t\t\t\t\t\t\t\t\t\t\t\t\t<div class=\"wp-block-getwid-post-carousel__slide\">\n\t\t\t\t\t\t\t\t\n<div class=\"wp-block-getwid-post-carousel__post\">\n            <div class=\"wp-block-getwid-post-carousel__post-thumbnail\">\n            <a href=\"https:\/\/agora.xtec.cat\/iesagustiserra\/general\/fira-sbd-pro-2-3-i-4-de-marc-2023\/\"><img loading=\"lazy\" decoding=\"async\" width=\"1024\" height=\"768\" src=\"https:\/\/agora.xtec.cat\/iesagustiserra\/wp-content\/uploads\/usu1681\/2023\/03\/Fira-SBD-PRO-2-3-i-4-de-marc-2023-_-4.jpg\" class=\"attachment-post-thumbnail size-post-thumbnail wp-post-image\" alt=\"\" srcset=\"https:\/\/agora.xtec.cat\/iesagustiserra\/wp-content\/uploads\/usu1681\/2023\/03\/Fira-SBD-PRO-2-3-i-4-de-marc-2023-_-4.jpg 1024w, https:\/\/agora.xtec.cat\/iesagustiserra\/wp-content\/uploads\/usu1681\/2023\/03\/Fira-SBD-PRO-2-3-i-4-de-marc-2023-_-4-300x225.jpg 300w, https:\/\/agora.xtec.cat\/iesagustiserra\/wp-content\/uploads\/usu1681\/2023\/03\/Fira-SBD-PRO-2-3-i-4-de-marc-2023-_-4-768x576.jpg 768w, https:\/\/agora.xtec.cat\/iesagustiserra\/wp-content\/uploads\/usu1681\/2023\/03\/Fira-SBD-PRO-2-3-i-4-de-marc-2023-_-4-200x150.jpg 200w\" sizes=\"auto, (max-width: 1024px) 100vw, 1024px\" \/><\/a>\n        <\/div>\n        <div class=\"wp-block-getwid-post-carousel__post-content-wrapper\">\n        <div class=\"wp-block-getwid-post-carousel__post-header\">\n            <h3 class=\"wp-block-getwid-post-carousel__post-title\"><a href=\"https:\/\/agora.xtec.cat\/iesagustiserra\/general\/fira-sbd-pro-2-3-i-4-de-marc-2023\/\">Fira SBD PRO 2, 3 i 4 de mar\u00e7 2023<\/a><\/h3>        <\/div>\n        <div class=\"wp-block-getwid-post-carousel__post-excerpt\"><p>La setena edici\u00f3 de la Fira Formaci\u00f3 i Treball s&#8217;ha portat a terme aquest primer cap de setmana de mar\u00e7. L&#8217;Institut Agust\u00ed Serra i Fontanet hi ha participat molt activament.<\/p>\n<p>Vegeu fotos i v\u00eddeo!<\/p>\n<\/div>\n    <\/div>\n<\/div>\n\n\t\t\t\t\t\t\t<\/div>\n\t\t\t\t\t\t            <\/div>\n        <\/div>\n        \n\n\n<div class=\"wp-block-buttons is-content-justification-center is-layout-flex wp-container-core-buttons-is-layout-1 wp-block-buttons-is-layout-flex\">\n<div class=\"wp-block-button\"><a class=\"wp-block-button__link wp-element-button\" href=\"https:\/\/sbdfirapro.sabadell.cat\/\">Enlla\u00e7 Web Fira Sabadell<\/a><\/div>\n<\/div>\n\n\n\n<div class=\"wp-block-columns alignwide are-vertically-aligned-top is-layout-flex wp-container-core-columns-is-layout-1 wp-block-columns-is-layout-flex\">\n<div class=\"wp-block-column is-vertically-aligned-top is-layout-flow wp-block-column-is-layout-flow\" style=\"flex-basis:50%\">\n<h4 class=\"wp-block-heading has-text-align-right\">La setmana vinent, del&nbsp;<strong>25 al 28 de febrer<\/strong> del 2026, assistirem a la&nbsp;<strong>Fira SBD PRO<\/strong>, un dels esdeveniments de refer\u00e8ncia a&nbsp;<strong>Sabadell<\/strong>.<\/h4>\n<\/div>\n\n\n\n<div class=\"wp-block-column is-vertically-aligned-top is-layout-flow wp-block-column-is-layout-flow\">\n<div data-wp-interactive=\"core\/file\" class=\"wp-block-file aligncenter\"><object data-wp-bind--hidden=\"!state.hasPdfPreview\" hidden class=\"wp-block-file__embed\" data=\"https:\/\/agora.xtec.cat\/iesagustiserra\/wp-content\/uploads\/usu1681\/2026\/02\/Sessio-informativa-SBD-fira-PRO_2026.pdf\" type=\"application\/pdf\" style=\"width:100%;height:310px\" aria-label=\"Incrustaci\u00f3 del fitxer Sessi\u00f3 informativa SBD fira PRO_2026.\"><\/object><a id=\"wp-block-file--media-451ca6d2-d148-4107-9b8c-84bfda704bee\" href=\"https:\/\/agora.xtec.cat\/iesagustiserra\/wp-content\/uploads\/usu1681\/2026\/02\/Sessio-informativa-SBD-fira-PRO_2026.pdf\">Sessi\u00f3 informativa SBD fira PRO_2026<\/a><a href=\"https:\/\/agora.xtec.cat\/iesagustiserra\/wp-content\/uploads\/usu1681\/2026\/02\/Sessio-informativa-SBD-fira-PRO_2026.pdf\" class=\"wp-block-file__button wp-element-button\" download aria-describedby=\"wp-block-file--media-451ca6d2-d148-4107-9b8c-84bfda704bee\">Baixa<\/a><\/div>\n<\/div>\n<\/div>\n\n\n\n<h4 class=\"wp-block-heading\">Qu\u00e8 hi podreu trobar al nostre estand?<\/h4>\n\n\n\n<ul class=\"wp-block-list\">\n<li>Informaci\u00f3 sobre la nostra oferta formativa en cicles formatius.<\/li>\n\n\n\n<li>Orientaci\u00f3 personalitzada.<\/li>\n\n\n\n<li>Informaci\u00f3 sobre els programes de pr\u00e0ctiques i col\u00b7laboraci\u00f3 amb empreses.<\/li>\n\n\n\n<li>Informaci\u00f3 sobre preinscripci\u00f3 i proc\u00e9s d&#8217;admissi\u00f3.<\/li>\n\n\n\n<li>Activitats i demostracions en directe.<\/li>\n<\/ul>\n\n\n\n<p><strong>Qu\u00e8 <\/strong>hi podreu trobar al nostre estand?<\/p>\n\n\n\n<p>Ens encantaria rebre la vostra visita i compartir aquest espai amb vosaltres.<\/p>\n\n\n\n<p><strong>Us hi esperem!<\/strong><\/p>\n\n\n\n<figure class=\"wp-block-image aligncenter is-resized\"><a href=\"https:\/\/sbdfirapro.sabadell.cat\/\" target=\"_blank\" rel=\" noreferrer noopener\"><img loading=\"lazy\" decoding=\"async\" width=\"1411\" height=\"662\" src=\"https:\/\/agora.xtec.cat\/iesagustiserra\/wp-content\/uploads\/usu1681\/2026\/01\/Fira-Sabadell-01-16-2026_11_27_AM.jpg\" alt=\"\" class=\"wp-image-37870\" style=\"width:684px;height:auto\" srcset=\"https:\/\/agora.xtec.cat\/iesagustiserra\/wp-content\/uploads\/usu1681\/2026\/01\/Fira-Sabadell-01-16-2026_11_27_AM.jpg 1411w, https:\/\/agora.xtec.cat\/iesagustiserra\/wp-content\/uploads\/usu1681\/2026\/01\/Fira-Sabadell-01-16-2026_11_27_AM-600x282.jpg 600w, https:\/\/agora.xtec.cat\/iesagustiserra\/wp-content\/uploads\/usu1681\/2026\/01\/Fira-Sabadell-01-16-2026_11_27_AM-1024x480.jpg 1024w, https:\/\/agora.xtec.cat\/iesagustiserra\/wp-content\/uploads\/usu1681\/2026\/01\/Fira-Sabadell-01-16-2026_11_27_AM-768x360.jpg 768w\" sizes=\"auto, (max-width: 1411px) 100vw, 1411px\" \/><\/a><\/figure>\n","protected":false},"excerpt":{"rendered":"<p>La setmana vinent, del&nbsp;25 al 28 de febrer del 2026, assistirem a la&nbsp;Fira SBD PRO, un dels esdeveniments de refer\u00e8ncia [&hellip;]<\/p>\n","protected":false},"author":1,"featured_media":38769,"comment_status":"open","ping_status":"open","sticky":false,"template":"","format":"standard","meta":{"site-sidebar-layout":"default","site-content-layout":"","ast-site-content-layout":"default","site-content-style":"default","site-sidebar-style":"default","ast-global-header-display":"","ast-banner-title-visibility":"","ast-main-header-display":"","ast-hfb-above-header-display":"","ast-hfb-below-header-display":"","ast-hfb-mobile-header-display":"","site-post-title":"","ast-breadcrumbs-content":"","ast-featured-img":"","footer-sml-layout":"","theme-transparent-header-meta":"","adv-header-id-meta":"","stick-header-meta":"","header-above-stick-meta":"","header-main-stick-meta":"","header-below-stick-meta":"","astra-migrate-meta-layouts":"set","ast-page-background-enabled":"default","ast-page-background-meta":{"desktop":{"background-color":"var(--ast-global-color-4)","background-image":"","background-repeat":"repeat","background-position":"center center","background-size":"auto","background-attachment":"scroll","background-type":"","background-media":"","overlay-type":"","overlay-color":"","overlay-opacity":"","overlay-gradient":""},"tablet":{"background-color":"","background-image":"","background-repeat":"repeat","background-position":"center center","background-size":"auto","background-attachment":"scroll","background-type":"","background-media":"","overlay-type":"","overlay-color":"","overlay-opacity":"","overlay-gradient":""},"mobile":{"background-color":"","background-image":"","background-repeat":"repeat","background-position":"center center","background-size":"auto","background-attachment":"scroll","background-type":"","background-media":"","overlay-type":"","overlay-color":"","overlay-opacity":"","overlay-gradient":""}},"ast-content-background-meta":{"desktop":{"background-color":"var(--ast-global-color-5)","background-image":"","background-repeat":"repeat","background-position":"center center","background-size":"auto","background-attachment":"scroll","background-type":"","background-media":"","overlay-type":"","overlay-color":"","overlay-opacity":"","overlay-gradient":""},"tablet":{"background-color":"var(--ast-global-color-5)","background-image":"","background-repeat":"repeat","background-position":"center center","background-size":"auto","background-attachment":"scroll","background-type":"","background-media":"","overlay-type":"","overlay-color":"","overlay-opacity":"","overlay-gradient":""},"mobile":{"background-color":"var(--ast-global-color-5)","background-image":"","background-repeat":"repeat","background-position":"center center","background-size":"auto","background-attachment":"scroll","background-type":"","background-media":"","overlay-type":"","overlay-color":"","overlay-opacity":"","overlay-gradient":""}},"footnotes":""},"categories":[256,236,238,30,237,239,3,173,1,402,215,29],"tags":[1585,313,1118,852],"class_list":["post-38759","post","type-post","status-publish","format-standard","has-post-thumbnail","hentry","category-activitatsfisiquesesportives","category-administracio-gestio","category-arts-grafiques","category-cicles-formatius","category-comerc-marqueting","category-electricitat_i_electronica","category-eso","category-fp-dual","category-general","category-itinerari-formatiu-especific","category-programes-formacio-insercio-itineraris-formatius-especifics","category-portada","tag-curs-2025-2026","tag-fira","tag-fira-de-formacio-professional-i-treball","tag-fira-sbd-pro"],"post_mailing_queue_ids":[],"_links":{"self":[{"href":"https:\/\/agora.xtec.cat\/iesagustiserra\/wp-json\/wp\/v2\/posts\/38759","targetHints":{"allow":["GET"]}}],"collection":[{"href":"https:\/\/agora.xtec.cat\/iesagustiserra\/wp-json\/wp\/v2\/posts"}],"about":[{"href":"https:\/\/agora.xtec.cat\/iesagustiserra\/wp-json\/wp\/v2\/types\/post"}],"author":[{"embeddable":true,"href":"https:\/\/agora.xtec.cat\/iesagustiserra\/wp-json\/wp\/v2\/users\/1"}],"replies":[{"embeddable":true,"href":"https:\/\/agora.xtec.cat\/iesagustiserra\/wp-json\/wp\/v2\/comments?post=38759"}],"version-history":[{"count":6,"href":"https:\/\/agora.xtec.cat\/iesagustiserra\/wp-json\/wp\/v2\/posts\/38759\/revisions"}],"predecessor-version":[{"id":38940,"href":"https:\/\/agora.xtec.cat\/iesagustiserra\/wp-json\/wp\/v2\/posts\/38759\/revisions\/38940"}],"wp:featuredmedia":[{"embeddable":true,"href":"https:\/\/agora.xtec.cat\/iesagustiserra\/wp-json\/wp\/v2\/media\/38769"}],"wp:attachment":[{"href":"https:\/\/agora.xtec.cat\/iesagustiserra\/wp-json\/wp\/v2\/media?parent=38759"}],"wp:term":[{"taxonomy":"category","embeddable":true,"href":"https:\/\/agora.xtec.cat\/iesagustiserra\/wp-json\/wp\/v2\/categories?post=38759"},{"taxonomy":"post_tag","embeddable":true,"href":"https:\/\/agora.xtec.cat\/iesagustiserra\/wp-json\/wp\/v2\/tags?post=38759"}],"curies":[{"name":"wp","href":"https:\/\/api.w.org\/{rel}","templated":true}]}}