{"id":38750,"date":"2026-02-19T10:28:01","date_gmt":"2026-02-19T09:28:01","guid":{"rendered":"https:\/\/agora.xtec.cat\/iesagustiserra\/?p=38750"},"modified":"2026-02-19T17:11:34","modified_gmt":"2026-02-19T16:11:34","slug":"xerrades-informatives-de-preinscripcio-2026-27-ajuntament-sabadell","status":"publish","type":"post","link":"https:\/\/agora.xtec.cat\/iesagustiserra\/general\/xerrades-informatives-de-preinscripcio-2026-27-ajuntament-sabadell\/","title":{"rendered":"Xerrades informatives Preinscripci\u00f3 2026-2027 1r d&#8217;ESO &#8211; Ajuntament Sabadell"},"content":{"rendered":"\n<p>Us informem que l\u2019Oficina Municipal d\u2019Escolaritzaci\u00f3 (OME) organitza unes sessions informatives, tant en format presencial com telem\u00e0tic, sobre el proc\u00e9s de <strong>PREINSCRIPCI\u00d3 per al curs 2026-2027 de 1r d\u2019ESO<\/strong>.<\/p>\n\n\n\n<p>Aquestes sessions s\u2019adrecen a les fam\u00edlies amb infants i\/o joves que s\u2019incorporen al segon cicle d\u2019educaci\u00f3 infantil (I3) o que inicien l\u2019etapa d\u2019educaci\u00f3 secund\u00e0ria obligat\u00f2ria (1r d\u2019ESO).<\/p>\n\n\n\n<div class=\"wp-block-columns is-layout-flex wp-container-core-columns-is-layout-1 wp-block-columns-is-layout-flex\">\n<div class=\"wp-block-column is-layout-flow wp-block-column-is-layout-flow\" style=\"flex-basis:33.33%\">\n<div data-wp-interactive=\"core\/file\" class=\"wp-block-file\"><object data-wp-bind--hidden=\"!state.hasPdfPreview\" hidden class=\"wp-block-file__embed\" data=\"https:\/\/agora.xtec.cat\/iesagustiserra\/wp-content\/uploads\/usu1681\/2026\/02\/cartellsXerradesPreinscripcio26-ok.pdf\" type=\"application\/pdf\" style=\"width:100%;height:480px\" aria-label=\"Incrustaci\u00f3 del fitxer cartellsXerradesPreinscripcio26 ok.\"><\/object><a id=\"wp-block-file--media-22349a87-ba4e-4c7d-95a9-6fed24b06bcd\" href=\"https:\/\/agora.xtec.cat\/iesagustiserra\/wp-content\/uploads\/usu1681\/2026\/02\/cartellsXerradesPreinscripcio26-ok.pdf\">cartellsXerradesPreinscripcio26 ok<\/a><a href=\"https:\/\/agora.xtec.cat\/iesagustiserra\/wp-content\/uploads\/usu1681\/2026\/02\/cartellsXerradesPreinscripcio26-ok.pdf\" class=\"wp-block-file__button wp-element-button\" download aria-describedby=\"wp-block-file--media-22349a87-ba4e-4c7d-95a9-6fed24b06bcd\">Baixa<\/a><\/div>\n<\/div>\n\n\n\n<div class=\"wp-block-column is-layout-flow wp-block-column-is-layout-flow\" style=\"flex-basis:66.66%\">\n<div data-wp-interactive=\"core\/file\" class=\"wp-block-file\"><object data-wp-bind--hidden=\"!state.hasPdfPreview\" hidden class=\"wp-block-file__embed\" data=\"https:\/\/agora.xtec.cat\/iesagustiserra\/wp-content\/uploads\/usu1681\/2026\/02\/tripticPreinscripcions26-ok.pdf\" type=\"application\/pdf\" style=\"width:100%;height:480px\" aria-label=\"Incrustaci\u00f3 del fitxer tripticPreinscripcions26 ok.\"><\/object><a id=\"wp-block-file--media-0702111b-72a8-4b5a-a5c5-ced1a0643a7a\" href=\"https:\/\/agora.xtec.cat\/iesagustiserra\/wp-content\/uploads\/usu1681\/2026\/02\/tripticPreinscripcions26-ok.pdf\">tripticPreinscripcions26 ok<\/a><a href=\"https:\/\/agora.xtec.cat\/iesagustiserra\/wp-content\/uploads\/usu1681\/2026\/02\/tripticPreinscripcions26-ok.pdf\" class=\"wp-block-file__button wp-element-button\" download aria-describedby=\"wp-block-file--media-0702111b-72a8-4b5a-a5c5-ced1a0643a7a\">Baixa<\/a><\/div>\n<\/div>\n<\/div>\n","protected":false},"excerpt":{"rendered":"<p>Us informem que l\u2019Oficina Municipal d\u2019Escolaritzaci\u00f3 (OME) organitza unes sessions informatives, tant en format presencial com telem\u00e0tic, sobre el proc\u00e9s [&hellip;]<\/p>\n","protected":false},"author":1,"featured_media":38753,"comment_status":"open","ping_status":"open","sticky":false,"template":"","format":"standard","meta":{"site-sidebar-layout":"default","site-content-layout":"","ast-site-content-layout":"default","site-content-style":"default","site-sidebar-style":"default","ast-global-header-display":"","ast-banner-title-visibility":"","ast-main-header-display":"","ast-hfb-above-header-display":"","ast-hfb-below-header-display":"","ast-hfb-mobile-header-display":"","site-post-title":"","ast-breadcrumbs-content":"","ast-featured-img":"","footer-sml-layout":"","theme-transparent-header-meta":"","adv-header-id-meta":"","stick-header-meta":"","header-above-stick-meta":"","header-main-stick-meta":"","header-below-stick-meta":"","astra-migrate-meta-layouts":"set","ast-page-background-enabled":"default","ast-page-background-meta":{"desktop":{"background-color":"var(--ast-global-color-4)","background-image":"","background-repeat":"repeat","background-position":"center center","background-size":"auto","background-attachment":"scroll","background-type":"","background-media":"","overlay-type":"","overlay-color":"","overlay-opacity":"","overlay-gradient":""},"tablet":{"background-color":"","background-image":"","background-repeat":"repeat","background-position":"center center","background-size":"auto","background-attachment":"scroll","background-type":"","background-media":"","overlay-type":"","overlay-color":"","overlay-opacity":"","overlay-gradient":""},"mobile":{"background-color":"","background-image":"","background-repeat":"repeat","background-position":"center center","background-size":"auto","background-attachment":"scroll","background-type":"","background-media":"","overlay-type":"","overlay-color":"","overlay-opacity":"","overlay-gradient":""}},"ast-content-background-meta":{"desktop":{"background-color":"var(--ast-global-color-5)","background-image":"","background-repeat":"repeat","background-position":"center center","background-size":"auto","background-attachment":"scroll","background-type":"","background-media":"","overlay-type":"","overlay-color":"","overlay-opacity":"","overlay-gradient":""},"tablet":{"background-color":"var(--ast-global-color-5)","background-image":"","background-repeat":"repeat","background-position":"center center","background-size":"auto","background-attachment":"scroll","background-type":"","background-media":"","overlay-type":"","overlay-color":"","overlay-opacity":"","overlay-gradient":""},"mobile":{"background-color":"var(--ast-global-color-5)","background-image":"","background-repeat":"repeat","background-position":"center center","background-size":"auto","background-attachment":"scroll","background-type":"","background-media":"","overlay-type":"","overlay-color":"","overlay-opacity":"","overlay-gradient":""}},"footnotes":""},"categories":[8,30,3,1,402,215,29],"tags":[603,1700,1732,204],"class_list":["post-38750","post","type-post","status-publish","format-standard","has-post-thumbnail","hentry","category-batxillerat","category-cicles-formatius","category-eso","category-general","category-itinerari-formatiu-especific","category-programes-formacio-insercio-itineraris-formatius-especifics","category-portada","tag-ajuntament-de-sabadell","tag-curs-2026-2027","tag-oficina-municipal-descolaritzacio-ome","tag-preinscripcio"],"post_mailing_queue_ids":[],"_links":{"self":[{"href":"https:\/\/agora.xtec.cat\/iesagustiserra\/wp-json\/wp\/v2\/posts\/38750","targetHints":{"allow":["GET"]}}],"collection":[{"href":"https:\/\/agora.xtec.cat\/iesagustiserra\/wp-json\/wp\/v2\/posts"}],"about":[{"href":"https:\/\/agora.xtec.cat\/iesagustiserra\/wp-json\/wp\/v2\/types\/post"}],"author":[{"embeddable":true,"href":"https:\/\/agora.xtec.cat\/iesagustiserra\/wp-json\/wp\/v2\/users\/1"}],"replies":[{"embeddable":true,"href":"https:\/\/agora.xtec.cat\/iesagustiserra\/wp-json\/wp\/v2\/comments?post=38750"}],"version-history":[{"count":4,"href":"https:\/\/agora.xtec.cat\/iesagustiserra\/wp-json\/wp\/v2\/posts\/38750\/revisions"}],"predecessor-version":[{"id":38756,"href":"https:\/\/agora.xtec.cat\/iesagustiserra\/wp-json\/wp\/v2\/posts\/38750\/revisions\/38756"}],"wp:featuredmedia":[{"embeddable":true,"href":"https:\/\/agora.xtec.cat\/iesagustiserra\/wp-json\/wp\/v2\/media\/38753"}],"wp:attachment":[{"href":"https:\/\/agora.xtec.cat\/iesagustiserra\/wp-json\/wp\/v2\/media?parent=38750"}],"wp:term":[{"taxonomy":"category","embeddable":true,"href":"https:\/\/agora.xtec.cat\/iesagustiserra\/wp-json\/wp\/v2\/categories?post=38750"},{"taxonomy":"post_tag","embeddable":true,"href":"https:\/\/agora.xtec.cat\/iesagustiserra\/wp-json\/wp\/v2\/tags?post=38750"}],"curies":[{"name":"wp","href":"https:\/\/api.w.org\/{rel}","templated":true}]}}