{"id":38138,"date":"2026-01-26T13:21:08","date_gmt":"2026-01-26T12:21:08","guid":{"rendered":"https:\/\/agora.xtec.cat\/iesagustiserra\/?p=38138"},"modified":"2026-01-26T13:21:19","modified_gmt":"2026-01-26T12:21:19","slug":"erasmus-sis-estudiants-de-linstitut-realitzaran-practiques-a-portugal","status":"publish","type":"post","link":"https:\/\/agora.xtec.cat\/iesagustiserra\/portada\/erasmus-sis-estudiants-de-linstitut-realitzaran-practiques-a-portugal\/","title":{"rendered":"Erasmus: Sis estudiants de l\u2019Institut realitzaran pr\u00e0ctiques a Portugal."},"content":{"rendered":"\n<figure data-wp-context=\"{&quot;imageId&quot;:&quot;69f381891e62b&quot;}\" data-wp-interactive=\"core\/image\" class=\"wp-block-image is-resized wp-lightbox-container\"><img loading=\"lazy\" decoding=\"async\" width=\"1024\" height=\"768\" data-wp-class--hide=\"state.isContentHidden\" data-wp-class--show=\"state.isContentVisible\" data-wp-init=\"callbacks.setButtonStyles\" data-wp-on-async--click=\"actions.showLightbox\" data-wp-on-async--load=\"callbacks.setButtonStyles\" data-wp-on-async-window--resize=\"callbacks.setButtonStyles\" src=\"https:\/\/agora.xtec.cat\/iesagustiserra\/wp-content\/uploads\/usu1681\/2026\/01\/erasmus-1-h-1024x768.jpeg\" alt=\"\" class=\"wp-image-38139\" style=\"width:443px;height:auto\" srcset=\"https:\/\/agora.xtec.cat\/iesagustiserra\/wp-content\/uploads\/usu1681\/2026\/01\/erasmus-1-h-1024x768.jpeg 1024w, https:\/\/agora.xtec.cat\/iesagustiserra\/wp-content\/uploads\/usu1681\/2026\/01\/erasmus-1-h-600x450.jpeg 600w, https:\/\/agora.xtec.cat\/iesagustiserra\/wp-content\/uploads\/usu1681\/2026\/01\/erasmus-1-h-768x576.jpeg 768w, https:\/\/agora.xtec.cat\/iesagustiserra\/wp-content\/uploads\/usu1681\/2026\/01\/erasmus-1-h.jpeg 1200w\" sizes=\"auto, (max-width: 1024px) 100vw, 1024px\" \/><button\n\t\t\tclass=\"lightbox-trigger\"\n\t\t\ttype=\"button\"\n\t\t\taria-haspopup=\"dialog\"\n\t\t\taria-label=\"Amplia la imatge\"\n\t\t\tdata-wp-init=\"callbacks.initTriggerButton\"\n\t\t\tdata-wp-on-async--click=\"actions.showLightbox\"\n\t\t\tdata-wp-style--right=\"state.imageButtonRight\"\n\t\t\tdata-wp-style--top=\"state.imageButtonTop\"\n\t\t>\n\t\t\t<svg xmlns=\"http:\/\/www.w3.org\/2000\/svg\" width=\"12\" height=\"12\" fill=\"none\" viewBox=\"0 0 12 12\">\n\t\t\t\t<path fill=\"#fff\" d=\"M2 0a2 2 0 0 0-2 2v2h1.5V2a.5.5 0 0 1 .5-.5h2V0H2Zm2 10.5H2a.5.5 0 0 1-.5-.5V8H0v2a2 2 0 0 0 2 2h2v-1.5ZM8 12v-1.5h2a.5.5 0 0 0 .5-.5V8H12v2a2 2 0 0 1-2 2H8Zm2-12a2 2 0 0 1 2 2v2h-1.5V2a.5.5 0 0 0-.5-.5H8V0h2Z\" \/>\n\t\t\t<\/svg>\n\t\t<\/button><\/figure>\n\n\n\n<p>El pr\u00f2xim mes de juny, aquests sis estudiants dels cicles d\u2019Activitats Comercials, Guia en el Medi Natural i Gesti\u00f3 Administrativa tindran l\u2019oportunitat de viure una experi\u00e8ncia Erasmus a Portugal. L\u2019estada es dur\u00e0 a terme a la ciutat de Barcelos, situada molt a prop d\u2019Porto.<\/p>\n\n\n\n<p>Durant un mes, l\u2019alumnat realitzar\u00e0 pr\u00e0ctiques formatives relacionades amb el seu sector professional, fet que els permetr\u00e0 ampliar coneixements, adquirir noves compet\u00e8ncies i con\u00e8ixer de primera m\u00e0 el funcionament del m\u00f3n laboral en un context internacional. A m\u00e9s, aquesta experi\u00e8ncia els oferir\u00e0 l\u2019oportunitat de cr\u00e9ixer tant en l&#8217;\u00e0mbit personal com cultural, tot convivint amb una nova realitat i vivint moments \u00fanics.<\/p>\n\n\n\n<p>Des de l\u2019Institut Agust\u00ed Serra fem un pas endavant en la internacionalitzaci\u00f3 del centre i els desitgem que gaudeixin al m\u00e0xim d\u2019aquesta gran aventura Erasmus.<\/p>\n","protected":false},"excerpt":{"rendered":"<p>El pr\u00f2xim mes de juny, aquests sis estudiants dels cicles d\u2019Activitats Comercials, Guia en el Medi Natural i Gesti\u00f3 Administrativa [&hellip;]<\/p>\n","protected":false},"author":1,"featured_media":38139,"comment_status":"open","ping_status":"open","sticky":false,"template":"","format":"standard","meta":{"site-sidebar-layout":"default","site-content-layout":"","ast-site-content-layout":"default","site-content-style":"default","site-sidebar-style":"default","ast-global-header-display":"","ast-banner-title-visibility":"","ast-main-header-display":"","ast-hfb-above-header-display":"","ast-hfb-below-header-display":"","ast-hfb-mobile-header-display":"","site-post-title":"","ast-breadcrumbs-content":"","ast-featured-img":"","footer-sml-layout":"","theme-transparent-header-meta":"","adv-header-id-meta":"","stick-header-meta":"","header-above-stick-meta":"","header-main-stick-meta":"","header-below-stick-meta":"","astra-migrate-meta-layouts":"set","ast-page-background-enabled":"default","ast-page-background-meta":{"desktop":{"background-color":"var(--ast-global-color-4)","background-image":"","background-repeat":"repeat","background-position":"center center","background-size":"auto","background-attachment":"scroll","background-type":"","background-media":"","overlay-type":"","overlay-color":"","overlay-opacity":"","overlay-gradient":""},"tablet":{"background-color":"","background-image":"","background-repeat":"repeat","background-position":"center center","background-size":"auto","background-attachment":"scroll","background-type":"","background-media":"","overlay-type":"","overlay-color":"","overlay-opacity":"","overlay-gradient":""},"mobile":{"background-color":"","background-image":"","background-repeat":"repeat","background-position":"center center","background-size":"auto","background-attachment":"scroll","background-type":"","background-media":"","overlay-type":"","overlay-color":"","overlay-opacity":"","overlay-gradient":""}},"ast-content-background-meta":{"desktop":{"background-color":"var(--ast-global-color-5)","background-image":"","background-repeat":"repeat","background-position":"center center","background-size":"auto","background-attachment":"scroll","background-type":"","background-media":"","overlay-type":"","overlay-color":"","overlay-opacity":"","overlay-gradient":""},"tablet":{"background-color":"var(--ast-global-color-5)","background-image":"","background-repeat":"repeat","background-position":"center center","background-size":"auto","background-attachment":"scroll","background-type":"","background-media":"","overlay-type":"","overlay-color":"","overlay-opacity":"","overlay-gradient":""},"mobile":{"background-color":"var(--ast-global-color-5)","background-image":"","background-repeat":"repeat","background-position":"center center","background-size":"auto","background-attachment":"scroll","background-type":"","background-media":"","overlay-type":"","overlay-color":"","overlay-opacity":"","overlay-gradient":""}},"footnotes":""},"categories":[256,236,30,237,173,29],"tags":[1585,1667,1698],"class_list":["post-38138","post","type-post","status-publish","format-standard","has-post-thumbnail","hentry","category-activitatsfisiquesesportives","category-administracio-gestio","category-cicles-formatius","category-comerc-marqueting","category-fp-dual","category-portada","tag-curs-2025-2026","tag-erasmus","tag-mobilitat-fp"],"post_mailing_queue_ids":[],"_links":{"self":[{"href":"https:\/\/agora.xtec.cat\/iesagustiserra\/wp-json\/wp\/v2\/posts\/38138","targetHints":{"allow":["GET"]}}],"collection":[{"href":"https:\/\/agora.xtec.cat\/iesagustiserra\/wp-json\/wp\/v2\/posts"}],"about":[{"href":"https:\/\/agora.xtec.cat\/iesagustiserra\/wp-json\/wp\/v2\/types\/post"}],"author":[{"embeddable":true,"href":"https:\/\/agora.xtec.cat\/iesagustiserra\/wp-json\/wp\/v2\/users\/1"}],"replies":[{"embeddable":true,"href":"https:\/\/agora.xtec.cat\/iesagustiserra\/wp-json\/wp\/v2\/comments?post=38138"}],"version-history":[{"count":4,"href":"https:\/\/agora.xtec.cat\/iesagustiserra\/wp-json\/wp\/v2\/posts\/38138\/revisions"}],"predecessor-version":[{"id":38145,"href":"https:\/\/agora.xtec.cat\/iesagustiserra\/wp-json\/wp\/v2\/posts\/38138\/revisions\/38145"}],"wp:featuredmedia":[{"embeddable":true,"href":"https:\/\/agora.xtec.cat\/iesagustiserra\/wp-json\/wp\/v2\/media\/38139"}],"wp:attachment":[{"href":"https:\/\/agora.xtec.cat\/iesagustiserra\/wp-json\/wp\/v2\/media?parent=38138"}],"wp:term":[{"taxonomy":"category","embeddable":true,"href":"https:\/\/agora.xtec.cat\/iesagustiserra\/wp-json\/wp\/v2\/categories?post=38138"},{"taxonomy":"post_tag","embeddable":true,"href":"https:\/\/agora.xtec.cat\/iesagustiserra\/wp-json\/wp\/v2\/tags?post=38138"}],"curies":[{"name":"wp","href":"https:\/\/api.w.org\/{rel}","templated":true}]}}