{"id":3777,"date":"2020-03-11T20:44:35","date_gmt":"2020-03-11T19:44:35","guid":{"rendered":"http:\/\/agora.xtec.cat\/iesagustiserra\/?p=3777"},"modified":"2020-03-11T20:44:35","modified_gmt":"2020-03-11T19:44:35","slug":"de-visita-a-lempresa-sbd-grafic-i-impremta-graferna","status":"publish","type":"post","link":"https:\/\/agora.xtec.cat\/iesagustiserra\/portada\/de-visita-a-lempresa-sbd-grafic-i-impremta-graferna\/","title":{"rendered":"De visita a l&#8217;empresa SBD Gr\u00e0fic i Impremta Graferna"},"content":{"rendered":"<p><a href=\"https:\/\/agora.xtec.cat\/iesagustiserra\/wp-content\/uploads\/usu1681\/2020\/03\/IMG-9297-e1583955629974.jpg\"><img loading=\"lazy\" decoding=\"async\" class=\"aligncenter size-large wp-image-3778\" src=\"https:\/\/agora.xtec.cat\/iesagustiserra\/wp-content\/uploads\/usu1681\/2020\/03\/IMG-9297-e1583955629974-1024x647.jpg\" alt=\"\" width=\"1024\" height=\"647\" srcset=\"https:\/\/agora.xtec.cat\/iesagustiserra\/wp-content\/uploads\/usu1681\/2020\/03\/IMG-9297-e1583955629974-1024x647.jpg 1024w, https:\/\/agora.xtec.cat\/iesagustiserra\/wp-content\/uploads\/usu1681\/2020\/03\/IMG-9297-e1583955629974-300x190.jpg 300w, https:\/\/agora.xtec.cat\/iesagustiserra\/wp-content\/uploads\/usu1681\/2020\/03\/IMG-9297-e1583955629974-768x485.jpg 768w, https:\/\/agora.xtec.cat\/iesagustiserra\/wp-content\/uploads\/usu1681\/2020\/03\/IMG-9297-e1583955629974.jpg 1500w\" sizes=\"auto, (max-width: 1024px) 100vw, 1024px\" \/><\/a><\/p>\n<p>Els alumnes del torn del tarda del Cicle de Grau Mitj\u00e0 de Preimpressi\u00f3 Digital de l\u2019Agust\u00ed Serra han visitat l\u2019empresa de Sabadell <a href=\"http:\/\/www.sbdgrafic.net\" target=\"_blank\" rel=\"noopener noreferrer\"><strong>SBD Gr\u00e0fic<\/strong><\/a>, on han pogut veure el flux de treball d\u2019obtenci\u00f3 d\u2019una planxa d\u2019\u00f2fset amb tecnologia CTP (Computer to Plate) d\u2019Agfa. A m\u00e9s, tamb\u00e9 han pogut visitar la impremta <a href=\"https:\/\/graferna.com\" target=\"_blank\" rel=\"noopener noreferrer\"><strong>Graferna<\/strong><\/a>, on han vist en funcionament una m\u00e0quina d\u2019impressi\u00f3 \u00f3fset Heidelberg Speedmaster de dos cossos i diversa maquin\u00e0ria de post impressi\u00f3.<\/p>\n<p>Agra\u00efm enormement als responsables d\u2019ambdues empreses la seva amabilitat i col\u00b7laboraci\u00f3 amb el nostre centre.<\/p>\n","protected":false},"excerpt":{"rendered":"<p>Els alumnes del torn del tarda del Cicle de Grau Mitj\u00e0 de Preimpressi\u00f3 Digital de l\u2019Agust\u00ed Serra han visitat l\u2019empresa [&hellip;]<\/p>\n","protected":false},"author":25,"featured_media":3778,"comment_status":"closed","ping_status":"closed","sticky":false,"template":"","format":"standard","meta":{"site-sidebar-layout":"default","site-content-layout":"","ast-site-content-layout":"","site-content-style":"default","site-sidebar-style":"default","ast-global-header-display":"","ast-banner-title-visibility":"","ast-main-header-display":"","ast-hfb-above-header-display":"","ast-hfb-below-header-display":"","ast-hfb-mobile-header-display":"","site-post-title":"","ast-breadcrumbs-content":"","ast-featured-img":"","footer-sml-layout":"","theme-transparent-header-meta":"","adv-header-id-meta":"","stick-header-meta":"","header-above-stick-meta":"","header-main-stick-meta":"","header-below-stick-meta":"","astra-migrate-meta-layouts":"default","ast-page-background-enabled":"default","ast-page-background-meta":{"desktop":{"background-color":"var(--ast-global-color-4)","background-image":"","background-repeat":"repeat","background-position":"center center","background-size":"auto","background-attachment":"scroll","background-type":"","background-media":"","overlay-type":"","overlay-color":"","overlay-opacity":"","overlay-gradient":""},"tablet":{"background-color":"","background-image":"","background-repeat":"repeat","background-position":"center center","background-size":"auto","background-attachment":"scroll","background-type":"","background-media":"","overlay-type":"","overlay-color":"","overlay-opacity":"","overlay-gradient":""},"mobile":{"background-color":"","background-image":"","background-repeat":"repeat","background-position":"center center","background-size":"auto","background-attachment":"scroll","background-type":"","background-media":"","overlay-type":"","overlay-color":"","overlay-opacity":"","overlay-gradient":""}},"ast-content-background-meta":{"desktop":{"background-color":"var(--ast-global-color-5)","background-image":"","background-repeat":"repeat","background-position":"center center","background-size":"auto","background-attachment":"scroll","background-type":"","background-media":"","overlay-type":"","overlay-color":"","overlay-opacity":"","overlay-gradient":""},"tablet":{"background-color":"var(--ast-global-color-5)","background-image":"","background-repeat":"repeat","background-position":"center center","background-size":"auto","background-attachment":"scroll","background-type":"","background-media":"","overlay-type":"","overlay-color":"","overlay-opacity":"","overlay-gradient":""},"mobile":{"background-color":"var(--ast-global-color-5)","background-image":"","background-repeat":"repeat","background-position":"center center","background-size":"auto","background-attachment":"scroll","background-type":"","background-media":"","overlay-type":"","overlay-color":"","overlay-opacity":"","overlay-gradient":""}},"footnotes":""},"categories":[238,30,29],"tags":[260,261,221,265,269,39,145],"class_list":["post-3777","post","type-post","status-publish","format-standard","has-post-thumbnail","hentry","category-arts-grafiques","category-cicles-formatius","category-portada","tag-activitats","tag-arts-grafiques","tag-cicles-formatius","tag-empresa","tag-grau-mig","tag-sortides","tag-visita"],"post_mailing_queue_ids":[],"_links":{"self":[{"href":"https:\/\/agora.xtec.cat\/iesagustiserra\/wp-json\/wp\/v2\/posts\/3777","targetHints":{"allow":["GET"]}}],"collection":[{"href":"https:\/\/agora.xtec.cat\/iesagustiserra\/wp-json\/wp\/v2\/posts"}],"about":[{"href":"https:\/\/agora.xtec.cat\/iesagustiserra\/wp-json\/wp\/v2\/types\/post"}],"author":[{"embeddable":true,"href":"https:\/\/agora.xtec.cat\/iesagustiserra\/wp-json\/wp\/v2\/users\/25"}],"replies":[{"embeddable":true,"href":"https:\/\/agora.xtec.cat\/iesagustiserra\/wp-json\/wp\/v2\/comments?post=3777"}],"version-history":[{"count":3,"href":"https:\/\/agora.xtec.cat\/iesagustiserra\/wp-json\/wp\/v2\/posts\/3777\/revisions"}],"predecessor-version":[{"id":3781,"href":"https:\/\/agora.xtec.cat\/iesagustiserra\/wp-json\/wp\/v2\/posts\/3777\/revisions\/3781"}],"wp:featuredmedia":[{"embeddable":true,"href":"https:\/\/agora.xtec.cat\/iesagustiserra\/wp-json\/wp\/v2\/media\/3778"}],"wp:attachment":[{"href":"https:\/\/agora.xtec.cat\/iesagustiserra\/wp-json\/wp\/v2\/media?parent=3777"}],"wp:term":[{"taxonomy":"category","embeddable":true,"href":"https:\/\/agora.xtec.cat\/iesagustiserra\/wp-json\/wp\/v2\/categories?post=3777"},{"taxonomy":"post_tag","embeddable":true,"href":"https:\/\/agora.xtec.cat\/iesagustiserra\/wp-json\/wp\/v2\/tags?post=3777"}],"curies":[{"name":"wp","href":"https:\/\/api.w.org\/{rel}","templated":true}]}}