{"id":37026,"date":"2026-01-08T10:41:14","date_gmt":"2026-01-08T09:41:14","guid":{"rendered":"https:\/\/agora.xtec.cat\/iesagustiserra\/?p=37026"},"modified":"2026-01-08T10:41:14","modified_gmt":"2026-01-08T09:41:14","slug":"convocatoria-oberta-per-inscriures-a-la-xarxa-erasmus-del-centre","status":"publish","type":"post","link":"https:\/\/agora.xtec.cat\/iesagustiserra\/general\/convocatoria-oberta-per-inscriures-a-la-xarxa-erasmus-del-centre\/","title":{"rendered":"Xarxa Erasmus del centre: Comencen les entrevistes."},"content":{"rendered":"\n<h4 class=\"wp-block-heading\">Entrevistes i llistat alumnat<\/h4>\n\n\n\n<p>A continuaci\u00f3 trobareu el llistat dels cicles amb els horaris corresponents:<\/p>\n\n\n\n<ul class=\"wp-block-list\">\n<li>Per al&nbsp;<strong><a href=\"https:\/\/agora.xtec.cat\/iesagustiserra\/estudis\/cicles-formatius\/activitats-fisiques-i-esportives\/cfgs-guia-en-el-medi-natural-i-de-temps-de-lleure\/\" target=\"_blank\" rel=\"noreferrer noopener\">cicle de guia en el medi natural<\/a><\/strong>, les&nbsp;entrevistes seran el pr\u00f2xim<strong> divendres 19 de desembre <\/strong>a partir de <strong>9.30\u202fh del mat\u00ed.&nbsp;<\/strong>Alguns vindreu abans del lliurament i altres despr\u00e9s. Tindreu un full a la web amb l&#8217;hora assignada.<\/li>\n<\/ul>\n\n\n\n<div class=\"wp-block-buttons is-content-justification-center is-layout-flex wp-container-core-buttons-is-layout-1 wp-block-buttons-is-layout-flex\">\n<div class=\"wp-block-button\"><a class=\"wp-block-button__link wp-element-button\" href=\"https:\/\/agora.xtec.cat\/iesagustiserra\/wp-content\/uploads\/usu1681\/2025\/12\/ENTREVISTES-WEB-ESPORTS-1.pdf\" target=\"_blank\" rel=\"noreferrer noopener\">Llistat alumnat d&#8217;entrevistes cicle de Guia en el medi natural<\/a><\/div>\n<\/div>\n\n\n\n<ul class=\"wp-block-list\">\n<li>Per al <a href=\"https:\/\/agora.xtec.cat\/iesagustiserra\/estudis\/cicles-formatius\/comerc-i-marketing\/cfgm-activitats-comercials\/\" target=\"_blank\" rel=\"noreferrer noopener\"><strong>cicle&nbsp;d&#8217;a<\/strong><\/a><strong><a href=\"https:\/\/agora.xtec.cat\/iesagustiserra\/estudis\/cicles-formatius\/comerc-i-marketing\/cfgm-activitats-comercials\/\" target=\"_blank\" rel=\"noreferrer noopener\">ctivitats comercials<\/a><\/strong>&nbsp;les entrevistes seran el<strong>&nbsp;dijous 8 de gener del 2026&nbsp;e<\/strong>ntre les <strong>9.00\u202fh i les 11.00\u202fh<\/strong>.<\/li>\n<\/ul>\n\n\n\n<div class=\"wp-block-buttons is-content-justification-center is-layout-flex wp-container-core-buttons-is-layout-2 wp-block-buttons-is-layout-flex\">\n<div class=\"wp-block-button\"><a class=\"wp-block-button__link wp-element-button\" href=\"https:\/\/agora.xtec.cat\/iesagustiserra\/wp-content\/uploads\/usu1681\/2025\/12\/ENTREVISTES-COMERC_.pdf\" target=\"_blank\" rel=\"noreferrer noopener\">Llistat alumnat d&#8217;entrevistes cicle d&#8217;Activitats comercials<\/a><\/div>\n<\/div>\n\n\n\n<ul class=\"wp-block-list\">\n<li>Per al <strong><a href=\"https:\/\/agora.xtec.cat\/iesagustiserra\/estudis\/cicles-formatius\/administracio-i-gestio-2\/\" target=\"_blank\" rel=\"noreferrer noopener\">cicle de&nbsp;gesti\u00f3 administrativa<\/a><\/strong>&nbsp;les entrevistes seran el<strong>&nbsp;dilluns 12 de gener<\/strong> del 2026&nbsp;entre les <strong>10.30\u202fh i les 12.30\u202fh.<\/strong><\/li>\n<\/ul>\n\n\n\n<div class=\"wp-block-buttons is-content-justification-center is-layout-flex wp-container-core-buttons-is-layout-3 wp-block-buttons-is-layout-flex\">\n<div class=\"wp-block-button\"><a class=\"wp-block-button__link wp-element-button\" href=\"https:\/\/agora.xtec.cat\/iesagustiserra\/wp-content\/uploads\/usu1681\/2026\/01\/ENTREVISTES-GESTIO-ADMIN.docx-1.pdf\" target=\"_blank\" rel=\"noreferrer noopener\">Llistat alumnat d&#8217;entrevistes cicle de Gesti\u00f3 administrativa i Gesti\u00f3 administrativa \u00e0mbit sanitari<\/a><\/div>\n<\/div>\n\n\n\n<ul class=\"wp-block-list\">\n<li>Per al<strong><a href=\"https:\/\/agora.xtec.cat\/iesagustiserra\/estudis\/cicles-formatius\/electricitat-2\/cfgm-installacions-electriques-i-automatiques\/\" target=\"_blank\" rel=\"noreferrer noopener\">&nbsp;cicle d&#8217;instal\u00b7lacions el\u00e8ctriques<\/a><\/strong>&nbsp;encara est\u00e0 <mark style=\"background-color:rgba(0, 0, 0, 0);color:#fa0202\" class=\"has-inline-color\"><strong>PENDENT DE CONFIRMAR<\/strong><\/mark>. Per\u00f2 segurament seran la tarda del dimecres 14 de gener i dijous 15 de gener del 2026 al mat\u00ed.<\/li>\n<\/ul>\n\n\n\n<p>En aquestes entrevistes busquem con\u00e8ixer-vos, comprovar si esteu preparats i preparades per estar fora de casa vint-i-vuit dies i que tingueu ganes i il\u00b7lusi\u00f3&nbsp;de gaudir de tota una experi\u00e8ncia. Sigueu naturals i prepareu-vos preguntes de l&#8217;estil: com creieu que ser\u00e0 el vostre dia a dia, com far\u00edeu per anar a cert lloc, aficions, etc.<\/p>\n\n\n\n<h4 class=\"wp-block-heading\">Aspirants<\/h4>\n\n\n\n<div data-wp-interactive=\"core\/file\" class=\"wp-block-file\"><object data-wp-bind--hidden=\"!state.hasPdfPreview\" hidden class=\"wp-block-file__embed\" data=\"https:\/\/agora.xtec.cat\/iesagustiserra\/wp-content\/uploads\/usu1681\/2025\/12\/ASPIRANTS-ERASMUS-1.pdf\" type=\"application\/pdf\" style=\"width:100%;height:600px\" aria-label=\"Incrustaci\u00f3 del fitxer ASPIRANTS ERASMUS (1).\"><\/object><a id=\"wp-block-file--media-2864ed68-a361-445a-a586-b0ad226a304c\" href=\"https:\/\/agora.xtec.cat\/iesagustiserra\/wp-content\/uploads\/usu1681\/2025\/12\/ASPIRANTS-ERASMUS-1.pdf\">ASPIRANTS ERASMUS (1)<\/a><a href=\"https:\/\/agora.xtec.cat\/iesagustiserra\/wp-content\/uploads\/usu1681\/2025\/12\/ASPIRANTS-ERASMUS-1.pdf\" class=\"wp-block-file__button wp-element-button\" download aria-describedby=\"wp-block-file--media-2864ed68-a361-445a-a586-b0ad226a304c\">Baixa<\/a><\/div>\n\n\n\n<p>L\u2019Institut Agust\u00ed Serra i Fontanet obre oficialment el&nbsp;<strong>proc\u00e9s de selecci\u00f3 per formar part de la Xarxa Erasmus<\/strong>&nbsp;del curs 2025-2026.<\/p>\n\n\n\n<p>El pr\u00f2xim dimecres<strong> 19 de novembre<\/strong>&nbsp;tindran lloc les&nbsp;<strong>sessions informatives<\/strong>&nbsp;adre\u00e7ades a l\u2019alumnat de&nbsp;<strong>Grau Mitj\u00e0 i Grau Superior<\/strong>&nbsp;interessat a optar a una mobilitat Erasmus+:<\/p>\n\n\n\n<ul class=\"wp-block-list\">\n<li><strong>13.30 h \u2014 Aula 27<\/strong><\/li>\n\n\n\n<li><strong>16.25 h \u2014 Aula 25<\/strong><\/li>\n<\/ul>\n\n\n\n<p>Durant aquestes xerrades, la Coordinaci\u00f3 de Mobilitat d\u2019FP presentar\u00e0 tots els detalls de la convocat\u00f2ria:&nbsp;<strong>criteris de selecci\u00f3<\/strong>,&nbsp;<strong>beques disponibles<\/strong>,&nbsp;<strong>destinacions<\/strong>, funcionament de les&nbsp;<strong>pr\u00e0ctiques a l\u2019estranger<\/strong>&nbsp;i calendari del proc\u00e9s.<\/p>\n\n\n\n<p>Aquestes sessions marquen l\u2019inici de la nova edici\u00f3 del projecte Erasmus+, que un any m\u00e9s ofereix a l\u2019alumnat una oportunitat \u00fanica de cr\u00e9ixer professionalment i personalment en un entorn internacional.<\/p>\n\n\n\n<div class=\"wp-block-buttons is-content-justification-center is-layout-flex wp-container-core-buttons-is-layout-4 wp-block-buttons-is-layout-flex\">\n<div class=\"wp-block-button\"><a class=\"wp-block-button__link wp-element-button\" href=\"https:\/\/agora.xtec.cat\/iesagustiserra\/wp-content\/uploads\/usu1681\/2025\/11\/Convocatoria-Erasmus-Agusti-Serra-Curs-25-26.pdf\" target=\"_blank\" rel=\"noreferrer noopener\"><img decoding=\"async\" src=\"https:\/\/fonts.gstatic.com\/s\/e\/notoemoji\/16.0\/1f449\/32.png\" alt=\"\ud83d\udc49\">&nbsp;<strong>Acc\u00e9s a la informaci\u00f3 de la Convocat\u00f2ria Erasmus 2025-2026 (alumnat)<\/strong><\/a><\/div>\n<\/div>\n\n\n\n<div data-wp-interactive=\"core\/file\" class=\"wp-block-file\"><object data-wp-bind--hidden=\"!state.hasPdfPreview\" hidden class=\"wp-block-file__embed\" data=\"https:\/\/agora.xtec.cat\/iesagustiserra\/wp-content\/uploads\/usu1681\/2025\/11\/Convocatoria-Erasmus-Agusti-Serra-Curs-25-26.pdf\" type=\"application\/pdf\" style=\"width:100%;height:600px\" aria-label=\"Incrustaci\u00f3 del fitxer Convocat\u00f2ria Erasmus Agust\u00ed Serra-Curs 25-26.\"><\/object><a id=\"wp-block-file--media-f4650e1c-22c0-4694-868a-579ca81069e7\" href=\"https:\/\/agora.xtec.cat\/iesagustiserra\/wp-content\/uploads\/usu1681\/2025\/11\/Convocatoria-Erasmus-Agusti-Serra-Curs-25-26.pdf\">Convocat\u00f2ria Erasmus Agust\u00ed Serra-Curs 25-26<\/a><a href=\"https:\/\/agora.xtec.cat\/iesagustiserra\/wp-content\/uploads\/usu1681\/2025\/11\/Convocatoria-Erasmus-Agusti-Serra-Curs-25-26.pdf\" class=\"wp-block-file__button wp-element-button\" download aria-describedby=\"wp-block-file--media-f4650e1c-22c0-4694-868a-579ca81069e7\">Baixa<\/a><\/div>\n","protected":false},"excerpt":{"rendered":"<p>A continuaci\u00f3 trobareu el llistat dels cicles, el llistat de l&#8217;alumnat per a les entrevistes i els dies i horaris.<\/p>\n<p>Cliqueu per llistat d&#8217;entrevistes Gesti\u00f3 administrativa i Gesti\u00f3 administrativa \u00e0mbit Sanitari (12\/01\/26) &#8230;<\/p>\n","protected":false},"author":1,"featured_media":37063,"comment_status":"open","ping_status":"open","sticky":false,"template":"","format":"standard","meta":{"site-sidebar-layout":"default","site-content-layout":"","ast-site-content-layout":"default","site-content-style":"default","site-sidebar-style":"default","ast-global-header-display":"","ast-banner-title-visibility":"","ast-main-header-display":"","ast-hfb-above-header-display":"","ast-hfb-below-header-display":"","ast-hfb-mobile-header-display":"","site-post-title":"","ast-breadcrumbs-content":"","ast-featured-img":"","footer-sml-layout":"","theme-transparent-header-meta":"","adv-header-id-meta":"","stick-header-meta":"","header-above-stick-meta":"","header-main-stick-meta":"","header-below-stick-meta":"","astra-migrate-meta-layouts":"set","ast-page-background-enabled":"default","ast-page-background-meta":{"desktop":{"background-color":"var(--ast-global-color-4)","background-image":"","background-repeat":"repeat","background-position":"center center","background-size":"auto","background-attachment":"scroll","background-type":"","background-media":"","overlay-type":"","overlay-color":"","overlay-opacity":"","overlay-gradient":""},"tablet":{"background-color":"","background-image":"","background-repeat":"repeat","background-position":"center center","background-size":"auto","background-attachment":"scroll","background-type":"","background-media":"","overlay-type":"","overlay-color":"","overlay-opacity":"","overlay-gradient":""},"mobile":{"background-color":"","background-image":"","background-repeat":"repeat","background-position":"center center","background-size":"auto","background-attachment":"scroll","background-type":"","background-media":"","overlay-type":"","overlay-color":"","overlay-opacity":"","overlay-gradient":""}},"ast-content-background-meta":{"desktop":{"background-color":"var(--ast-global-color-5)","background-image":"","background-repeat":"repeat","background-position":"center center","background-size":"auto","background-attachment":"scroll","background-type":"","background-media":"","overlay-type":"","overlay-color":"","overlay-opacity":"","overlay-gradient":""},"tablet":{"background-color":"var(--ast-global-color-5)","background-image":"","background-repeat":"repeat","background-position":"center center","background-size":"auto","background-attachment":"scroll","background-type":"","background-media":"","overlay-type":"","overlay-color":"","overlay-opacity":"","overlay-gradient":""},"mobile":{"background-color":"var(--ast-global-color-5)","background-image":"","background-repeat":"repeat","background-position":"center center","background-size":"auto","background-attachment":"scroll","background-type":"","background-media":"","overlay-type":"","overlay-color":"","overlay-opacity":"","overlay-gradient":""}},"footnotes":""},"categories":[30,1620,1392,1,29,175],"tags":[1585,1667],"class_list":["post-37026","post","type-post","status-publish","format-standard","has-post-thumbnail","hentry","category-cicles-formatius","category-erasmus","category-formacio-professional","category-general","category-portada","category-projectes","tag-curs-2025-2026","tag-erasmus"],"post_mailing_queue_ids":[],"_links":{"self":[{"href":"https:\/\/agora.xtec.cat\/iesagustiserra\/wp-json\/wp\/v2\/posts\/37026","targetHints":{"allow":["GET"]}}],"collection":[{"href":"https:\/\/agora.xtec.cat\/iesagustiserra\/wp-json\/wp\/v2\/posts"}],"about":[{"href":"https:\/\/agora.xtec.cat\/iesagustiserra\/wp-json\/wp\/v2\/types\/post"}],"author":[{"embeddable":true,"href":"https:\/\/agora.xtec.cat\/iesagustiserra\/wp-json\/wp\/v2\/users\/1"}],"replies":[{"embeddable":true,"href":"https:\/\/agora.xtec.cat\/iesagustiserra\/wp-json\/wp\/v2\/comments?post=37026"}],"version-history":[{"count":6,"href":"https:\/\/agora.xtec.cat\/iesagustiserra\/wp-json\/wp\/v2\/posts\/37026\/revisions"}],"predecessor-version":[{"id":37762,"href":"https:\/\/agora.xtec.cat\/iesagustiserra\/wp-json\/wp\/v2\/posts\/37026\/revisions\/37762"}],"wp:featuredmedia":[{"embeddable":true,"href":"https:\/\/agora.xtec.cat\/iesagustiserra\/wp-json\/wp\/v2\/media\/37063"}],"wp:attachment":[{"href":"https:\/\/agora.xtec.cat\/iesagustiserra\/wp-json\/wp\/v2\/media?parent=37026"}],"wp:term":[{"taxonomy":"category","embeddable":true,"href":"https:\/\/agora.xtec.cat\/iesagustiserra\/wp-json\/wp\/v2\/categories?post=37026"},{"taxonomy":"post_tag","embeddable":true,"href":"https:\/\/agora.xtec.cat\/iesagustiserra\/wp-json\/wp\/v2\/tags?post=37026"}],"curies":[{"name":"wp","href":"https:\/\/api.w.org\/{rel}","templated":true}]}}