{"id":3690,"date":"2020-03-03T09:26:11","date_gmt":"2020-03-03T08:26:11","guid":{"rendered":"http:\/\/agora.xtec.cat\/iesagustiserra\/?p=3690"},"modified":"2020-03-11T12:50:14","modified_gmt":"2020-03-11T11:50:14","slug":"4-edicio-de-la-fira-apropat-a-la-fp","status":"publish","type":"post","link":"https:\/\/agora.xtec.cat\/iesagustiserra\/portada\/4-edicio-de-la-fira-apropat-a-la-fp\/","title":{"rendered":"4a edici\u00f3 de la Fira Apropa&#8217;t a l&#8217;FP"},"content":{"rendered":"<p><b>L&#8217;Institut Agust\u00ed Serra i Fontanet participa activament en la 4a edici\u00f3 de la Fira Apropa&#8217;t a l&#8217;FP.<\/b><\/p>\n<table>\n<tbody>\n<tr>\n<td><a href=\"https:\/\/agora.xtec.cat\/iesagustiserra\/wp-content\/uploads\/usu1681\/2020\/03\/IMG-20200309-WA0006.jpg\"><img loading=\"lazy\" decoding=\"async\" class=\"alignnone size-full wp-image-3699\" src=\"https:\/\/agora.xtec.cat\/iesagustiserra\/wp-content\/uploads\/usu1681\/2020\/03\/IMG-20200309-WA0006.jpg\" alt=\"\" width=\"300\" height=\"400\" srcset=\"https:\/\/agora.xtec.cat\/iesagustiserra\/wp-content\/uploads\/usu1681\/2020\/03\/IMG-20200309-WA0006.jpg 300w, https:\/\/agora.xtec.cat\/iesagustiserra\/wp-content\/uploads\/usu1681\/2020\/03\/IMG-20200309-WA0006-225x300.jpg 225w\" sizes=\"auto, (max-width: 300px) 100vw, 300px\" \/><\/a><\/td>\n<td><a href=\"https:\/\/agora.xtec.cat\/iesagustiserra\/wp-content\/uploads\/usu1681\/2020\/03\/IMG-20200226-WA0004.jpg\"><img loading=\"lazy\" decoding=\"async\" class=\"alignnone size-full wp-image-3697\" src=\"https:\/\/agora.xtec.cat\/iesagustiserra\/wp-content\/uploads\/usu1681\/2020\/03\/IMG-20200226-WA0004.jpg\" alt=\"\" width=\"300\" height=\"400\" srcset=\"https:\/\/agora.xtec.cat\/iesagustiserra\/wp-content\/uploads\/usu1681\/2020\/03\/IMG-20200226-WA0004.jpg 300w, https:\/\/agora.xtec.cat\/iesagustiserra\/wp-content\/uploads\/usu1681\/2020\/03\/IMG-20200226-WA0004-225x300.jpg 225w\" sizes=\"auto, (max-width: 300px) 100vw, 300px\" \/><\/a><\/td>\n<td><a href=\"https:\/\/agora.xtec.cat\/iesagustiserra\/wp-content\/uploads\/usu1681\/2020\/03\/IMG-20200228-WA0010-1.jpg\"><img loading=\"lazy\" decoding=\"async\" class=\"alignnone size-full wp-image-3700\" src=\"https:\/\/agora.xtec.cat\/iesagustiserra\/wp-content\/uploads\/usu1681\/2020\/03\/IMG-20200228-WA0010-1.jpg\" alt=\"\" width=\"300\" height=\"400\" srcset=\"https:\/\/agora.xtec.cat\/iesagustiserra\/wp-content\/uploads\/usu1681\/2020\/03\/IMG-20200228-WA0010-1.jpg 300w, https:\/\/agora.xtec.cat\/iesagustiserra\/wp-content\/uploads\/usu1681\/2020\/03\/IMG-20200228-WA0010-1-225x300.jpg 225w\" sizes=\"auto, (max-width: 300px) 100vw, 300px\" \/><\/a><\/td>\n<\/tr>\n<\/tbody>\n<\/table>\n<table>\n<tbody>\n<tr>\n<td><a href=\"https:\/\/agora.xtec.cat\/iesagustiserra\/wp-content\/uploads\/usu1681\/2020\/03\/IMG-20200225-WA0008-1.jpg\"><img loading=\"lazy\" decoding=\"async\" class=\"alignnone size-full wp-image-3710\" src=\"https:\/\/agora.xtec.cat\/iesagustiserra\/wp-content\/uploads\/usu1681\/2020\/03\/IMG-20200225-WA0008-1.jpg\" alt=\"\" width=\"300\" height=\"225\" srcset=\"https:\/\/agora.xtec.cat\/iesagustiserra\/wp-content\/uploads\/usu1681\/2020\/03\/IMG-20200225-WA0008-1.jpg 300w, https:\/\/agora.xtec.cat\/iesagustiserra\/wp-content\/uploads\/usu1681\/2020\/03\/IMG-20200225-WA0008-1-200x150.jpg 200w\" sizes=\"auto, (max-width: 300px) 100vw, 300px\" \/><\/a><\/td>\n<td><a href=\"https:\/\/agora.xtec.cat\/iesagustiserra\/wp-content\/uploads\/usu1681\/2020\/03\/IMG-20200225-WA0011.jpg\"><img loading=\"lazy\" decoding=\"async\" class=\"alignnone size-full wp-image-3705\" src=\"https:\/\/agora.xtec.cat\/iesagustiserra\/wp-content\/uploads\/usu1681\/2020\/03\/IMG-20200225-WA0011.jpg\" alt=\"\" width=\"300\" height=\"225\" srcset=\"https:\/\/agora.xtec.cat\/iesagustiserra\/wp-content\/uploads\/usu1681\/2020\/03\/IMG-20200225-WA0011.jpg 300w, https:\/\/agora.xtec.cat\/iesagustiserra\/wp-content\/uploads\/usu1681\/2020\/03\/IMG-20200225-WA0011-200x150.jpg 200w\" sizes=\"auto, (max-width: 300px) 100vw, 300px\" \/><\/a><\/td>\n<td><a href=\"https:\/\/agora.xtec.cat\/iesagustiserra\/wp-content\/uploads\/usu1681\/2020\/03\/IMG-20200225-WA0013.jpg\"><img loading=\"lazy\" decoding=\"async\" class=\"alignnone size-full wp-image-3704\" src=\"https:\/\/agora.xtec.cat\/iesagustiserra\/wp-content\/uploads\/usu1681\/2020\/03\/IMG-20200225-WA0013.jpg\" alt=\"\" width=\"300\" height=\"225\" srcset=\"https:\/\/agora.xtec.cat\/iesagustiserra\/wp-content\/uploads\/usu1681\/2020\/03\/IMG-20200225-WA0013.jpg 300w, https:\/\/agora.xtec.cat\/iesagustiserra\/wp-content\/uploads\/usu1681\/2020\/03\/IMG-20200225-WA0013-200x150.jpg 200w\" sizes=\"auto, (max-width: 300px) 100vw, 300px\" \/><\/a><\/td>\n<\/tr>\n<\/tbody>\n<\/table>\n<p style=\"text-align: justify;\">Una any m\u00e9s ens hem superat tant en la participaci\u00f3 del professorat en la col.laboraci\u00f3 de les jornades pr\u00e8vies a la Fira com en el desenvolupament i cloenda de la mateixa. <span style=\"font-family: inherit; font-size: 1em;\">Destaquem la implicaci\u00f3 dels alumnes i del professorat de les diferents fam\u00edlies en les xerrades de presentaci\u00f3 dels cicles de grau mitj\u00e0 i superior. <\/span><\/p>\n<p style=\"text-align: justify;\"><span style=\"font-family: inherit; font-size: 1em;\">La fam\u00edlia d&#8217;arts gr\u00e0fiques ha dissenyat una microactivitat que ha estat tot un \u00e8xit &#8220;<\/span><b style=\"font-family: inherit; font-size: 1em;\">elabora la teva xapa<\/b><span style=\"font-family: inherit; font-size: 1em;\">&#8220;. <\/span><span style=\"font-family: inherit; font-size: 1em;\">La fam\u00edlia de Comer\u00e7 i m\u00e0rqueting de nou ha\u00a0<\/span><b style=\"font-family: inherit; font-size: 1em;\">col\u00b7laborat\u00a0en les enquestes<\/b><span style=\"font-family: inherit; font-size: 1em;\"> de les jornades de la Fira. <\/span><span style=\"font-family: inherit; font-size: 1em;\">La fam\u00edlia d&#8217;esports ha realitzat\u00a0<\/span><b style=\"font-family: inherit; font-size: 1em;\">activitats de ball<\/b><span style=\"font-family: inherit; font-size: 1em;\"> a l&#8217;escenari exterior. <\/span><span style=\"font-family: inherit; font-size: 1em;\">La fam\u00edlia d&#8217;electricitat i electr\u00f2nica ha realitzat\u00a0<\/span><b style=\"font-family: inherit; font-size: 1em;\">simulacions amb els dos robots\u00a0<\/b><span style=\"font-family: inherit; font-size: 1em;\">presents en l&#8217;estand. <\/span><\/p>\n<p style=\"text-align: justify;\"><span style=\"font-family: inherit; font-size: 1em;\">Una gran aflu\u00e8ncia de visitants: pares, alumnes, escoles&#8230;\u00a0<\/span><\/p>\n<div>\n<p style=\"text-align: justify;\">I&#8230; seguirem treballant perqu\u00e8 nosaltres fem una clara aposta per la Formaci\u00f3 Professional!!!<\/p>\n<\/div>\n","protected":false},"excerpt":{"rendered":"<p>L&#8217;Institut Agust\u00ed Serra i Fontanet participa activament en la 4 edici\u00f3 de la Fira Apropa&#8217;t a l&#8217;FP. Una any m\u00e9s ens hem superat tant en la participaci\u00f3 del professorat en la col.laboraci\u00f3 de les jornades pr\u00e8vies a la Fira com en el desenvolupament i cloenda de la mateixa. Destaquem la implicaci\u00f3 dels alumnes i del professorat de les diferents fam\u00edlies en les xerrades de presentaci\u00f3 dels cicles de grau mitj\u00e0 i superior.<\/p>\n","protected":false},"author":1,"featured_media":3713,"comment_status":"open","ping_status":"closed","sticky":false,"template":"","format":"standard","meta":{"site-sidebar-layout":"default","site-content-layout":"","ast-site-content-layout":"","site-content-style":"default","site-sidebar-style":"default","ast-global-header-display":"","ast-banner-title-visibility":"","ast-main-header-display":"","ast-hfb-above-header-display":"","ast-hfb-below-header-display":"","ast-hfb-mobile-header-display":"","site-post-title":"","ast-breadcrumbs-content":"","ast-featured-img":"","footer-sml-layout":"","theme-transparent-header-meta":"","adv-header-id-meta":"","stick-header-meta":"","header-above-stick-meta":"","header-main-stick-meta":"","header-below-stick-meta":"","astra-migrate-meta-layouts":"default","ast-page-background-enabled":"default","ast-page-background-meta":{"desktop":{"background-color":"var(--ast-global-color-4)","background-image":"","background-repeat":"repeat","background-position":"center center","background-size":"auto","background-attachment":"scroll","background-type":"","background-media":"","overlay-type":"","overlay-color":"","overlay-opacity":"","overlay-gradient":""},"tablet":{"background-color":"","background-image":"","background-repeat":"repeat","background-position":"center center","background-size":"auto","background-attachment":"scroll","background-type":"","background-media":"","overlay-type":"","overlay-color":"","overlay-opacity":"","overlay-gradient":""},"mobile":{"background-color":"","background-image":"","background-repeat":"repeat","background-position":"center center","background-size":"auto","background-attachment":"scroll","background-type":"","background-media":"","overlay-type":"","overlay-color":"","overlay-opacity":"","overlay-gradient":""}},"ast-content-background-meta":{"desktop":{"background-color":"var(--ast-global-color-5)","background-image":"","background-repeat":"repeat","background-position":"center center","background-size":"auto","background-attachment":"scroll","background-type":"","background-media":"","overlay-type":"","overlay-color":"","overlay-opacity":"","overlay-gradient":""},"tablet":{"background-color":"var(--ast-global-color-5)","background-image":"","background-repeat":"repeat","background-position":"center center","background-size":"auto","background-attachment":"scroll","background-type":"","background-media":"","overlay-type":"","overlay-color":"","overlay-opacity":"","overlay-gradient":""},"mobile":{"background-color":"var(--ast-global-color-5)","background-image":"","background-repeat":"repeat","background-position":"center center","background-size":"auto","background-attachment":"scroll","background-type":"","background-media":"","overlay-type":"","overlay-color":"","overlay-opacity":"","overlay-gradient":""}},"footnotes":""},"categories":[256,238,30,237,239,173,29],"tags":[280,261,221,338,206,339,319,340],"class_list":["post-3690","post","type-post","status-publish","format-standard","has-post-thumbnail","hentry","category-activitatsfisiquesesportives","category-arts-grafiques","category-cicles-formatius","category-comerc-marqueting","category-electricitat_i_electronica","category-fp-dual","category-portada","tag-activitats-fisiques-i-esportives","tag-arts-grafiques","tag-cicles-formatius","tag-comerc-i-marqueting","tag-curs-19-20","tag-electricitat-i-electronica","tag-fira-fp","tag-robotica"],"post_mailing_queue_ids":[],"_links":{"self":[{"href":"https:\/\/agora.xtec.cat\/iesagustiserra\/wp-json\/wp\/v2\/posts\/3690","targetHints":{"allow":["GET"]}}],"collection":[{"href":"https:\/\/agora.xtec.cat\/iesagustiserra\/wp-json\/wp\/v2\/posts"}],"about":[{"href":"https:\/\/agora.xtec.cat\/iesagustiserra\/wp-json\/wp\/v2\/types\/post"}],"author":[{"embeddable":true,"href":"https:\/\/agora.xtec.cat\/iesagustiserra\/wp-json\/wp\/v2\/users\/1"}],"replies":[{"embeddable":true,"href":"https:\/\/agora.xtec.cat\/iesagustiserra\/wp-json\/wp\/v2\/comments?post=3690"}],"version-history":[{"count":3,"href":"https:\/\/agora.xtec.cat\/iesagustiserra\/wp-json\/wp\/v2\/posts\/3690\/revisions"}],"predecessor-version":[{"id":3745,"href":"https:\/\/agora.xtec.cat\/iesagustiserra\/wp-json\/wp\/v2\/posts\/3690\/revisions\/3745"}],"wp:featuredmedia":[{"embeddable":true,"href":"https:\/\/agora.xtec.cat\/iesagustiserra\/wp-json\/wp\/v2\/media\/3713"}],"wp:attachment":[{"href":"https:\/\/agora.xtec.cat\/iesagustiserra\/wp-json\/wp\/v2\/media?parent=3690"}],"wp:term":[{"taxonomy":"category","embeddable":true,"href":"https:\/\/agora.xtec.cat\/iesagustiserra\/wp-json\/wp\/v2\/categories?post=3690"},{"taxonomy":"post_tag","embeddable":true,"href":"https:\/\/agora.xtec.cat\/iesagustiserra\/wp-json\/wp\/v2\/tags?post=3690"}],"curies":[{"name":"wp","href":"https:\/\/api.w.org\/{rel}","templated":true}]}}