{"id":34435,"date":"2025-06-05T08:15:00","date_gmt":"2025-06-05T06:15:00","guid":{"rendered":"https:\/\/agora.xtec.cat\/iesagustiserra\/?p=34435"},"modified":"2025-06-06T09:35:58","modified_gmt":"2025-06-06T07:35:58","slug":"mes-literatura-a-radio-as","status":"publish","type":"post","link":"https:\/\/agora.xtec.cat\/iesagustiserra\/batxillerat\/mes-literatura-a-radio-as\/","title":{"rendered":"M\u00e9s literatura a R\u00e0dio AS!"},"content":{"rendered":"\n<figure class=\"wp-block-image aligncenter size-large is-resized\"><a href=\"https:\/\/agora.xtec.cat\/iesagustiserra\/wp-content\/uploads\/usu1681\/2025\/06\/SalvadorEspriu.jpg\"><img loading=\"lazy\" decoding=\"async\" width=\"781\" height=\"1024\" src=\"https:\/\/agora.xtec.cat\/iesagustiserra\/wp-content\/uploads\/usu1681\/2025\/06\/SalvadorEspriu-781x1024.jpg\" alt=\"\" class=\"wp-image-34436\" style=\"width:256px;height:auto\" srcset=\"https:\/\/agora.xtec.cat\/iesagustiserra\/wp-content\/uploads\/usu1681\/2025\/06\/SalvadorEspriu-781x1024.jpg 781w, https:\/\/agora.xtec.cat\/iesagustiserra\/wp-content\/uploads\/usu1681\/2025\/06\/SalvadorEspriu-457x600.jpg 457w, https:\/\/agora.xtec.cat\/iesagustiserra\/wp-content\/uploads\/usu1681\/2025\/06\/SalvadorEspriu-768x1007.jpg 768w, https:\/\/agora.xtec.cat\/iesagustiserra\/wp-content\/uploads\/usu1681\/2025\/06\/SalvadorEspriu-1171x1536.jpg 1171w, https:\/\/agora.xtec.cat\/iesagustiserra\/wp-content\/uploads\/usu1681\/2025\/06\/SalvadorEspriu.jpg 1200w\" sizes=\"auto, (max-width: 781px) 100vw, 781px\" \/><\/a><\/figure>\n\n\n\n<p>Avui us oferim un nou&nbsp;lliurament del nostre p\u00f2dcast&nbsp;literari amb dos dels poetes m\u00e9s importants de la literatura&nbsp;catalana: primer, la <strong>Juliana i l&#8217;Alexandra<\/strong> de <strong>1r de batxillerat B <\/strong>ens parlen de <strong>Salvador Espriu<\/strong> i el seu poema&nbsp;<strong>Assaig de c\u00e0ntic en el temple<\/strong>; despr\u00e9s, el Sam, el Manel i l&#8217;\u00cdngrid parlen d&#8217;Estell\u00e9s i el seu poema&nbsp;<strong>Els amants<\/strong>.<\/p>\n\n\n\n<p>No us el perdeu!<\/p>\n\n\n\n<div style=\"text-align: center;\">\n<iframe loading=\"lazy\" width=\"100%\" height=\"166\" scrolling=\"no\" frameborder=\"no\" allow=\"autoplay\" src=\"https:\/\/w.soundcloud.com\/player\/?url=https%3A\/\/api.soundcloud.com\/tracks\/2108018091&#038;color=%2355cd00&#038;auto_play=false&#038;hide_related=false&#038;show_comments=true&#038;show_user=true&#038;show_reposts=false&#038;show_teaser=true\"><\/iframe><div style=\"font-size: 10px; color: #cccccc;line-break: anywhere;word-break: normal;overflow: hidden;white-space: nowrap;text-overflow: ellipsis; font-family: Interstate,Lucida Grande,Lucida Sans Unicode,Lucida Sans,Garuda,Verdana,Tahoma,sans-serif;font-weight: 100;\"><a href=\"https:\/\/soundcloud.com\/radio-agusti-serra-31161320\" title=\"Radio Agust\u00ed Serra\" target=\"_blank\" style=\"color: #cccccc; text-decoration: none;\">Radio Agust\u00ed Serra<\/a> \u00b7 <a href=\"https:\/\/soundcloud.com\/radio-agusti-serra-31161320\/podcast-121-espriu-estelles\" title=\"P\u00d2DCAST 121 (Espriu Estell\u00e9s)\" target=\"_blank\" style=\"color: #cccccc; text-decoration: none;\">P\u00d2DCAST 121 (Espriu Estell\u00e9s)<\/a><\/div>\n<\/div>\n\n\n\n<p>#canaldereporters<\/p>\n","protected":false},"excerpt":{"rendered":"<p>Avui us oferim un nou&nbsp;lliurament del nostre p\u00f2dcast&nbsp;literari amb dos dels poetes m\u00e9s importants de la literatura&nbsp;catalana: primer, la Juliana [&hellip;]<\/p>\n","protected":false},"author":1,"featured_media":34436,"comment_status":"open","ping_status":"open","sticky":false,"template":"","format":"standard","meta":{"site-sidebar-layout":"default","site-content-layout":"","ast-site-content-layout":"default","site-content-style":"default","site-sidebar-style":"default","ast-global-header-display":"","ast-banner-title-visibility":"","ast-main-header-display":"","ast-hfb-above-header-display":"","ast-hfb-below-header-display":"","ast-hfb-mobile-header-display":"","site-post-title":"","ast-breadcrumbs-content":"","ast-featured-img":"","footer-sml-layout":"","theme-transparent-header-meta":"","adv-header-id-meta":"","stick-header-meta":"","header-above-stick-meta":"","header-main-stick-meta":"","header-below-stick-meta":"","astra-migrate-meta-layouts":"set","ast-page-background-enabled":"default","ast-page-background-meta":{"desktop":{"background-color":"var(--ast-global-color-4)","background-image":"","background-repeat":"repeat","background-position":"center center","background-size":"auto","background-attachment":"scroll","background-type":"","background-media":"","overlay-type":"","overlay-color":"","overlay-opacity":"","overlay-gradient":""},"tablet":{"background-color":"","background-image":"","background-repeat":"repeat","background-position":"center center","background-size":"auto","background-attachment":"scroll","background-type":"","background-media":"","overlay-type":"","overlay-color":"","overlay-opacity":"","overlay-gradient":""},"mobile":{"background-color":"","background-image":"","background-repeat":"repeat","background-position":"center center","background-size":"auto","background-attachment":"scroll","background-type":"","background-media":"","overlay-type":"","overlay-color":"","overlay-opacity":"","overlay-gradient":""}},"ast-content-background-meta":{"desktop":{"background-color":"var(--ast-global-color-5)","background-image":"","background-repeat":"repeat","background-position":"center center","background-size":"auto","background-attachment":"scroll","background-type":"","background-media":"","overlay-type":"","overlay-color":"","overlay-opacity":"","overlay-gradient":""},"tablet":{"background-color":"var(--ast-global-color-5)","background-image":"","background-repeat":"repeat","background-position":"center center","background-size":"auto","background-attachment":"scroll","background-type":"","background-media":"","overlay-type":"","overlay-color":"","overlay-opacity":"","overlay-gradient":""},"mobile":{"background-color":"var(--ast-global-color-5)","background-image":"","background-repeat":"repeat","background-position":"center center","background-size":"auto","background-attachment":"scroll","background-type":"","background-media":"","overlay-type":"","overlay-color":"","overlay-opacity":"","overlay-gradient":""}},"footnotes":""},"categories":[321,396,324,8,29,177],"tags":[330,1539,1383,1537,1538,209,1536],"class_list":["post-34435","post","type-post","status-publish","format-standard","has-post-thumbnail","hentry","category-1_batxillerat","category-batxillerat-1b","category-batxillerat_1bl","category-batxillerat","category-portada","category-radio-as","tag-1r-batxillerat","tag-alexandra","tag-canal-de-reporters","tag-els-amants","tag-juliana","tag-radio-as","tag-salvador-espriu"],"post_mailing_queue_ids":[],"_links":{"self":[{"href":"https:\/\/agora.xtec.cat\/iesagustiserra\/wp-json\/wp\/v2\/posts\/34435","targetHints":{"allow":["GET"]}}],"collection":[{"href":"https:\/\/agora.xtec.cat\/iesagustiserra\/wp-json\/wp\/v2\/posts"}],"about":[{"href":"https:\/\/agora.xtec.cat\/iesagustiserra\/wp-json\/wp\/v2\/types\/post"}],"author":[{"embeddable":true,"href":"https:\/\/agora.xtec.cat\/iesagustiserra\/wp-json\/wp\/v2\/users\/1"}],"replies":[{"embeddable":true,"href":"https:\/\/agora.xtec.cat\/iesagustiserra\/wp-json\/wp\/v2\/comments?post=34435"}],"version-history":[{"count":6,"href":"https:\/\/agora.xtec.cat\/iesagustiserra\/wp-json\/wp\/v2\/posts\/34435\/revisions"}],"predecessor-version":[{"id":34443,"href":"https:\/\/agora.xtec.cat\/iesagustiserra\/wp-json\/wp\/v2\/posts\/34435\/revisions\/34443"}],"wp:featuredmedia":[{"embeddable":true,"href":"https:\/\/agora.xtec.cat\/iesagustiserra\/wp-json\/wp\/v2\/media\/34436"}],"wp:attachment":[{"href":"https:\/\/agora.xtec.cat\/iesagustiserra\/wp-json\/wp\/v2\/media?parent=34435"}],"wp:term":[{"taxonomy":"category","embeddable":true,"href":"https:\/\/agora.xtec.cat\/iesagustiserra\/wp-json\/wp\/v2\/categories?post=34435"},{"taxonomy":"post_tag","embeddable":true,"href":"https:\/\/agora.xtec.cat\/iesagustiserra\/wp-json\/wp\/v2\/tags?post=34435"}],"curies":[{"name":"wp","href":"https:\/\/api.w.org\/{rel}","templated":true}]}}