{"id":3051,"date":"2020-02-27T19:00:06","date_gmt":"2020-02-27T18:00:06","guid":{"rendered":"http:\/\/agora.xtec.cat\/iesagustiserra\/?p=3051"},"modified":"2020-03-01T20:09:24","modified_gmt":"2020-03-01T19:09:24","slug":"visita-a-establiments-viena-s-a","status":"publish","type":"post","link":"https:\/\/agora.xtec.cat\/iesagustiserra\/portada\/visita-a-establiments-viena-s-a\/","title":{"rendered":"Visita a Establiments Viena"},"content":{"rendered":"<p><a href=\"https:\/\/agora.xtec.cat\/iesagustiserra\/wp-content\/uploads\/usu1681\/2020\/02\/Visita-empresa-VIENA-1.jpg\"><img loading=\"lazy\" decoding=\"async\" class=\"alignnone size-large wp-image-3038\" src=\"https:\/\/agora.xtec.cat\/iesagustiserra\/wp-content\/uploads\/usu1681\/2020\/02\/Visita-empresa-VIENA-1-1024x768.jpg\" alt=\"\" width=\"1024\" height=\"768\" srcset=\"https:\/\/agora.xtec.cat\/iesagustiserra\/wp-content\/uploads\/usu1681\/2020\/02\/Visita-empresa-VIENA-1-1024x768.jpg 1024w, https:\/\/agora.xtec.cat\/iesagustiserra\/wp-content\/uploads\/usu1681\/2020\/02\/Visita-empresa-VIENA-1-300x225.jpg 300w, https:\/\/agora.xtec.cat\/iesagustiserra\/wp-content\/uploads\/usu1681\/2020\/02\/Visita-empresa-VIENA-1-768x576.jpg 768w, https:\/\/agora.xtec.cat\/iesagustiserra\/wp-content\/uploads\/usu1681\/2020\/02\/Visita-empresa-VIENA-1-200x150.jpg 200w\" sizes=\"auto, (max-width: 1024px) 100vw, 1024px\" \/><\/a><\/p>\n<p style=\"text-align: justify;\">El dilluns 10 de febrer, l\u2019alumnat i el professorat de 2n CFGM de Gesti\u00f3 Administrativa i del PFI d\u2019Oficines vam realitzar una visita a l\u2019empresa <strong>Establiments Viena, S.A.,<\/strong> ubicada al Pol\u00edgon de Can Roqueta a Sabadell. Aquesta empresa fou creada al 1969 a Sabadell i, compta, actualment, amb 50 establiments a Catalunya, al Pa\u00eds Valenci\u00e0 i a Andorra.<\/p>\n<p style=\"text-align: justify;\">Les responsables de la visita ens van fer, en primer lloc, una explicaci\u00f3 molt din\u00e0mica sobre els or\u00edgens, la pol\u00edtica empresarial, els valors i els productes de l\u2019empresa. Posteriorment, vam rec\u00f3rrer les seves instal\u00b7lacions i vam veure la fabricaci\u00f3 del seu producte, totalment artesanal, el funcionament del laboratori i la seva central log\u00edstica.<\/p>\n<p style=\"text-align: justify;\">Per acabar, vam tenir el plaer de degustar els seus entrepans, donant per finalitzada la visita.<\/p>\n<p style=\"text-align: justify;\">Des de l\u2019Agust\u00ed Serra volem agrair la seva magn\u00edfica atenci\u00f3, la professionalitat demostrada en resoldre tots els nostres dubtes i el bon comportament del nostre alumnat. Estem segurs que aquesta experi\u00e8ncia els hi ser\u00e0 de molt profit!<\/p>\n<p>M\u00d2NICA S\u00c1NCHEZ<\/p>\n","protected":false},"excerpt":{"rendered":"<p>El dilluns 10 de febrer, l\u2019alumnat i el professorat de 2n CFGM de Gesti\u00f3 Administrativa i del PFI d\u2019Oficines vam realitzar una visita a l\u2019empresa Establiments Viena, S.A., <\/p>\n","protected":false},"author":42,"featured_media":3038,"comment_status":"open","ping_status":"closed","sticky":false,"template":"","format":"standard","meta":{"site-sidebar-layout":"default","site-content-layout":"","ast-site-content-layout":"","site-content-style":"default","site-sidebar-style":"default","ast-global-header-display":"","ast-banner-title-visibility":"","ast-main-header-display":"","ast-hfb-above-header-display":"","ast-hfb-below-header-display":"","ast-hfb-mobile-header-display":"","site-post-title":"","ast-breadcrumbs-content":"","ast-featured-img":"","footer-sml-layout":"","theme-transparent-header-meta":"","adv-header-id-meta":"","stick-header-meta":"","header-above-stick-meta":"","header-main-stick-meta":"","header-below-stick-meta":"","astra-migrate-meta-layouts":"default","ast-page-background-enabled":"default","ast-page-background-meta":{"desktop":{"background-color":"var(--ast-global-color-4)","background-image":"","background-repeat":"repeat","background-position":"center center","background-size":"auto","background-attachment":"scroll","background-type":"","background-media":"","overlay-type":"","overlay-color":"","overlay-opacity":"","overlay-gradient":""},"tablet":{"background-color":"","background-image":"","background-repeat":"repeat","background-position":"center center","background-size":"auto","background-attachment":"scroll","background-type":"","background-media":"","overlay-type":"","overlay-color":"","overlay-opacity":"","overlay-gradient":""},"mobile":{"background-color":"","background-image":"","background-repeat":"repeat","background-position":"center center","background-size":"auto","background-attachment":"scroll","background-type":"","background-media":"","overlay-type":"","overlay-color":"","overlay-opacity":"","overlay-gradient":""}},"ast-content-background-meta":{"desktop":{"background-color":"var(--ast-global-color-5)","background-image":"","background-repeat":"repeat","background-position":"center center","background-size":"auto","background-attachment":"scroll","background-type":"","background-media":"","overlay-type":"","overlay-color":"","overlay-opacity":"","overlay-gradient":""},"tablet":{"background-color":"var(--ast-global-color-5)","background-image":"","background-repeat":"repeat","background-position":"center center","background-size":"auto","background-attachment":"scroll","background-type":"","background-media":"","overlay-type":"","overlay-color":"","overlay-opacity":"","overlay-gradient":""},"mobile":{"background-color":"var(--ast-global-color-5)","background-image":"","background-repeat":"repeat","background-position":"center center","background-size":"auto","background-attachment":"scroll","background-type":"","background-media":"","overlay-type":"","overlay-color":"","overlay-opacity":"","overlay-gradient":""}},"footnotes":""},"categories":[236,29],"tags":[221,206,296,39],"class_list":["post-3051","post","type-post","status-publish","format-standard","has-post-thumbnail","hentry","category-administracio-gestio","category-portada","tag-cicles-formatius","tag-curs-19-20","tag-grau-superior","tag-sortides"],"post_mailing_queue_ids":[],"_links":{"self":[{"href":"https:\/\/agora.xtec.cat\/iesagustiserra\/wp-json\/wp\/v2\/posts\/3051","targetHints":{"allow":["GET"]}}],"collection":[{"href":"https:\/\/agora.xtec.cat\/iesagustiserra\/wp-json\/wp\/v2\/posts"}],"about":[{"href":"https:\/\/agora.xtec.cat\/iesagustiserra\/wp-json\/wp\/v2\/types\/post"}],"author":[{"embeddable":true,"href":"https:\/\/agora.xtec.cat\/iesagustiserra\/wp-json\/wp\/v2\/users\/42"}],"replies":[{"embeddable":true,"href":"https:\/\/agora.xtec.cat\/iesagustiserra\/wp-json\/wp\/v2\/comments?post=3051"}],"version-history":[{"count":4,"href":"https:\/\/agora.xtec.cat\/iesagustiserra\/wp-json\/wp\/v2\/posts\/3051\/revisions"}],"predecessor-version":[{"id":3271,"href":"https:\/\/agora.xtec.cat\/iesagustiserra\/wp-json\/wp\/v2\/posts\/3051\/revisions\/3271"}],"wp:featuredmedia":[{"embeddable":true,"href":"https:\/\/agora.xtec.cat\/iesagustiserra\/wp-json\/wp\/v2\/media\/3038"}],"wp:attachment":[{"href":"https:\/\/agora.xtec.cat\/iesagustiserra\/wp-json\/wp\/v2\/media?parent=3051"}],"wp:term":[{"taxonomy":"category","embeddable":true,"href":"https:\/\/agora.xtec.cat\/iesagustiserra\/wp-json\/wp\/v2\/categories?post=3051"},{"taxonomy":"post_tag","embeddable":true,"href":"https:\/\/agora.xtec.cat\/iesagustiserra\/wp-json\/wp\/v2\/tags?post=3051"}],"curies":[{"name":"wp","href":"https:\/\/api.w.org\/{rel}","templated":true}]}}