{"id":29178,"date":"2024-10-16T09:27:57","date_gmt":"2024-10-16T07:27:57","guid":{"rendered":"https:\/\/agora.xtec.cat\/iesagustiserra\/?p=29178"},"modified":"2024-10-16T09:48:35","modified_gmt":"2024-10-16T07:48:35","slug":"taula-de-ponderacions-dates-i-horaris-pau-2025","status":"publish","type":"post","link":"https:\/\/agora.xtec.cat\/iesagustiserra\/general\/taula-de-ponderacions-dates-i-horaris-pau-2025\/","title":{"rendered":"Taula de ponderacions, dates i horaris PAU i PAP 2025 (actualitzaci\u00f3 16\/10\/24)"},"content":{"rendered":"\n<figure class=\"wp-block-image aligncenter size-full\"><a href=\"https:\/\/universitats.gencat.cat\/ca\/preinscripcions\/sobre-preinscripcio\/ponderacions\/index.html\" target=\"_blank\" rel=\"noreferrer noopener\"><img loading=\"lazy\" decoding=\"async\" width=\"375\" height=\"281\" src=\"https:\/\/agora.xtec.cat\/iesagustiserra\/wp-content\/uploads\/usu1681\/2024\/10\/ponderacions-PAU-2025-resum-1.jpg\" alt=\"\" class=\"wp-image-29181\" srcset=\"https:\/\/agora.xtec.cat\/iesagustiserra\/wp-content\/uploads\/usu1681\/2024\/10\/ponderacions-PAU-2025-resum-1.jpg 375w, https:\/\/agora.xtec.cat\/iesagustiserra\/wp-content\/uploads\/usu1681\/2024\/10\/ponderacions-PAU-2025-resum-1-200x150.jpg 200w\" sizes=\"auto, (max-width: 375px) 100vw, 375px\" \/><\/a><figcaption class=\"wp-element-caption\"><a href=\"https:\/\/universitats.gencat.cat\/ca\/preinscripcions\/sobre-preinscripcio\/ponderacions\/index.html\" target=\"_blank\" rel=\"noreferrer noopener\">Canal Universitats<\/a><\/figcaption><\/figure>\n\n\n\n<p>En relaci\u00f3 amb la convocat\u00f2ria de la prova d&#8217;acc\u00e9s a la Universitat&nbsp;<strong>PAU 2025<\/strong>, us traslladem algunes informacions del vostre inter\u00e8s:<\/p>\n\n\n\n<div class=\"wp-block-getwid-table-of-contents is-style-default\"><ul class=\"wp-block-getwid-table-of-contents__list\"><li><a href=\"#g5d0fdb018cb0\">Taula de Ponderacions 2025. <\/a><\/li><li><a href=\"#g2f3459517cec\">Dates PAU 2025<\/a><\/li><li><a href=\"#g84a32c0ffa71\">Horaris<\/a><\/li><\/ul><\/div>\n\n\n\n<hr class=\"wp-block-separator has-alpha-channel-opacity\"\/>\n\n\n\n<h3 class=\"wp-block-heading\" id=\"g5d0fdb018cb0\"><strong>Taula de Ponderacions 2025<\/strong>. <\/h3>\n\n\n\n<p>Ja teniu disponible al&nbsp;<a href=\"https:\/\/universitats.gencat.cat\/ca\/preinscripcions\/sobre-preinscripcio\/ponderacions\/index.html\" target=\"_blank\" rel=\"noreferrer noopener\">Canal Universitats<\/a>&nbsp;els par\u00e0metres de ponderaci\u00f3 de les mat\u00e8ries de modalitat de batxillerat que s\u2019aplicaran per a l\u2019admissi\u00f3 a la universitat el 2025.<\/p>\n\n\n\n<h3 class=\"wp-block-heading\" id=\"g2f3459517cec\"><strong>Dates PAU 2025<\/strong><\/h3>\n\n\n\n<div class=\"wp-block-buttons is-content-justification-center is-layout-flex wp-container-core-buttons-is-layout-1 wp-block-buttons-is-layout-flex\">\n<div class=\"wp-block-button\"><a class=\"wp-block-button__link wp-element-button\" href=\"https:\/\/universitats.gencat.cat\/ca\/proves-acces-PAU-PAP\/dies-horaris-pau\/\" target=\"_blank\" rel=\"noreferrer noopener\">Dies i horaris PAU 2025 Canal universitats<\/a><\/div>\n<\/div>\n\n\n\n<p><strong>Convocat\u00f2ria Ordin\u00e0ria<\/strong><\/p>\n\n\n\n<p>Dies de la prova d\u2019acc\u00e9s:<\/p>\n\n\n\n<ul class=\"wp-block-list\">\n<li>Tribunal Ordinari. Dimecres 11, dijous 12 i divendres 13 de juny de 2025<\/li>\n\n\n\n<li>Tribunal Especial. Dimarts 17, dimecres 18 i dijous 19 de juny de 2025<\/li>\n<\/ul>\n\n\n\n<p><strong>Convocat\u00f2ria Extraordin\u00e0ria<\/strong><\/p>\n\n\n\n<p>Dies de la prova d\u2019acc\u00e9s: <\/p>\n\n\n\n<ul class=\"wp-block-list\">\n<li>Dimecres 3, dijous 4 i divendres 5 de setembre de 2025<\/li>\n<\/ul>\n\n\n\n<p><mark style=\"background-color:rgba(0, 0, 0, 0)\" class=\"has-inline-color has-vivid-red-color\">Pr\u00f2ximament s\u2019actualitzar\u00e0 la resta de dates clau.<\/mark><\/p>\n\n\n\n<h3 class=\"wp-block-heading\" id=\"g84a32c0ffa71\"><strong>Horari<\/strong>s<\/h3>\n\n\n\n<div class=\"wp-block-buttons is-content-justification-center is-layout-flex wp-container-core-buttons-is-layout-2 wp-block-buttons-is-layout-flex\">\n<div class=\"wp-block-button has-custom-width wp-block-button__width-50 has-custom-font-size has-medium-font-size\"><a class=\"wp-block-button__link wp-element-button\" href=\"https:\/\/agora.xtec.cat\/iesagustiserra\/wp-content\/uploads\/usu1681\/2024\/10\/Horari-PAU-2025.pdf\" target=\"_blank\" rel=\"noreferrer noopener\">Horaris PAU 2025<\/a><\/div>\n<\/div>\n\n\n\n<div style=\"height:55px\" aria-hidden=\"true\" class=\"wp-block-spacer\"><\/div>\n\n\n\n<p>L\u2019horari dels ex\u00e0mens i la distribuci\u00f3 de les mat\u00e8ries el podeu consultar al&nbsp;<a href=\"https:\/\/universitats.gencat.cat\/ca\/proves-acces-PAU-PAP\/dates-claus-PAU\/horaris-prova\/\" target=\"_blank\" rel=\"noreferrer noopener\">Canal Universitats<\/a> i a continuaci\u00f3:<\/p>\n","protected":false},"excerpt":{"rendered":"<p>En relaci\u00f3 amb la convocat\u00f2ria de la prova d&#8217;acc\u00e9s a la Universitat&nbsp;PAU 2025, us traslladem algunes informacions del vostre inter\u00e8s: [&hellip;]<\/p>\n","protected":false},"author":1,"featured_media":29181,"comment_status":"open","ping_status":"open","sticky":false,"template":"","format":"standard","meta":{"site-sidebar-layout":"default","site-content-layout":"","ast-site-content-layout":"","site-content-style":"default","site-sidebar-style":"default","ast-global-header-display":"","ast-banner-title-visibility":"","ast-main-header-display":"","ast-hfb-above-header-display":"","ast-hfb-below-header-display":"","ast-hfb-mobile-header-display":"","site-post-title":"","ast-breadcrumbs-content":"","ast-featured-img":"","footer-sml-layout":"","theme-transparent-header-meta":"","adv-header-id-meta":"","stick-header-meta":"","header-above-stick-meta":"","header-main-stick-meta":"","header-below-stick-meta":"","astra-migrate-meta-layouts":"default","ast-page-background-enabled":"default","ast-page-background-meta":{"desktop":{"background-color":"var(--ast-global-color-4)","background-image":"","background-repeat":"repeat","background-position":"center center","background-size":"auto","background-attachment":"scroll","background-type":"","background-media":"","overlay-type":"","overlay-color":"","overlay-opacity":"","overlay-gradient":""},"tablet":{"background-color":"","background-image":"","background-repeat":"repeat","background-position":"center center","background-size":"auto","background-attachment":"scroll","background-type":"","background-media":"","overlay-type":"","overlay-color":"","overlay-opacity":"","overlay-gradient":""},"mobile":{"background-color":"","background-image":"","background-repeat":"repeat","background-position":"center center","background-size":"auto","background-attachment":"scroll","background-type":"","background-media":"","overlay-type":"","overlay-color":"","overlay-opacity":"","overlay-gradient":""}},"ast-content-background-meta":{"desktop":{"background-color":"var(--ast-global-color-5)","background-image":"","background-repeat":"repeat","background-position":"center center","background-size":"auto","background-attachment":"scroll","background-type":"","background-media":"","overlay-type":"","overlay-color":"","overlay-opacity":"","overlay-gradient":""},"tablet":{"background-color":"var(--ast-global-color-5)","background-image":"","background-repeat":"repeat","background-position":"center center","background-size":"auto","background-attachment":"scroll","background-type":"","background-media":"","overlay-type":"","overlay-color":"","overlay-opacity":"","overlay-gradient":""},"mobile":{"background-color":"var(--ast-global-color-5)","background-image":"","background-repeat":"repeat","background-position":"center center","background-size":"auto","background-attachment":"scroll","background-type":"","background-media":"","overlay-type":"","overlay-color":"","overlay-opacity":"","overlay-gradient":""}},"footnotes":""},"categories":[322,325,326,508,8,1,29],"tags":[1287,1300,186,377,1299,689],"class_list":["post-29178","post","type-post","status-publish","format-standard","has-post-thumbnail","hentry","category-2_batxillerat","category-batxillerat_2a","category-batxillerat_2b","category-batxillerat-2b2","category-batxillerat","category-general","category-portada","tag-curs-2024-2025","tag-dates","tag-horaris","tag-pau","tag-ponderacions","tag-selectivitat"],"post_mailing_queue_ids":[],"_links":{"self":[{"href":"https:\/\/agora.xtec.cat\/iesagustiserra\/wp-json\/wp\/v2\/posts\/29178","targetHints":{"allow":["GET"]}}],"collection":[{"href":"https:\/\/agora.xtec.cat\/iesagustiserra\/wp-json\/wp\/v2\/posts"}],"about":[{"href":"https:\/\/agora.xtec.cat\/iesagustiserra\/wp-json\/wp\/v2\/types\/post"}],"author":[{"embeddable":true,"href":"https:\/\/agora.xtec.cat\/iesagustiserra\/wp-json\/wp\/v2\/users\/1"}],"replies":[{"embeddable":true,"href":"https:\/\/agora.xtec.cat\/iesagustiserra\/wp-json\/wp\/v2\/comments?post=29178"}],"version-history":[{"count":6,"href":"https:\/\/agora.xtec.cat\/iesagustiserra\/wp-json\/wp\/v2\/posts\/29178\/revisions"}],"predecessor-version":[{"id":29259,"href":"https:\/\/agora.xtec.cat\/iesagustiserra\/wp-json\/wp\/v2\/posts\/29178\/revisions\/29259"}],"wp:featuredmedia":[{"embeddable":true,"href":"https:\/\/agora.xtec.cat\/iesagustiserra\/wp-json\/wp\/v2\/media\/29181"}],"wp:attachment":[{"href":"https:\/\/agora.xtec.cat\/iesagustiserra\/wp-json\/wp\/v2\/media?parent=29178"}],"wp:term":[{"taxonomy":"category","embeddable":true,"href":"https:\/\/agora.xtec.cat\/iesagustiserra\/wp-json\/wp\/v2\/categories?post=29178"},{"taxonomy":"post_tag","embeddable":true,"href":"https:\/\/agora.xtec.cat\/iesagustiserra\/wp-json\/wp\/v2\/tags?post=29178"}],"curies":[{"name":"wp","href":"https:\/\/api.w.org\/{rel}","templated":true}]}}