{"id":2849,"date":"2020-03-03T08:19:09","date_gmt":"2020-03-03T07:19:09","guid":{"rendered":"http:\/\/agora.xtec.cat\/iesagustiserra\/?p=2849"},"modified":"2021-05-27T16:24:39","modified_gmt":"2021-05-27T14:24:39","slug":"art-i-geografia-a-paris-2n-batxillerat","status":"publish","type":"post","link":"https:\/\/agora.xtec.cat\/iesagustiserra\/general\/art-i-geografia-a-paris-2n-batxillerat\/","title":{"rendered":"Art i Geografia a Par\u00eds 2n Batxillerat"},"content":{"rendered":"<p><span style=\"font-weight: 400;\">El passat 19 de febrer del 2020 els alumnes que fan Hist\u00f2ria de l&#8217;Art i Geografia del curs de segon de batxillerat B, van anar a la ciutat de Par\u00eds, coneguda tamb\u00e9 com &#8220;la ciutat de la llum&#8221;.<\/span><\/p>\n<p><iframe loading=\"lazy\" src=\"https:\/\/www.youtube.com\/embed\/f-f-UKl4_MY\" width=\"800\" height=\"450\" frameborder=\"0\"><span data-mce-type=\"bookmark\" style=\"width: 0px; overflow: hidden; line-height: 0;\" class=\"mce_SELRES_start\">\ufeff<\/span><span data-mce-type=\"bookmark\" style=\"width: 0px; overflow: hidden; line-height: 0;\" class=\"mce_SELRES_start\">\ufeff<\/span><span data-mce-type=\"bookmark\" style=\"width: 0px; overflow: hidden; line-height: 0;\" class=\"mce_SELRES_start\">\ufeff<\/span><\/iframe><\/p>\n<p>&nbsp;<\/p>\n<p><span style=\"font-weight: 400;\">Va ser un viatge curt per\u00f2 molt intens, del qual han extret moltes bones experi\u00e8ncies i coneixements, com saber ubicar-se per la ciutat amb un mapa de paper, utilitzant m\u00ednimament les noves tecnologies, despla\u00e7ar-nos amb transports p\u00fablics o caminant. Hem apr\u00e8s a valorar la import\u00e0ncia de l&#8217;art en una metr\u00f2poli tan gran com \u00e9s Paris, i la import\u00e0ncia de la remodelaci\u00f3 urban\u00edstica dissenyada per Bar\u00f3 Haussmann, que ens va ajudar per poder situar-nos millor.<\/span><\/p>\n<p><iframe loading=\"lazy\" src=\"https:\/\/panoraven.com\/es\/embed\/UjvVXMKs2I\" width=\"90%\" height=\"500px\"><\/iframe><br \/>\n<span style=\"font-weight: 400;\">El primer dia van visitar la zona de Trocadero, des d&#8217;on es podia apreciar la famosa construcci\u00f3 de la Torre Eiffel, un monument que inicialment pertanyia a l&#8217;Exposici\u00f3 Universal de 1889, la qual era temporal. Van visitar el gran museu del Louvre, que anteriorment pertanyia a la fam\u00edlia reial de Llu\u00eds XIV, del qual nom\u00e9s vam visitar una planta, el museu era molt bonic, igual que tota Par\u00eds, vam utilitzar el metro i el tren per arribar a diferents llocs. Tamb\u00e9 vam veure els carrers que s\u00f3n molt amples, quan ens vam apropar a la Torre Eiffel vam veure que havia molta cua i vam decidir anar l&#8217;endem\u00e0 per poder pujar.<\/span><\/p>\n<p><iframe loading=\"lazy\" src=\"https:\/\/panoraven.com\/es\/embed\/u4nWDDyTrX\" width=\"90%\" height=\"500px\"><\/iframe><\/p>\n<p><span style=\"font-weight: 400;\">Despr\u00e9s de dinar per Champs de Mars, ens vam dirigir cap al Louvre fent un cam\u00ed a peu, passejant per la ciutat. Un cop al museu, ens va fer molta il\u00b7lusi\u00f3 i durant quasi m\u00e9s de dues hores van rec\u00f3rrer tota una planta del museu, buscant alguns quadres que cada alumne hav\u00edem d&#8217;explicar.<\/span><\/p>\n<p><iframe loading=\"lazy\" src=\"https:\/\/panoraven.com\/es\/embed\/IWiqkOYgqD\" width=\"90%\" height=\"500px\"><\/iframe><br \/>\n<span style=\"font-weight: 400;\">Finalment el primer dia va finalitzar i vam tornar cap a l&#8217;hotel on ens allotjarem, on vam sopar i descansar pel proper dia tan llarg que ten\u00edem per davant.<\/span><\/p>\n<p><span style=\"font-weight: 400;\">El segon dia l&#8217;itinerari va ser organitzat pels alumnes. De bon mat\u00ed van prendre cam\u00ed cap al Barri Llat\u00ed, van passejar per la Place de la Bastille on van poder apreciar la construcci\u00f3 de l&#8217;Op\u00e9ra Bastille. Posteriorment, van dirigir-se cap a l&#8217;est de l&#8217;\u00cele de la Cit\u00e9 on van veure la Catedral de Notre-Dame, la qual encara es troba en reconstrucci\u00f3 per l&#8217;incendi que va patir l&#8217;any 2019. Van visitar la Sainte-Chapelle on van ser embaucats amb la majestuositat dels vitralls de l&#8217;interior. Arribada la tarda, van passejar per l&#8217;exterior del Grand Palais i el Petit Palais. L&#8217;\u00faltima parada que van fer abans de tornar a l&#8217;hotel per sopar va ser el barri de Montmartre, conegut com al barri dels pintors i el m\u00e9s bohemi. Aquest barri situat a un tur\u00f3 \u00e9s coronat per la Bas\u00edlica del Sacre Coeur, des d&#8217;on hi ha unes vistes magn\u00edfiques de tot Par\u00eds. Els alumnes van arribar al cim pujant un munt d&#8217;escales, per\u00f2 en arribar a dalt van assabentar-se de qu\u00e8 la pujada havia valgut la pena; per contra per baixar van decidir fer-ho amb telef\u00e8ric (el qual nom\u00e9s feia la baixada de les escales). El segon dia va arribar a la seva fi amb la pujada nocturna a la Torre Eiffel programada a les 9. Els alumnes disposaven de l&#8217;entrada amb la pujada amb ascensor, per\u00f2 la sort no va estar de la seva part i l&#8217;ascensor estava avariat. Van haver de pujar 674 esglaons fins a la segona planta, on van passar gaireb\u00e9 una hora fent-se fotos. Despr\u00e9s de baixar d&#8217;aquest magn\u00edfic monument van tornar a l&#8217;hotel on alumnes i professores van relaxar-se prenent-se alguna cosa al bar de l&#8217;hotel.<\/span><br \/>\n<iframe loading=\"lazy\" src=\"https:\/\/panoraven.com\/es\/embed\/ahP4qZTFSg\" width=\"90%\" height=\"500px\"><\/iframe><\/p>\n<p><span style=\"font-weight: 400;\">L&#8217;\u00faltim dia va ser el m\u00e9s curt, per\u00f2 no per aix\u00f2 menys intens. Al mat\u00ed, van visitar el Museu d&#8217;Orsay, situat a prop del riu Sena. L&#8217;edifici on es troba el museu ha canviat el seu valor d&#8217;\u00fas, ja que abans era una gran estaci\u00f3 de tren. T\u00e9 una distribuci\u00f3 diferent del Louvre, per\u00f2 tamb\u00e9 \u00e9s gran i compta amb escultures i diverses exposicions en qu\u00e8 es pot gaudir de les obres dels pintors m\u00e9s importants, com ara Vincent van Gogh. A continuaci\u00f3, es van dirigir cap a l&#8217;Arc de Triomf, localitzat en una de les zones m\u00e9s emblem\u00e0tiques de la ciutat. Van aprofitar per dinar i fer unes compres abans d&#8217;arribar a l&#8217;\u00faltim dest\u00ed del nostre viatge: la Pla\u00e7a de la Bastille, on van assaborir unes cr\u00eapes bon\u00edssimes.<\/span><br \/>\n<iframe loading=\"lazy\" src=\"https:\/\/panoraven.com\/es\/embed\/AreDdclBsV\" width=\"90%\" height=\"500px\"><\/iframe><br \/>\n<span style=\"font-weight: 400;\">Despr\u00e9s de gaudir de les magn\u00edfiques vistes que ens ofereix la ciutat, vam recollir l&#8217;equipatge i de cam\u00ed a l&#8217;aeroport vam finalitzar la nostra experi\u00e8ncia tur\u00edstica a la capital francesa.<\/span><\/p>\n<p>&nbsp;<\/p>\n<p>&nbsp;<\/p>\n","protected":false},"excerpt":{"rendered":"<p>El passat 19 de febrer del 2020 els alumnes que fan hist\u00f2ria de l\u2019art i geografia de segon de batxillerat B, van anar a la ciutat de Par\u00eds, coneguda tamb\u00e9 com \u201cla ciutat de la llum\u201d.<br \/>\n360\u00ba adventure experience <\/p>\n","protected":false},"author":41,"featured_media":3278,"comment_status":"open","ping_status":"closed","sticky":false,"template":"","format":"standard","meta":{"site-sidebar-layout":"default","site-content-layout":"","ast-site-content-layout":"","site-content-style":"default","site-sidebar-style":"default","ast-global-header-display":"","ast-banner-title-visibility":"","ast-main-header-display":"","ast-hfb-above-header-display":"","ast-hfb-below-header-display":"","ast-hfb-mobile-header-display":"","site-post-title":"","ast-breadcrumbs-content":"","ast-featured-img":"","footer-sml-layout":"","theme-transparent-header-meta":"","adv-header-id-meta":"","stick-header-meta":"","header-above-stick-meta":"","header-main-stick-meta":"","header-below-stick-meta":"","astra-migrate-meta-layouts":"default","ast-page-background-enabled":"default","ast-page-background-meta":{"desktop":{"background-color":"var(--ast-global-color-4)","background-image":"","background-repeat":"repeat","background-position":"center center","background-size":"auto","background-attachment":"scroll","background-type":"","background-media":"","overlay-type":"","overlay-color":"","overlay-opacity":"","overlay-gradient":""},"tablet":{"background-color":"","background-image":"","background-repeat":"repeat","background-position":"center center","background-size":"auto","background-attachment":"scroll","background-type":"","background-media":"","overlay-type":"","overlay-color":"","overlay-opacity":"","overlay-gradient":""},"mobile":{"background-color":"","background-image":"","background-repeat":"repeat","background-position":"center center","background-size":"auto","background-attachment":"scroll","background-type":"","background-media":"","overlay-type":"","overlay-color":"","overlay-opacity":"","overlay-gradient":""}},"ast-content-background-meta":{"desktop":{"background-color":"var(--ast-global-color-5)","background-image":"","background-repeat":"repeat","background-position":"center center","background-size":"auto","background-attachment":"scroll","background-type":"","background-media":"","overlay-type":"","overlay-color":"","overlay-opacity":"","overlay-gradient":""},"tablet":{"background-color":"var(--ast-global-color-5)","background-image":"","background-repeat":"repeat","background-position":"center center","background-size":"auto","background-attachment":"scroll","background-type":"","background-media":"","overlay-type":"","overlay-color":"","overlay-opacity":"","overlay-gradient":""},"mobile":{"background-color":"var(--ast-global-color-5)","background-image":"","background-repeat":"repeat","background-position":"center center","background-size":"auto","background-attachment":"scroll","background-type":"","background-media":"","overlay-type":"","overlay-color":"","overlay-opacity":"","overlay-gradient":""}},"footnotes":""},"categories":[325,326,8,1,29],"tags":[314,309,312,206,307,303,310,305,302,311,304,306],"class_list":["post-2849","post","type-post","status-publish","format-standard","has-post-thumbnail","hentry","category-batxillerat_2a","category-batxillerat_2b","category-batxillerat","category-general","category-portada","tag-2n-batxillerat","tag-arc-de-triomf","tag-basilica-del-sacre-coeur","tag-curs-19-20","tag-gioconda","tag-louvre","tag-notre-damm","tag-orsay","tag-paris","tag-saint-chapelle","tag-torrreeiffel","tag-van-gogh"],"post_mailing_queue_ids":[],"_links":{"self":[{"href":"https:\/\/agora.xtec.cat\/iesagustiserra\/wp-json\/wp\/v2\/posts\/2849","targetHints":{"allow":["GET"]}}],"collection":[{"href":"https:\/\/agora.xtec.cat\/iesagustiserra\/wp-json\/wp\/v2\/posts"}],"about":[{"href":"https:\/\/agora.xtec.cat\/iesagustiserra\/wp-json\/wp\/v2\/types\/post"}],"author":[{"embeddable":true,"href":"https:\/\/agora.xtec.cat\/iesagustiserra\/wp-json\/wp\/v2\/users\/41"}],"replies":[{"embeddable":true,"href":"https:\/\/agora.xtec.cat\/iesagustiserra\/wp-json\/wp\/v2\/comments?post=2849"}],"version-history":[{"count":4,"href":"https:\/\/agora.xtec.cat\/iesagustiserra\/wp-json\/wp\/v2\/posts\/2849\/revisions"}],"predecessor-version":[{"id":3665,"href":"https:\/\/agora.xtec.cat\/iesagustiserra\/wp-json\/wp\/v2\/posts\/2849\/revisions\/3665"}],"wp:featuredmedia":[{"embeddable":true,"href":"https:\/\/agora.xtec.cat\/iesagustiserra\/wp-json\/wp\/v2\/media\/3278"}],"wp:attachment":[{"href":"https:\/\/agora.xtec.cat\/iesagustiserra\/wp-json\/wp\/v2\/media?parent=2849"}],"wp:term":[{"taxonomy":"category","embeddable":true,"href":"https:\/\/agora.xtec.cat\/iesagustiserra\/wp-json\/wp\/v2\/categories?post=2849"},{"taxonomy":"post_tag","embeddable":true,"href":"https:\/\/agora.xtec.cat\/iesagustiserra\/wp-json\/wp\/v2\/tags?post=2849"}],"curies":[{"name":"wp","href":"https:\/\/api.w.org\/{rel}","templated":true}]}}