{"id":28278,"date":"2024-06-27T11:31:55","date_gmt":"2024-06-27T09:31:55","guid":{"rendered":"https:\/\/agora.xtec.cat\/iesagustiserra\/?p=28278"},"modified":"2024-07-08T12:06:30","modified_gmt":"2024-07-08T10:06:30","slug":"graduacions-de-4t-de-leso-i-2n-de-batxillerat","status":"publish","type":"post","link":"https:\/\/agora.xtec.cat\/iesagustiserra\/general\/graduacions-de-4t-de-leso-i-2n-de-batxillerat\/","title":{"rendered":"Graduacions de 4t de l&#8217;ESO i 2n de Batxillerat"},"content":{"rendered":"\n<h2 class=\"wp-block-heading\">Galeria imatges<\/h2>\n\n\n\n<div class=\"wp-block-buttons is-content-justification-center is-layout-flex wp-container-core-buttons-is-layout-1 wp-block-buttons-is-layout-flex\">\n<div class=\"wp-block-button has-custom-width wp-block-button__width-50\"><a class=\"wp-block-button__link wp-element-button\" href=\"https:\/\/agora.xtec.cat\/iesagustiserra\/galeria-imatges-de-graduacions-4t-de-leso-i-2n-de-batxillerat-26-06-24\/\" target=\"_blank\" rel=\"noreferrer noopener\">4t ESO i 2n BATXILLERAT<\/a><\/div>\n<\/div>\n\n\n\n<hr class=\"wp-block-separator has-alpha-channel-opacity\"\/>\n\n\n\n<p>Durant aquests darrers dies de juny els espais exteriors del nostre institut s&#8217;han vestit de gala i han acollit a tot l&#8217;alumnat que ha finalitzat etapa i les seves fam\u00edlies per celebrar la festa de graduaci\u00f3.<\/p>\n\n\n\n<p>En concret, el dia 26 a les 19 h hem rebut l&#8217;alumnat de 4t de l&#8217;ESO i el de 2n de Batxillerat amb una festa plena de sorpreses i emocions. Marc Montull i la Joana Avellaneda, de 4t i la Lola Burrull i la Franyi Batista, de 2n de batxillerat han presentat aquest acte en qu\u00e8 els tutors i l&#8217;alumnat dels diferents grups han pogut expressar com han viscut aquests cursos i que ha suposat per ells el pas per l&#8217;institut durant tots aquests anys.<\/p>\n\n\n\n<p>Cal destacar les actuacions d&#8217;alumnat i d&#8217;altres nivells que ens han volgut acompanyar en aquests moments tan important i ple d&#8217;il\u00b7lusi\u00f3. Tant el Diego Anc\u00edsar i Liang Rinc\u00f3n de 2n de batxillerat com l&#8217;Amaia Pchoa de 3r de l&#8217;ESO van acaparar l&#8217;atenci\u00f3 del p\u00fablic amb les seves can\u00e7ons. El professorat de batxillerat va sorprendre a tothom amb una actuaci\u00f3 dedicada al seu alumnat de 2n de batxillerat.<\/p>\n\n\n\n<p>Durant el transcurs de l&#8217;acte ens hem assabentat de moltes an\u00e8cdotes i viv\u00e8ncies que ens han fet riure i plorar.<\/p>\n\n\n\n<p>La graduaci\u00f3 va acabar amb l&#8217;enlairada de birrets amb molta for\u00e7a, amb un v\u00eddeo dedicat a tots els que s&#8217;acomiadaren i amb un petit berenar a la fresca als jardins de l&#8217;institut.<\/p>\n\n\n\n<p>Bona sort a tothom en aquesta nova etapa que tot just comen\u00e7a!<\/p>\n","protected":false},"excerpt":{"rendered":"<p>Galeria imatges Durant aquests darrers dies de juny els espais exteriors del nostre institut s&#8217;han vestit de gala i han [&hellip;]<\/p>\n","protected":false},"author":1,"featured_media":28566,"comment_status":"open","ping_status":"closed","sticky":false,"template":"","format":"standard","meta":{"site-sidebar-layout":"default","site-content-layout":"","ast-site-content-layout":"","site-content-style":"default","site-sidebar-style":"default","ast-global-header-display":"","ast-banner-title-visibility":"","ast-main-header-display":"","ast-hfb-above-header-display":"","ast-hfb-below-header-display":"","ast-hfb-mobile-header-display":"","site-post-title":"","ast-breadcrumbs-content":"","ast-featured-img":"","footer-sml-layout":"","theme-transparent-header-meta":"","adv-header-id-meta":"","stick-header-meta":"","header-above-stick-meta":"","header-main-stick-meta":"","header-below-stick-meta":"","astra-migrate-meta-layouts":"default","ast-page-background-enabled":"default","ast-page-background-meta":{"desktop":{"background-color":"var(--ast-global-color-4)","background-image":"","background-repeat":"repeat","background-position":"center center","background-size":"auto","background-attachment":"scroll","background-type":"","background-media":"","overlay-type":"","overlay-color":"","overlay-opacity":"","overlay-gradient":""},"tablet":{"background-color":"","background-image":"","background-repeat":"repeat","background-position":"center center","background-size":"auto","background-attachment":"scroll","background-type":"","background-media":"","overlay-type":"","overlay-color":"","overlay-opacity":"","overlay-gradient":""},"mobile":{"background-color":"","background-image":"","background-repeat":"repeat","background-position":"center center","background-size":"auto","background-attachment":"scroll","background-type":"","background-media":"","overlay-type":"","overlay-color":"","overlay-opacity":"","overlay-gradient":""}},"ast-content-background-meta":{"desktop":{"background-color":"var(--ast-global-color-5)","background-image":"","background-repeat":"repeat","background-position":"center center","background-size":"auto","background-attachment":"scroll","background-type":"","background-media":"","overlay-type":"","overlay-color":"","overlay-opacity":"","overlay-gradient":""},"tablet":{"background-color":"var(--ast-global-color-5)","background-image":"","background-repeat":"repeat","background-position":"center center","background-size":"auto","background-attachment":"scroll","background-type":"","background-media":"","overlay-type":"","overlay-color":"","overlay-opacity":"","overlay-gradient":""},"mobile":{"background-color":"var(--ast-global-color-5)","background-image":"","background-repeat":"repeat","background-position":"center center","background-size":"auto","background-attachment":"scroll","background-type":"","background-media":"","overlay-type":"","overlay-color":"","overlay-opacity":"","overlay-gradient":""}},"footnotes":""},"categories":[322,325,326,508,8,7,24,25,26,700,3,1,29],"tags":[314,297,871,1281],"class_list":["post-28278","post","type-post","status-publish","format-standard","has-post-thumbnail","hentry","category-2_batxillerat","category-batxillerat_2a","category-batxillerat_2b","category-batxillerat-2b2","category-batxillerat","category-eso-4","category-eso-4a","category-eso-4b","category-eso-4c","category-eso-4d","category-eso","category-general","category-portada","tag-2n-batxillerat","tag-4teso","tag-curs-2023-24","tag-graduacions"],"post_mailing_queue_ids":[],"_links":{"self":[{"href":"https:\/\/agora.xtec.cat\/iesagustiserra\/wp-json\/wp\/v2\/posts\/28278","targetHints":{"allow":["GET"]}}],"collection":[{"href":"https:\/\/agora.xtec.cat\/iesagustiserra\/wp-json\/wp\/v2\/posts"}],"about":[{"href":"https:\/\/agora.xtec.cat\/iesagustiserra\/wp-json\/wp\/v2\/types\/post"}],"author":[{"embeddable":true,"href":"https:\/\/agora.xtec.cat\/iesagustiserra\/wp-json\/wp\/v2\/users\/1"}],"replies":[{"embeddable":true,"href":"https:\/\/agora.xtec.cat\/iesagustiserra\/wp-json\/wp\/v2\/comments?post=28278"}],"version-history":[{"count":6,"href":"https:\/\/agora.xtec.cat\/iesagustiserra\/wp-json\/wp\/v2\/posts\/28278\/revisions"}],"predecessor-version":[{"id":28414,"href":"https:\/\/agora.xtec.cat\/iesagustiserra\/wp-json\/wp\/v2\/posts\/28278\/revisions\/28414"}],"wp:featuredmedia":[{"embeddable":true,"href":"https:\/\/agora.xtec.cat\/iesagustiserra\/wp-json\/wp\/v2\/media\/28566"}],"wp:attachment":[{"href":"https:\/\/agora.xtec.cat\/iesagustiserra\/wp-json\/wp\/v2\/media?parent=28278"}],"wp:term":[{"taxonomy":"category","embeddable":true,"href":"https:\/\/agora.xtec.cat\/iesagustiserra\/wp-json\/wp\/v2\/categories?post=28278"},{"taxonomy":"post_tag","embeddable":true,"href":"https:\/\/agora.xtec.cat\/iesagustiserra\/wp-json\/wp\/v2\/tags?post=28278"}],"curies":[{"name":"wp","href":"https:\/\/api.w.org\/{rel}","templated":true}]}}