{"id":26725,"date":"2024-05-17T17:15:32","date_gmt":"2024-05-17T15:15:32","guid":{"rendered":"https:\/\/agora.xtec.cat\/iesagustiserra\/?p=26725"},"modified":"2024-05-17T17:15:33","modified_gmt":"2024-05-17T15:15:33","slug":"un-nou-contama-radio-as","status":"publish","type":"post","link":"https:\/\/agora.xtec.cat\/iesagustiserra\/portada\/un-nou-contama-radio-as\/","title":{"rendered":"Un nou &#8220;Conta&#8217;m&#8221;a R\u00e0dio AS"},"content":{"rendered":"\n<p>Aqu\u00ed teniu un nou <strong>Conta&#8217;m<\/strong>, la secci\u00f3 que<strong> R\u00e0dio Agust\u00ed Serra <\/strong>comparteix amb la <strong>biblioteca <\/strong>de l&#8217;institut. Avui <strong>l&#8217;Aldara<\/strong> ens llegeix La ginesta, un bonic poema de<strong> Joan Maragall.<\/strong><\/p>\n\n\n\n<figure class=\"wp-block-image aligncenter is-resized is-style-rounded\"><img loading=\"lazy\" decoding=\"async\" width=\"150\" height=\"131\" src=\"https:\/\/agora.xtec.cat\/iesagustiserra\/wp-content\/uploads\/usu1681\/2024\/05\/ginesta-icona.jpg\" alt=\"\" class=\"wp-image-26747\" style=\"aspect-ratio:1.1450381679389312;width:83px;height:auto\"\/><\/figure>\n\n\n\n<p>Escolteu-lo!<\/p>\n\n\n<div align=\"center\">\u00a0<\/div>\n\n\n<p><iframe loading=\"lazy\" src=\"https:\/\/w.soundcloud.com\/player\/?url=https%3A\/\/api.soundcloud.com\/tracks\/1823915619&amp;color=%2355cd00&amp;auto_play=false&amp;hide_related=false&amp;show_comments=true&amp;show_user=true&amp;show_reposts=false&amp;show_teaser=true&amp;visual=true\" width=\"100%\" height=\"600\" frameborder=\"no\" scrolling=\"no\"><\/iframe><\/p>\n<div align=\"center\">\n<div style=\"font-size: 10px; color: #cccccc; line-break: anywhere; word-break: normal; overflow: hidden; white-space: nowrap; text-overflow: ellipsis; font-family: Interstate, 'Lucida Grande', 'Lucida Sans Unicode', 'Lucida Sans', Garuda, Verdana, Tahoma, sans-serif; font-weight: 100; text-align: center;\"><a style=\"color: #cccccc; text-decoration: none;\" title=\"R\u00e0dio Agusti Fontanet\" href=\"https:\/\/soundcloud.com\/radio-agusti-serra-i-fontanet-896227838\" target=\"_blank\" rel=\"noopener\">R\u00e0dio Agusti Fontanet<\/a> \u00b7 <a style=\"color: #cccccc; text-decoration: none;\" title=\"PODCAST 92 (Conta'm - La Ginesta)\" href=\"https:\/\/soundcloud.com\/radio-agusti-serra-i-fontanet-896227838\/podcast-92-contam-la-ginesta\" target=\"_blank\" rel=\"noopener\">PODCAST 92 (Conta&#8217;m &#8211; La Ginesta)<\/a><\/div>\n<\/div>\n\n\n\n<figure class=\"wp-block-image size-full\"><img loading=\"lazy\" decoding=\"async\" width=\"1024\" height=\"768\" src=\"https:\/\/agora.xtec.cat\/iesagustiserra\/wp-content\/uploads\/usu1681\/2024\/05\/ginesta.jpg\" alt=\"\" class=\"wp-image-26745\" srcset=\"https:\/\/agora.xtec.cat\/iesagustiserra\/wp-content\/uploads\/usu1681\/2024\/05\/ginesta.jpg 1024w, https:\/\/agora.xtec.cat\/iesagustiserra\/wp-content\/uploads\/usu1681\/2024\/05\/ginesta-600x450.jpg 600w, https:\/\/agora.xtec.cat\/iesagustiserra\/wp-content\/uploads\/usu1681\/2024\/05\/ginesta-768x576.jpg 768w, https:\/\/agora.xtec.cat\/iesagustiserra\/wp-content\/uploads\/usu1681\/2024\/05\/ginesta-200x150.jpg 200w\" sizes=\"auto, (max-width: 1024px) 100vw, 1024px\" \/><\/figure>\n","protected":false},"excerpt":{"rendered":"<p>Aqu\u00ed teniu un nou Conta&#8217;m, la secci\u00f3 que R\u00e0dio Agust\u00ed Serra comparteix amb la biblioteca de l&#8217;institut. Avui l&#8217;Aldara ens [&hellip;]<\/p>\n","protected":false},"author":1,"featured_media":26745,"comment_status":"open","ping_status":"closed","sticky":false,"template":"","format":"standard","meta":{"site-sidebar-layout":"default","site-content-layout":"","ast-site-content-layout":"","site-content-style":"default","site-sidebar-style":"default","ast-global-header-display":"","ast-banner-title-visibility":"","ast-main-header-display":"","ast-hfb-above-header-display":"","ast-hfb-below-header-display":"","ast-hfb-mobile-header-display":"","site-post-title":"","ast-breadcrumbs-content":"","ast-featured-img":"","footer-sml-layout":"","theme-transparent-header-meta":"","adv-header-id-meta":"","stick-header-meta":"","header-above-stick-meta":"","header-main-stick-meta":"","header-below-stick-meta":"","astra-migrate-meta-layouts":"default","ast-page-background-enabled":"default","ast-page-background-meta":{"desktop":{"background-color":"var(--ast-global-color-4)","background-image":"","background-repeat":"repeat","background-position":"center center","background-size":"auto","background-attachment":"scroll","background-type":"","background-media":"","overlay-type":"","overlay-color":"","overlay-opacity":"","overlay-gradient":""},"tablet":{"background-color":"","background-image":"","background-repeat":"repeat","background-position":"center center","background-size":"auto","background-attachment":"scroll","background-type":"","background-media":"","overlay-type":"","overlay-color":"","overlay-opacity":"","overlay-gradient":""},"mobile":{"background-color":"","background-image":"","background-repeat":"repeat","background-position":"center center","background-size":"auto","background-attachment":"scroll","background-type":"","background-media":"","overlay-type":"","overlay-color":"","overlay-opacity":"","overlay-gradient":""}},"ast-content-background-meta":{"desktop":{"background-color":"var(--ast-global-color-5)","background-image":"","background-repeat":"repeat","background-position":"center center","background-size":"auto","background-attachment":"scroll","background-type":"","background-media":"","overlay-type":"","overlay-color":"","overlay-opacity":"","overlay-gradient":""},"tablet":{"background-color":"var(--ast-global-color-5)","background-image":"","background-repeat":"repeat","background-position":"center center","background-size":"auto","background-attachment":"scroll","background-type":"","background-media":"","overlay-type":"","overlay-color":"","overlay-opacity":"","overlay-gradient":""},"mobile":{"background-color":"var(--ast-global-color-5)","background-image":"","background-repeat":"repeat","background-position":"center center","background-size":"auto","background-attachment":"scroll","background-type":"","background-media":"","overlay-type":"","overlay-color":"","overlay-opacity":"","overlay-gradient":""}},"footnotes":""},"categories":[156,110,108,29],"tags":[148,1141,1209,1210,209],"class_list":["post-26725","post","type-post","status-publish","format-standard","has-post-thumbnail","hentry","category-bibliotrailers","category-booktubers","category-blog-de-la-biblioteca","category-portada","tag-biblioteca","tag-contam","tag-joan-maragall","tag-poema","tag-radio-as"],"post_mailing_queue_ids":[],"_links":{"self":[{"href":"https:\/\/agora.xtec.cat\/iesagustiserra\/wp-json\/wp\/v2\/posts\/26725","targetHints":{"allow":["GET"]}}],"collection":[{"href":"https:\/\/agora.xtec.cat\/iesagustiserra\/wp-json\/wp\/v2\/posts"}],"about":[{"href":"https:\/\/agora.xtec.cat\/iesagustiserra\/wp-json\/wp\/v2\/types\/post"}],"author":[{"embeddable":true,"href":"https:\/\/agora.xtec.cat\/iesagustiserra\/wp-json\/wp\/v2\/users\/1"}],"replies":[{"embeddable":true,"href":"https:\/\/agora.xtec.cat\/iesagustiserra\/wp-json\/wp\/v2\/comments?post=26725"}],"version-history":[{"count":5,"href":"https:\/\/agora.xtec.cat\/iesagustiserra\/wp-json\/wp\/v2\/posts\/26725\/revisions"}],"predecessor-version":[{"id":26749,"href":"https:\/\/agora.xtec.cat\/iesagustiserra\/wp-json\/wp\/v2\/posts\/26725\/revisions\/26749"}],"wp:featuredmedia":[{"embeddable":true,"href":"https:\/\/agora.xtec.cat\/iesagustiserra\/wp-json\/wp\/v2\/media\/26745"}],"wp:attachment":[{"href":"https:\/\/agora.xtec.cat\/iesagustiserra\/wp-json\/wp\/v2\/media?parent=26725"}],"wp:term":[{"taxonomy":"category","embeddable":true,"href":"https:\/\/agora.xtec.cat\/iesagustiserra\/wp-json\/wp\/v2\/categories?post=26725"},{"taxonomy":"post_tag","embeddable":true,"href":"https:\/\/agora.xtec.cat\/iesagustiserra\/wp-json\/wp\/v2\/tags?post=26725"}],"curies":[{"name":"wp","href":"https:\/\/api.w.org\/{rel}","templated":true}]}}