{"id":25385,"date":"2024-04-12T12:25:52","date_gmt":"2024-04-12T10:25:52","guid":{"rendered":"https:\/\/agora.xtec.cat\/iesagustiserra\/?p=25385"},"modified":"2024-04-12T12:46:34","modified_gmt":"2024-04-12T10:46:34","slug":"cfgs-dadministracio-i-finances-visita-el-parlament-de-catalunya","status":"publish","type":"post","link":"https:\/\/agora.xtec.cat\/iesagustiserra\/general\/cfgs-dadministracio-i-finances-visita-el-parlament-de-catalunya\/","title":{"rendered":"CFGS d&#8217;Administraci\u00f3 i Finances visita el Parlament de Catalunya"},"content":{"rendered":"<p style=\"text-align: justify;\">El passat 10 d&#8217;abril l&#8217;alumnat de <strong>primer<\/strong> del <strong><a href=\"https:\/\/agora.xtec.cat\/iesagustiserra\/estudis\/cicles-formatius\/administracio-i-gestio-2\/cfgs-administracio-i-finances\/\" target=\"_blank\" rel=\"noopener\">CFGS d&#8217;Administraci\u00f3 i Finances<\/a><\/strong> va fer una visita al <strong><a href=\"https:\/\/www.parlament.cat\/web\/index.html\" target=\"_blank\" rel=\"noopener\">Parlament de Catalunya<\/a><\/strong>, una de les institucions treballades al m\u00f2dul de Documentaci\u00f3 Jur\u00eddica i Empresarial. Vam tenir l&#8217;oportunitat de fer una visita guiada per l&#8217;edifici i vam comptar amb l&#8217;acompanyament d&#8217;un parlamentari que ens va explicar aspectes molt interessants del dia a dia de la instituci\u00f3!<\/p>\n<div id='gallery-1' class='gallery galleryid-25385 gallery-columns-1 gallery-size-full'><figure class='gallery-item'>\n\t\t\t<div class='gallery-icon landscape'>\n\t\t\t\t<a href='https:\/\/agora.xtec.cat\/iesagustiserra\/general\/cfgs-dadministracio-i-finances-visita-el-parlament-de-catalunya\/attachment\/cfgs-dadministracio-i-finances-visita-el-parlament-de-catalunya-1-2\/'><img loading=\"lazy\" decoding=\"async\" width=\"1024\" height=\"768\" src=\"https:\/\/agora.xtec.cat\/iesagustiserra\/wp-content\/uploads\/usu1681\/2024\/04\/CFGS-dAdministracio-i-Finances-visita-el-Parlament-de-Catalunya-1-1.jpg\" class=\"attachment-full size-full\" alt=\"\" srcset=\"https:\/\/agora.xtec.cat\/iesagustiserra\/wp-content\/uploads\/usu1681\/2024\/04\/CFGS-dAdministracio-i-Finances-visita-el-Parlament-de-Catalunya-1-1.jpg 1024w, https:\/\/agora.xtec.cat\/iesagustiserra\/wp-content\/uploads\/usu1681\/2024\/04\/CFGS-dAdministracio-i-Finances-visita-el-Parlament-de-Catalunya-1-1-600x450.jpg 600w, https:\/\/agora.xtec.cat\/iesagustiserra\/wp-content\/uploads\/usu1681\/2024\/04\/CFGS-dAdministracio-i-Finances-visita-el-Parlament-de-Catalunya-1-1-768x576.jpg 768w, https:\/\/agora.xtec.cat\/iesagustiserra\/wp-content\/uploads\/usu1681\/2024\/04\/CFGS-dAdministracio-i-Finances-visita-el-Parlament-de-Catalunya-1-1-200x150.jpg 200w\" sizes=\"auto, (max-width: 1024px) 100vw, 1024px\" \/><\/a>\n\t\t\t<\/div><\/figure>\n\t\t<\/div>\n\n<div id='gallery-2' class='gallery galleryid-25385 gallery-columns-2 gallery-size-full'><figure class='gallery-item'>\n\t\t\t<div class='gallery-icon landscape'>\n\t\t\t\t<a href='https:\/\/agora.xtec.cat\/iesagustiserra\/general\/cfgs-dadministracio-i-finances-visita-el-parlament-de-catalunya\/attachment\/cfgs-dadministracio-i-finances-visita-el-parlament-de-catalunya-2-p-2\/'><img loading=\"lazy\" decoding=\"async\" width=\"1024\" height=\"768\" src=\"https:\/\/agora.xtec.cat\/iesagustiserra\/wp-content\/uploads\/usu1681\/2024\/04\/CFGS-dAdministracio-i-Finances-visita-el-Parlament-de-Catalunya-2-p-1.jpg\" class=\"attachment-full size-full\" alt=\"\" srcset=\"https:\/\/agora.xtec.cat\/iesagustiserra\/wp-content\/uploads\/usu1681\/2024\/04\/CFGS-dAdministracio-i-Finances-visita-el-Parlament-de-Catalunya-2-p-1.jpg 1024w, https:\/\/agora.xtec.cat\/iesagustiserra\/wp-content\/uploads\/usu1681\/2024\/04\/CFGS-dAdministracio-i-Finances-visita-el-Parlament-de-Catalunya-2-p-1-600x450.jpg 600w, https:\/\/agora.xtec.cat\/iesagustiserra\/wp-content\/uploads\/usu1681\/2024\/04\/CFGS-dAdministracio-i-Finances-visita-el-Parlament-de-Catalunya-2-p-1-768x576.jpg 768w, https:\/\/agora.xtec.cat\/iesagustiserra\/wp-content\/uploads\/usu1681\/2024\/04\/CFGS-dAdministracio-i-Finances-visita-el-Parlament-de-Catalunya-2-p-1-200x150.jpg 200w\" sizes=\"auto, (max-width: 1024px) 100vw, 1024px\" \/><\/a>\n\t\t\t<\/div><\/figure><figure class='gallery-item'>\n\t\t\t<div class='gallery-icon landscape'>\n\t\t\t\t<a href='https:\/\/agora.xtec.cat\/iesagustiserra\/general\/cfgs-dadministracio-i-finances-visita-el-parlament-de-catalunya\/attachment\/cfgs-dadministracio-i-finances-visita-el-parlament-de-catalunya-3-p-2\/'><img loading=\"lazy\" decoding=\"async\" width=\"1024\" height=\"768\" src=\"https:\/\/agora.xtec.cat\/iesagustiserra\/wp-content\/uploads\/usu1681\/2024\/04\/CFGS-dAdministracio-i-Finances-visita-el-Parlament-de-Catalunya-3-p-1.jpg\" class=\"attachment-full size-full\" alt=\"\" srcset=\"https:\/\/agora.xtec.cat\/iesagustiserra\/wp-content\/uploads\/usu1681\/2024\/04\/CFGS-dAdministracio-i-Finances-visita-el-Parlament-de-Catalunya-3-p-1.jpg 1024w, https:\/\/agora.xtec.cat\/iesagustiserra\/wp-content\/uploads\/usu1681\/2024\/04\/CFGS-dAdministracio-i-Finances-visita-el-Parlament-de-Catalunya-3-p-1-600x450.jpg 600w, https:\/\/agora.xtec.cat\/iesagustiserra\/wp-content\/uploads\/usu1681\/2024\/04\/CFGS-dAdministracio-i-Finances-visita-el-Parlament-de-Catalunya-3-p-1-768x576.jpg 768w, https:\/\/agora.xtec.cat\/iesagustiserra\/wp-content\/uploads\/usu1681\/2024\/04\/CFGS-dAdministracio-i-Finances-visita-el-Parlament-de-Catalunya-3-p-1-200x150.jpg 200w\" sizes=\"auto, (max-width: 1024px) 100vw, 1024px\" \/><\/a>\n\t\t\t<\/div><\/figure>\n\t\t<\/div>\n\n<p>&nbsp;<\/p>\n","protected":false},"excerpt":{"rendered":"<p>El passat 10 d&#8217;abril l&#8217;alumnat de primer del CFGS d&#8217;Administraci\u00f3 i Finances va fer una visita al Parlament de Catalunya, [&hellip;]<\/p>\n","protected":false},"author":1,"featured_media":25397,"comment_status":"open","ping_status":"closed","sticky":false,"template":"","format":"standard","meta":{"site-sidebar-layout":"default","site-content-layout":"","ast-site-content-layout":"","site-content-style":"default","site-sidebar-style":"default","ast-global-header-display":"","ast-banner-title-visibility":"","ast-main-header-display":"","ast-hfb-above-header-display":"","ast-hfb-below-header-display":"","ast-hfb-mobile-header-display":"","site-post-title":"","ast-breadcrumbs-content":"","ast-featured-img":"","footer-sml-layout":"","theme-transparent-header-meta":"","adv-header-id-meta":"","stick-header-meta":"","header-above-stick-meta":"","header-main-stick-meta":"","header-below-stick-meta":"","astra-migrate-meta-layouts":"default","ast-page-background-enabled":"default","ast-page-background-meta":{"desktop":{"background-color":"var(--ast-global-color-4)","background-image":"","background-repeat":"repeat","background-position":"center center","background-size":"auto","background-attachment":"scroll","background-type":"","background-media":"","overlay-type":"","overlay-color":"","overlay-opacity":"","overlay-gradient":""},"tablet":{"background-color":"","background-image":"","background-repeat":"repeat","background-position":"center center","background-size":"auto","background-attachment":"scroll","background-type":"","background-media":"","overlay-type":"","overlay-color":"","overlay-opacity":"","overlay-gradient":""},"mobile":{"background-color":"","background-image":"","background-repeat":"repeat","background-position":"center center","background-size":"auto","background-attachment":"scroll","background-type":"","background-media":"","overlay-type":"","overlay-color":"","overlay-opacity":"","overlay-gradient":""}},"ast-content-background-meta":{"desktop":{"background-color":"var(--ast-global-color-5)","background-image":"","background-repeat":"repeat","background-position":"center center","background-size":"auto","background-attachment":"scroll","background-type":"","background-media":"","overlay-type":"","overlay-color":"","overlay-opacity":"","overlay-gradient":""},"tablet":{"background-color":"var(--ast-global-color-5)","background-image":"","background-repeat":"repeat","background-position":"center center","background-size":"auto","background-attachment":"scroll","background-type":"","background-media":"","overlay-type":"","overlay-color":"","overlay-opacity":"","overlay-gradient":""},"mobile":{"background-color":"var(--ast-global-color-5)","background-image":"","background-repeat":"repeat","background-position":"center center","background-size":"auto","background-attachment":"scroll","background-type":"","background-media":"","overlay-type":"","overlay-color":"","overlay-opacity":"","overlay-gradient":""}},"footnotes":""},"categories":[706,236,1,29],"tags":[799,1187],"class_list":["post-25385","post","type-post","status-publish","format-standard","has-post-thumbnail","hentry","category-administracio_finances","category-administracio-gestio","category-general","category-portada","tag-1r-cffgs-administracio-i-finances","tag-parlament-de-catalunya"],"post_mailing_queue_ids":[],"_links":{"self":[{"href":"https:\/\/agora.xtec.cat\/iesagustiserra\/wp-json\/wp\/v2\/posts\/25385","targetHints":{"allow":["GET"]}}],"collection":[{"href":"https:\/\/agora.xtec.cat\/iesagustiserra\/wp-json\/wp\/v2\/posts"}],"about":[{"href":"https:\/\/agora.xtec.cat\/iesagustiserra\/wp-json\/wp\/v2\/types\/post"}],"author":[{"embeddable":true,"href":"https:\/\/agora.xtec.cat\/iesagustiserra\/wp-json\/wp\/v2\/users\/1"}],"replies":[{"embeddable":true,"href":"https:\/\/agora.xtec.cat\/iesagustiserra\/wp-json\/wp\/v2\/comments?post=25385"}],"version-history":[{"count":6,"href":"https:\/\/agora.xtec.cat\/iesagustiserra\/wp-json\/wp\/v2\/posts\/25385\/revisions"}],"predecessor-version":[{"id":25400,"href":"https:\/\/agora.xtec.cat\/iesagustiserra\/wp-json\/wp\/v2\/posts\/25385\/revisions\/25400"}],"wp:featuredmedia":[{"embeddable":true,"href":"https:\/\/agora.xtec.cat\/iesagustiserra\/wp-json\/wp\/v2\/media\/25397"}],"wp:attachment":[{"href":"https:\/\/agora.xtec.cat\/iesagustiserra\/wp-json\/wp\/v2\/media?parent=25385"}],"wp:term":[{"taxonomy":"category","embeddable":true,"href":"https:\/\/agora.xtec.cat\/iesagustiserra\/wp-json\/wp\/v2\/categories?post=25385"},{"taxonomy":"post_tag","embeddable":true,"href":"https:\/\/agora.xtec.cat\/iesagustiserra\/wp-json\/wp\/v2\/tags?post=25385"}],"curies":[{"name":"wp","href":"https:\/\/api.w.org\/{rel}","templated":true}]}}