{"id":25323,"date":"2024-04-11T13:00:59","date_gmt":"2024-04-11T11:00:59","guid":{"rendered":"https:\/\/agora.xtec.cat\/iesagustiserra\/?p=25323"},"modified":"2024-04-21T22:21:41","modified_gmt":"2024-04-21T20:21:41","slug":"un-acte-de-valentia-pot-salvar-vides-dona-sang","status":"publish","type":"post","link":"https:\/\/agora.xtec.cat\/iesagustiserra\/portada\/un-acte-de-valentia-pot-salvar-vides-dona-sang\/","title":{"rendered":"Un acte de valentia pot salvar vides. Dona sang!     17 d\u2019abril, de 16 h a 20 h"},"content":{"rendered":"<h5 style=\"text-align: center;\"><a class=\"button normal\" style=\"padding: 0.5em; margin: 0.1em; color: white !important; background-color: #767676;\" href=\"https:\/\/donarsang.gencat.cat\/ca\/vull-donar\/cita\/recollida\/poblacio\/\/9796\/sabadell\/17-04-2024\/\" target=\"_blank\" rel=\"noopener noreferrer\">FULL INSCRIPCI\u00d3 PR\u00c8VIA<\/a><\/h5>\n<h6 style=\"text-align: center;\"><\/h6>\n<p style=\"text-align: justify;\">Amb aquest esl\u00f2gan tan engrescador, l\u2019alumnat de <a href=\"https:\/\/agora.xtec.cat\/iesagustiserra\/estudis\/cicles-formatius\/arts-grafiques-2\/\" target=\"_blank\" rel=\"noopener\"><strong>Preimpressi\u00f3<\/strong><\/a> i <a href=\"https:\/\/agora.xtec.cat\/iesagustiserra\/estudis\/cicles-formatius\/comerc-i-marketing\/\" target=\"_blank\" rel=\"noopener\"><strong>M\u00e0rqueting i Publicitat<\/strong><\/a> ha inaugurat la preparaci\u00f3 de la campanya de donaci\u00f3 de sang d\u2019aquest curs. Amb aquesta jornada sumem 4 edicions realitzades al nostre institut, de la m\u00e0 de l\u2019\u00e0rea de promoci\u00f3 de donaci\u00f3 del<span style=\"color: #ff0000;\"><strong> Banc de Sang i Teixits de Catalunya<\/strong><\/span>.<\/p>\n<p style=\"text-align: justify;\">No oblidis anotar-ho al teu calendari: el pr\u00f2xim dimecres <strong>17 d\u2019abril, de 16 h a 20 h<\/strong> al gimn\u00e0s de l\u2019institut, tens una cita heroica a la qual no pots faltar! Pensa que cada donaci\u00f3 de sang representa un acte de solidaritat i empatia cap als altres membres de la comunitat, refor\u00e7ant el teixit social i fomentant la col\u00b7laboraci\u00f3 i el suport mutu.<\/p>\n<p style=\"text-align: justify;\">Pren nota del m\u00e9s important per aquell dia:<\/p>\n<ul style=\"list-style-type: square; text-align: justify;\">\n<li>Els requisits principals per poder ser donant s\u00f3n, d\u2019una banda, tenir entre <strong>18 i 70 anys i, d&#8217;altra banda, pesar 50 quilos o m\u00e9s.<\/strong><\/li>\n<li>Has de portar el <strong>Document d\u2019Identitat en format f\u00edsic<\/strong> (DNI\/NIE, Passaport o Carnet<br \/>\nde conduir).<\/li>\n<\/ul>\n<p style=\"text-align: justify;\">Encara que no \u00e9s obligatori, si vols facilitar el treball dels sanitaris i evitar aix\u00ed l\u2019acumulaci\u00f3 de donants, pots fer la teva inscripci\u00f3 en <a href=\"https:\/\/donarsang.gencat.cat\/ca\/vull-donar\/cita\/recollida\/poblacio\/\/9796\/sabadell\/17-04-2024\/\" target=\"_blank\" rel=\"noopener\">l&#8217;enlla\u00e7<\/a> seg\u00fcent:<\/p>\n<h5 style=\"text-align: center;\"><a class=\"button normal\" style=\"padding: 0.5em; margin: 0.1em; color: white !important; background-color: #767676;\" href=\"https:\/\/donarsang.gencat.cat\/ca\/vull-donar\/cita\/recollida\/poblacio\/\/9796\/sabadell\/17-04-2024\/\" target=\"_blank\" rel=\"noopener noreferrer\">FULL INSCRIPCI\u00d3 PR\u00c8VIA<\/a><\/h5>\n<p style=\"text-align: justify;\">Sols et portar\u00e0 un minut. No oblidis que pots venir igualment sense inscripci\u00f3 pr\u00e8via. En finalitzar podr\u00e0s reprendre forces amb un berenar i marxar a casa amb un obsequi dissenyat pel nostre alumnat.<\/p>\n<h1 style=\"text-align: center;\"><strong><span style=\"color: #ff0000;\">Sigues valent i valenta, dona sang!<\/span><\/strong><\/h1>\n<div align=\"center\"><iframe loading=\"lazy\" title=\"Animaci\u00f3 campanya &quot;UN ACTE DE VALENTIA POT SALVAR VIDES. DONA SANG.&quot;\" src=\"https:\/\/www.youtube.com\/embed\/k0DUasNgb5c\" width=\"445\" height=\"791\" frameborder=\"0\" allowfullscreen=\"allowfullscreen\"><\/iframe><\/div>\n<div style=\"text-align: left;\" align=\"center\">Us esperem, companys i companyes!<\/div>\n","protected":false},"excerpt":{"rendered":"<p>FULL INSCRIPCI\u00d3 PR\u00c8VIA Amb aquest esl\u00f2gan tan engrescador, l\u2019alumnat de Preimpressi\u00f3 i M\u00e0rqueting i Publicitat ha inaugurat la preparaci\u00f3 de [&hellip;]<\/p>\n","protected":false},"author":1,"featured_media":25332,"comment_status":"open","ping_status":"closed","sticky":false,"template":"","format":"standard","meta":{"site-sidebar-layout":"default","site-content-layout":"","ast-site-content-layout":"","site-content-style":"default","site-sidebar-style":"default","ast-global-header-display":"","ast-banner-title-visibility":"","ast-main-header-display":"","ast-hfb-above-header-display":"","ast-hfb-below-header-display":"","ast-hfb-mobile-header-display":"","site-post-title":"","ast-breadcrumbs-content":"","ast-featured-img":"","footer-sml-layout":"","theme-transparent-header-meta":"","adv-header-id-meta":"","stick-header-meta":"","header-above-stick-meta":"","header-main-stick-meta":"","header-below-stick-meta":"","astra-migrate-meta-layouts":"default","ast-page-background-enabled":"default","ast-page-background-meta":{"desktop":{"background-color":"var(--ast-global-color-4)","background-image":"","background-repeat":"repeat","background-position":"center center","background-size":"auto","background-attachment":"scroll","background-type":"","background-media":"","overlay-type":"","overlay-color":"","overlay-opacity":"","overlay-gradient":""},"tablet":{"background-color":"","background-image":"","background-repeat":"repeat","background-position":"center center","background-size":"auto","background-attachment":"scroll","background-type":"","background-media":"","overlay-type":"","overlay-color":"","overlay-opacity":"","overlay-gradient":""},"mobile":{"background-color":"","background-image":"","background-repeat":"repeat","background-position":"center center","background-size":"auto","background-attachment":"scroll","background-type":"","background-media":"","overlay-type":"","overlay-color":"","overlay-opacity":"","overlay-gradient":""}},"ast-content-background-meta":{"desktop":{"background-color":"var(--ast-global-color-5)","background-image":"","background-repeat":"repeat","background-position":"center center","background-size":"auto","background-attachment":"scroll","background-type":"","background-media":"","overlay-type":"","overlay-color":"","overlay-opacity":"","overlay-gradient":""},"tablet":{"background-color":"var(--ast-global-color-5)","background-image":"","background-repeat":"repeat","background-position":"center center","background-size":"auto","background-attachment":"scroll","background-type":"","background-media":"","overlay-type":"","overlay-color":"","overlay-opacity":"","overlay-gradient":""},"mobile":{"background-color":"var(--ast-global-color-5)","background-image":"","background-repeat":"repeat","background-position":"center center","background-size":"auto","background-attachment":"scroll","background-type":"","background-media":"","overlay-type":"","overlay-color":"","overlay-opacity":"","overlay-gradient":""}},"footnotes":""},"categories":[237,29,707],"tags":[1185,338,651,285],"class_list":["post-25323","post","type-post","status-publish","format-standard","has-post-thumbnail","hentry","category-comerc-marqueting","category-portada","category-preimpressio_digital","tag-banc-de-sang-i-teixits-de-catalunya","tag-comerc-i-marqueting","tag-donacio-de-sang","tag-preimpressio"],"post_mailing_queue_ids":[],"_links":{"self":[{"href":"https:\/\/agora.xtec.cat\/iesagustiserra\/wp-json\/wp\/v2\/posts\/25323","targetHints":{"allow":["GET"]}}],"collection":[{"href":"https:\/\/agora.xtec.cat\/iesagustiserra\/wp-json\/wp\/v2\/posts"}],"about":[{"href":"https:\/\/agora.xtec.cat\/iesagustiserra\/wp-json\/wp\/v2\/types\/post"}],"author":[{"embeddable":true,"href":"https:\/\/agora.xtec.cat\/iesagustiserra\/wp-json\/wp\/v2\/users\/1"}],"replies":[{"embeddable":true,"href":"https:\/\/agora.xtec.cat\/iesagustiserra\/wp-json\/wp\/v2\/comments?post=25323"}],"version-history":[{"count":6,"href":"https:\/\/agora.xtec.cat\/iesagustiserra\/wp-json\/wp\/v2\/posts\/25323\/revisions"}],"predecessor-version":[{"id":25352,"href":"https:\/\/agora.xtec.cat\/iesagustiserra\/wp-json\/wp\/v2\/posts\/25323\/revisions\/25352"}],"wp:featuredmedia":[{"embeddable":true,"href":"https:\/\/agora.xtec.cat\/iesagustiserra\/wp-json\/wp\/v2\/media\/25332"}],"wp:attachment":[{"href":"https:\/\/agora.xtec.cat\/iesagustiserra\/wp-json\/wp\/v2\/media?parent=25323"}],"wp:term":[{"taxonomy":"category","embeddable":true,"href":"https:\/\/agora.xtec.cat\/iesagustiserra\/wp-json\/wp\/v2\/categories?post=25323"},{"taxonomy":"post_tag","embeddable":true,"href":"https:\/\/agora.xtec.cat\/iesagustiserra\/wp-json\/wp\/v2\/tags?post=25323"}],"curies":[{"name":"wp","href":"https:\/\/api.w.org\/{rel}","templated":true}]}}