{"id":24852,"date":"2024-04-25T08:28:04","date_gmt":"2024-04-25T06:28:04","guid":{"rendered":"https:\/\/agora.xtec.cat\/iesagustiserra\/?p=24852"},"modified":"2024-04-26T10:52:38","modified_gmt":"2024-04-26T08:52:38","slug":"jornada-els-valors-en-lesport-als-pfi","status":"publish","type":"post","link":"https:\/\/agora.xtec.cat\/iesagustiserra\/general\/jornada-els-valors-en-lesport-als-pfi\/","title":{"rendered":"Jornada &#8220;Els valors en l&#8217;esport&#8221; als PFI"},"content":{"rendered":"<div style=\"text-align: center;\">\n<h5 style=\"text-align: center;\"><a class=\"button normal\" style=\"padding: 0.5em; margin: 0.1em; color: white !important; background-color: #767676;\" href=\"https:\/\/drive.google.com\/file\/d\/1Ty-LgR_KC9rtlgvrwc6gDC-y31rlzCpq\/view?usp=drive_link\" target=\"_blank\" rel=\"noopener noreferrer\">V\u00cdDEO<\/a><\/h5>\n<\/div>\n<p align=\"justify\">El passat dimarts 27 de febrer va tenir lloc a l\u2019institut la I Jornada Esportiva de la Xarxa 7 Vall\u00e8s Occidental emmarcada en el <a href=\"https:\/\/projectes.xtec.cat\/pfi\/categoria\/projecte-esports\/\" target=\"_blank\" rel=\"noopener\"><b>Projecte Esports dels Programes de Formaci\u00f3 i Inserci\u00f3 (PFI)<\/b><\/a>.<\/p>\n<p align=\"justify\">El Projecte \u201c<a href=\"https:\/\/padlet.com\/marruf11\/els-valors-de-l-esport-als-pfi-waz3k9h7d9lwa6vp\" target=\"_blank\" rel=\"noopener\"><strong>Valors en l\u2019esport<\/strong><\/a>\u201d sorgeix de la convicci\u00f3 que, a trav\u00e9s del m\u00f3n de l\u2019esport o l\u2019activitat f\u00edsica, podem treballar valors fonamentals per al nostre alumnat. Valors com el treball en equip, la cultura de l\u2019esfor\u00e7, el respecte, aprendre dels errors i lluitar per aconseguir all\u00f2 que vols.<\/p>\n<p align=\"justify\">La metodologia de treball emprada als <a href=\"https:\/\/xtec.gencat.cat\/ca\/curriculum\/professionals\/pfi\/\" target=\"_blank\" rel=\"noopener\"><strong>PFI<\/strong><\/a> es basa en la import\u00e0ncia d&#8217;acomplir activitats que siguin significatives per l\u2019alumnat. S\u00f3n significatives les activitats quan li s\u00f3n \u00fatils, interessants i divertides. \u00c9s aquesta connexi\u00f3 psicol\u00f2gica la que fa que s\u2019enganxin i treballin. Si l\u2019alumnat treballa \u00e9s f\u00e0cil pel professorat introduir, dins de les activitats, els continguts del curr\u00edculum. Un alt percentatge d&#8217;alumnes troba l\u2019educaci\u00f3 f\u00edsica la m\u00e9s divertida de les assignatures. Per tant, per qu\u00e8 no aprofitar-ho?<\/p>\n<p align=\"justify\">Un mat\u00ed on v\u00e0rem compartir experi\u00e8ncies i reflexions amb persones vinculades al m\u00f3n de l\u2019esport en qu\u00e8 han participat uns 150 alumnes de diferents perfils professionals de <a href=\"https:\/\/xtec.gencat.cat\/ca\/curriculum\/professionals\/pfi\/\" target=\"_blank\" rel=\"noopener\"><strong>PFI<\/strong> <\/a>del territori: de <a href=\"https:\/\/agora.xtec.cat\/iesagustiserra\/estudis\/pfi-ife\/\" target=\"_blank\" rel=\"noopener\"><strong>l\u2019institut Agust\u00ed Serra i Fontanet<\/strong> <\/a>(Sabadell)<a href=\"https:\/\/agora.xtec.cat\/iesagustiserra\/estudis\/pfi-ife\/\" target=\"_blank\" rel=\"noopener\">,<\/a> <a href=\"https:\/\/www.insfpsantcugat.cat\/newpage62b26e25\" target=\"_blank\" rel=\"noopener\"><strong>institut d&#8217;FP Sant Cugat<\/strong><\/a> (Sant Cugat del Vall\u00e8s), <a href=\"https:\/\/agora.xtec.cat\/iesserreta\/\" target=\"_blank\" rel=\"noopener\"><strong>institut La Serreta<\/strong><\/a> (Rub\u00ed), <a href=\"https:\/\/agora.xtec.cat\/ies-estatut\/\" target=\"_blank\" rel=\"noopener\"><strong>institut L\u2019Estatut<\/strong><\/a> (Rub\u00ed) i <a href=\"https:\/\/drive.google.com\/file\/d\/1zjyPsM9DDortnev4JFm-n9Meh6YFi9Um\/view?pli=1\" target=\"_blank\" rel=\"noopener\"><strong>l\u2019institut Estela Ib\u00e8rica<\/strong><\/a> (Santa Perp\u00e8tua de Mogoda).<\/p>\n<p align=\"justify\">La primera part va consistir en la xerrada a c\u00e0rrec de l&#8217;exfutbolista del Bar\u00e7a, l&#8217;Oleguer Presas que actualment porta en projecte l\u2019<a href=\"https:\/\/futbolcaserna.wordpress.com\/\" target=\"_blank\" rel=\"noopener\"><strong>Escola de futbol La Caserna<\/strong><\/a>, a Sabadell per evitar qualsevol mena d&#8217;exclusi\u00f3 i una segona xerrada a c\u00e0rrec del cap de departament del<a href=\"https:\/\/agora.xtec.cat\/iesagustiserra\/estudis\/cicles-formatius\/activitats-fisiques-i-esportives\/cfgs-guia-en-el-medi-natural-i-de-temps-de-lleure\/\" target=\"_blank\" rel=\"noopener\"><strong> CFGM de Guia de Medi Natural i Temps de Lleure<\/strong><\/a>, en Sergi Escriu, per con\u00e8ixer aquest cicle formatiu.<\/p>\n<p align=\"justify\">La segona part de la Jornada va comptar amb la participaci\u00f3 de l\u2019alumnat de <a href=\"https:\/\/agora.xtec.cat\/iesagustiserra\/estudis\/cicles-formatius\/activitats-fisiques-i-esportives\/cfgs-guia-en-el-medi-natural-i-de-temps-de-lleure\/\" target=\"_blank\" rel=\"noopener\"><strong>CFGM de Guia de Medi Natural i Temps de Lleure<\/strong><\/a> de l\u2019institut Agust\u00ed Serra i Fontanet, qui va dinamitzar la jornada amb activitats i esports que l\u2019alumnat de PFI va acollir amb moltes ganes. Va ser una bona oportunitat per potenciar les relacions interpersonals i fomentar la cohesi\u00f3 grupal, culminant aix\u00ed el projecte Valors en l\u2019Esport treballat a les aules.<\/p>\n<div style=\"text-align: center;\">\n<p><iframe loading=\"lazy\" src=\"https:\/\/drive.google.com\/file\/d\/1Ty-LgR_KC9rtlgvrwc6gDC-y31rlzCpq\/preview\" width=\"840\" height=\"480\"><span data-mce-type=\"bookmark\" style=\"display: inline-block; width: 0px; overflow: hidden; line-height: 0;\" class=\"mce_SELRES_start\">\ufeff<\/span><span data-mce-type=\"bookmark\" style=\"display: inline-block; width: 0px; overflow: hidden; line-height: 0;\" class=\"mce_SELRES_start\">\ufeff<\/span><span data-mce-type=\"bookmark\" style=\"display: inline-block; width: 0px; overflow: hidden; line-height: 0;\" class=\"mce_SELRES_start\">\ufeff<\/span><span data-mce-type=\"bookmark\" style=\"display: inline-block; width: 0px; overflow: hidden; line-height: 0;\" class=\"mce_SELRES_start\">\ufeff<\/span>&nbsp;<\/p>\n<p><\/iframe><\/p>\n<\/div>\n<div id='gallery-1' class='gallery galleryid-24852 gallery-columns-2 gallery-size-full'><figure class='gallery-item'>\n\t\t\t<div class='gallery-icon landscape'>\n\t\t\t\t<a href='https:\/\/agora.xtec.cat\/iesagustiserra\/general\/jornada-els-valors-en-lesport-als-pfi\/attachment\/img_1916-1\/'><img loading=\"lazy\" decoding=\"async\" width=\"1024\" height=\"768\" src=\"https:\/\/agora.xtec.cat\/iesagustiserra\/wp-content\/uploads\/usu1681\/2024\/03\/IMG_1916-1-scaled-e1710239989217.jpg\" class=\"attachment-full size-full\" alt=\"\" \/><\/a>\n\t\t\t<\/div><\/figure><figure class='gallery-item'>\n\t\t\t<div class='gallery-icon landscape'>\n\t\t\t\t<a href='https:\/\/agora.xtec.cat\/iesagustiserra\/general\/jornada-els-valors-en-lesport-als-pfi\/attachment\/img_1924-1\/'><img loading=\"lazy\" decoding=\"async\" width=\"1024\" height=\"768\" src=\"https:\/\/agora.xtec.cat\/iesagustiserra\/wp-content\/uploads\/usu1681\/2024\/03\/IMG_1924-1-scaled-e1710240007504.jpg\" class=\"attachment-full size-full\" alt=\"\" \/><\/a>\n\t\t\t<\/div><\/figure>\n\t\t<\/div>\n\n<div id='gallery-2' class='gallery galleryid-24852 gallery-columns-1 gallery-size-full'><figure class='gallery-item'>\n\t\t\t<div class='gallery-icon portrait'>\n\t\t\t\t<a href='https:\/\/agora.xtec.cat\/iesagustiserra\/general\/jornada-els-valors-en-lesport-als-pfi\/attachment\/jornada-esportiva-pfi-10-p\/'><img loading=\"lazy\" decoding=\"async\" width=\"576\" height=\"768\" src=\"https:\/\/agora.xtec.cat\/iesagustiserra\/wp-content\/uploads\/usu1681\/2024\/03\/Jornada-Esportiva-PFI-10-p.jpg\" class=\"attachment-full size-full\" alt=\"\" srcset=\"https:\/\/agora.xtec.cat\/iesagustiserra\/wp-content\/uploads\/usu1681\/2024\/03\/Jornada-Esportiva-PFI-10-p.jpg 576w, https:\/\/agora.xtec.cat\/iesagustiserra\/wp-content\/uploads\/usu1681\/2024\/03\/Jornada-Esportiva-PFI-10-p-225x300.jpg 225w\" sizes=\"auto, (max-width: 576px) 100vw, 576px\" \/><\/a>\n\t\t\t<\/div><\/figure>\n\t\t<\/div>\n\n<p>&nbsp;<\/p>\n<div id='gallery-3' class='gallery galleryid-24852 gallery-columns-2 gallery-size-full'><figure class='gallery-item'>\n\t\t\t<div class='gallery-icon landscape'>\n\t\t\t\t<a href='https:\/\/agora.xtec.cat\/iesagustiserra\/general\/jornada-els-valors-en-lesport-als-pfi\/attachment\/jornada-esportiva-pfi-3\/'><img loading=\"lazy\" decoding=\"async\" width=\"1024\" height=\"768\" src=\"https:\/\/agora.xtec.cat\/iesagustiserra\/wp-content\/uploads\/usu1681\/2024\/03\/Jornada-Esportiva-PFI-3.jpg\" class=\"attachment-full size-full\" alt=\"\" srcset=\"https:\/\/agora.xtec.cat\/iesagustiserra\/wp-content\/uploads\/usu1681\/2024\/03\/Jornada-Esportiva-PFI-3.jpg 1024w, https:\/\/agora.xtec.cat\/iesagustiserra\/wp-content\/uploads\/usu1681\/2024\/03\/Jornada-Esportiva-PFI-3-300x225.jpg 300w, https:\/\/agora.xtec.cat\/iesagustiserra\/wp-content\/uploads\/usu1681\/2024\/03\/Jornada-Esportiva-PFI-3-768x576.jpg 768w, https:\/\/agora.xtec.cat\/iesagustiserra\/wp-content\/uploads\/usu1681\/2024\/03\/Jornada-Esportiva-PFI-3-200x150.jpg 200w\" sizes=\"auto, (max-width: 1024px) 100vw, 1024px\" \/><\/a>\n\t\t\t<\/div><\/figure><figure class='gallery-item'>\n\t\t\t<div class='gallery-icon landscape'>\n\t\t\t\t<a href='https:\/\/agora.xtec.cat\/iesagustiserra\/general\/jornada-els-valors-en-lesport-als-pfi\/attachment\/jornada-esportiva-pfi-4\/'><img loading=\"lazy\" decoding=\"async\" width=\"1024\" height=\"768\" src=\"https:\/\/agora.xtec.cat\/iesagustiserra\/wp-content\/uploads\/usu1681\/2024\/03\/Jornada-Esportiva-PFI-4.jpg\" class=\"attachment-full size-full\" alt=\"\" srcset=\"https:\/\/agora.xtec.cat\/iesagustiserra\/wp-content\/uploads\/usu1681\/2024\/03\/Jornada-Esportiva-PFI-4.jpg 1024w, https:\/\/agora.xtec.cat\/iesagustiserra\/wp-content\/uploads\/usu1681\/2024\/03\/Jornada-Esportiva-PFI-4-300x225.jpg 300w, https:\/\/agora.xtec.cat\/iesagustiserra\/wp-content\/uploads\/usu1681\/2024\/03\/Jornada-Esportiva-PFI-4-768x576.jpg 768w, https:\/\/agora.xtec.cat\/iesagustiserra\/wp-content\/uploads\/usu1681\/2024\/03\/Jornada-Esportiva-PFI-4-200x150.jpg 200w\" sizes=\"auto, (max-width: 1024px) 100vw, 1024px\" \/><\/a>\n\t\t\t<\/div><\/figure><figure class='gallery-item'>\n\t\t\t<div class='gallery-icon landscape'>\n\t\t\t\t<a href='https:\/\/agora.xtec.cat\/iesagustiserra\/general\/jornada-els-valors-en-lesport-als-pfi\/attachment\/jornada-esportiva-pfi-5\/'><img loading=\"lazy\" decoding=\"async\" width=\"1024\" height=\"768\" src=\"https:\/\/agora.xtec.cat\/iesagustiserra\/wp-content\/uploads\/usu1681\/2024\/03\/Jornada-Esportiva-PFI-5.jpg\" class=\"attachment-full size-full\" alt=\"\" srcset=\"https:\/\/agora.xtec.cat\/iesagustiserra\/wp-content\/uploads\/usu1681\/2024\/03\/Jornada-Esportiva-PFI-5.jpg 1024w, https:\/\/agora.xtec.cat\/iesagustiserra\/wp-content\/uploads\/usu1681\/2024\/03\/Jornada-Esportiva-PFI-5-300x225.jpg 300w, https:\/\/agora.xtec.cat\/iesagustiserra\/wp-content\/uploads\/usu1681\/2024\/03\/Jornada-Esportiva-PFI-5-768x576.jpg 768w, https:\/\/agora.xtec.cat\/iesagustiserra\/wp-content\/uploads\/usu1681\/2024\/03\/Jornada-Esportiva-PFI-5-200x150.jpg 200w\" sizes=\"auto, (max-width: 1024px) 100vw, 1024px\" \/><\/a>\n\t\t\t<\/div><\/figure><figure class='gallery-item'>\n\t\t\t<div class='gallery-icon landscape'>\n\t\t\t\t<a href='https:\/\/agora.xtec.cat\/iesagustiserra\/general\/jornada-els-valors-en-lesport-als-pfi\/attachment\/jornada-esportiva-pfi\/'><img loading=\"lazy\" decoding=\"async\" width=\"1024\" height=\"768\" src=\"https:\/\/agora.xtec.cat\/iesagustiserra\/wp-content\/uploads\/usu1681\/2024\/03\/Jornada-Esportiva-PFI.jpg\" class=\"attachment-full size-full\" alt=\"\" srcset=\"https:\/\/agora.xtec.cat\/iesagustiserra\/wp-content\/uploads\/usu1681\/2024\/03\/Jornada-Esportiva-PFI.jpg 1024w, https:\/\/agora.xtec.cat\/iesagustiserra\/wp-content\/uploads\/usu1681\/2024\/03\/Jornada-Esportiva-PFI-300x225.jpg 300w, https:\/\/agora.xtec.cat\/iesagustiserra\/wp-content\/uploads\/usu1681\/2024\/03\/Jornada-Esportiva-PFI-768x576.jpg 768w, https:\/\/agora.xtec.cat\/iesagustiserra\/wp-content\/uploads\/usu1681\/2024\/03\/Jornada-Esportiva-PFI-200x150.jpg 200w\" sizes=\"auto, (max-width: 1024px) 100vw, 1024px\" \/><\/a>\n\t\t\t<\/div><\/figure><figure class='gallery-item'>\n\t\t\t<div class='gallery-icon landscape'>\n\t\t\t\t<a href='https:\/\/agora.xtec.cat\/iesagustiserra\/general\/jornada-els-valors-en-lesport-als-pfi\/attachment\/jornada-esportiva-pfi-8-p\/'><img loading=\"lazy\" decoding=\"async\" width=\"1024\" height=\"768\" src=\"https:\/\/agora.xtec.cat\/iesagustiserra\/wp-content\/uploads\/usu1681\/2024\/03\/Jornada-Esportiva-PFI-8-p.jpg\" class=\"attachment-full size-full\" alt=\"\" srcset=\"https:\/\/agora.xtec.cat\/iesagustiserra\/wp-content\/uploads\/usu1681\/2024\/03\/Jornada-Esportiva-PFI-8-p.jpg 1024w, https:\/\/agora.xtec.cat\/iesagustiserra\/wp-content\/uploads\/usu1681\/2024\/03\/Jornada-Esportiva-PFI-8-p-300x225.jpg 300w, https:\/\/agora.xtec.cat\/iesagustiserra\/wp-content\/uploads\/usu1681\/2024\/03\/Jornada-Esportiva-PFI-8-p-768x576.jpg 768w, https:\/\/agora.xtec.cat\/iesagustiserra\/wp-content\/uploads\/usu1681\/2024\/03\/Jornada-Esportiva-PFI-8-p-200x150.jpg 200w\" sizes=\"auto, (max-width: 1024px) 100vw, 1024px\" \/><\/a>\n\t\t\t<\/div><\/figure><figure class='gallery-item'>\n\t\t\t<div class='gallery-icon landscape'>\n\t\t\t\t<a href='https:\/\/agora.xtec.cat\/iesagustiserra\/general\/jornada-els-valors-en-lesport-als-pfi\/attachment\/jornada-esportiva-pfi-6-p\/'><img loading=\"lazy\" decoding=\"async\" width=\"1024\" height=\"768\" src=\"https:\/\/agora.xtec.cat\/iesagustiserra\/wp-content\/uploads\/usu1681\/2024\/03\/Jornada-Esportiva-PFI-6-p.jpg\" class=\"attachment-full size-full\" alt=\"\" srcset=\"https:\/\/agora.xtec.cat\/iesagustiserra\/wp-content\/uploads\/usu1681\/2024\/03\/Jornada-Esportiva-PFI-6-p.jpg 1024w, https:\/\/agora.xtec.cat\/iesagustiserra\/wp-content\/uploads\/usu1681\/2024\/03\/Jornada-Esportiva-PFI-6-p-300x225.jpg 300w, https:\/\/agora.xtec.cat\/iesagustiserra\/wp-content\/uploads\/usu1681\/2024\/03\/Jornada-Esportiva-PFI-6-p-768x576.jpg 768w, https:\/\/agora.xtec.cat\/iesagustiserra\/wp-content\/uploads\/usu1681\/2024\/03\/Jornada-Esportiva-PFI-6-p-200x150.jpg 200w\" sizes=\"auto, (max-width: 1024px) 100vw, 1024px\" \/><\/a>\n\t\t\t<\/div><\/figure>\n\t\t<\/div>\n\n<div id='gallery-4' class='gallery galleryid-24852 gallery-columns-1 gallery-size-full'><figure class='gallery-item'>\n\t\t\t<div class='gallery-icon portrait'>\n\t\t\t\t<a href='https:\/\/agora.xtec.cat\/iesagustiserra\/general\/jornada-els-valors-en-lesport-als-pfi\/attachment\/jornada-esportiva-pfi-9-p\/'><img loading=\"lazy\" decoding=\"async\" width=\"576\" height=\"768\" src=\"https:\/\/agora.xtec.cat\/iesagustiserra\/wp-content\/uploads\/usu1681\/2024\/03\/Jornada-Esportiva-PFI-9-p.jpg\" class=\"attachment-full size-full\" alt=\"\" srcset=\"https:\/\/agora.xtec.cat\/iesagustiserra\/wp-content\/uploads\/usu1681\/2024\/03\/Jornada-Esportiva-PFI-9-p.jpg 576w, https:\/\/agora.xtec.cat\/iesagustiserra\/wp-content\/uploads\/usu1681\/2024\/03\/Jornada-Esportiva-PFI-9-p-225x300.jpg 225w\" sizes=\"auto, (max-width: 576px) 100vw, 576px\" \/><\/a>\n\t\t\t<\/div><\/figure>\n\t\t<\/div>\n\n<p align=\"justify\">Enguany tot l\u2019alumnat ha pogut gaudir d\u2019una samarreta amb un logotip dissenyat per ells mateixos i un esmorzar saludable.<\/p>\n<p align=\"justify\">Tot plegat va fer que la Jornada Esportiva fos un \u00e8xit! Un dia ideal per trobar-nos, treballar en equip, fomentar la companyonia i el respecte. En general, per treballar tots aquells valors que ens aporta l\u2019esport.<\/p>\n<p align=\"justify\">Felicitacions i agra\u00efments a l\u2019<a href=\"https:\/\/futbolcaserna.wordpress.com\/\" target=\"_blank\" rel=\"noopener\">Oleguer Presas<\/a>, exfutbolista del Bar\u00e7a, a tot l\u2019equip docent <a href=\"https:\/\/agora.xtec.cat\/iesagustiserra\/estudis\/cicles-formatius\/activitats-fisiques-i-esportives\/cfgs-guia-en-el-medi-natural-i-de-temps-de-lleure\/\" target=\"_blank\" rel=\"noopener\"><strong>CFGM de Medi Natural i Temps de Lleure<\/strong><\/a>, els equips docents <a href=\"https:\/\/xtec.gencat.cat\/ca\/curriculum\/professionals\/pfi\/\" target=\"_blank\" rel=\"noopener\"><strong>PFI<\/strong><\/a>, a l\u2019alumnat, els grans protagonistes, i a les persones col\u00b7laboradores pel seu suport.<\/p>\n<p>Va ser una jornada molt engrescadora per tot l&#8217;alumnat!<\/p>\n","protected":false},"excerpt":{"rendered":"<p>V\u00cdDEO El passat dimarts 27 de febrer va tenir lloc a l\u2019institut la I Jornada Esportiva de la Xarxa 7 [&hellip;]<\/p>\n","protected":false},"author":15,"featured_media":24882,"comment_status":"open","ping_status":"closed","sticky":false,"template":"","format":"standard","meta":{"site-sidebar-layout":"default","site-content-layout":"","ast-site-content-layout":"","site-content-style":"default","site-sidebar-style":"default","ast-global-header-display":"","ast-banner-title-visibility":"","ast-main-header-display":"","ast-hfb-above-header-display":"","ast-hfb-below-header-display":"","ast-hfb-mobile-header-display":"","site-post-title":"","ast-breadcrumbs-content":"","ast-featured-img":"","footer-sml-layout":"","theme-transparent-header-meta":"","adv-header-id-meta":"","stick-header-meta":"","header-above-stick-meta":"","header-main-stick-meta":"","header-below-stick-meta":"","astra-migrate-meta-layouts":"default","ast-page-background-enabled":"default","ast-page-background-meta":{"desktop":{"background-color":"var(--ast-global-color-4)","background-image":"","background-repeat":"repeat","background-position":"center center","background-size":"auto","background-attachment":"scroll","background-type":"","background-media":"","overlay-type":"","overlay-color":"","overlay-opacity":"","overlay-gradient":""},"tablet":{"background-color":"","background-image":"","background-repeat":"repeat","background-position":"center center","background-size":"auto","background-attachment":"scroll","background-type":"","background-media":"","overlay-type":"","overlay-color":"","overlay-opacity":"","overlay-gradient":""},"mobile":{"background-color":"","background-image":"","background-repeat":"repeat","background-position":"center center","background-size":"auto","background-attachment":"scroll","background-type":"","background-media":"","overlay-type":"","overlay-color":"","overlay-opacity":"","overlay-gradient":""}},"ast-content-background-meta":{"desktop":{"background-color":"var(--ast-global-color-5)","background-image":"","background-repeat":"repeat","background-position":"center center","background-size":"auto","background-attachment":"scroll","background-type":"","background-media":"","overlay-type":"","overlay-color":"","overlay-opacity":"","overlay-gradient":""},"tablet":{"background-color":"var(--ast-global-color-5)","background-image":"","background-repeat":"repeat","background-position":"center center","background-size":"auto","background-attachment":"scroll","background-type":"","background-media":"","overlay-type":"","overlay-color":"","overlay-opacity":"","overlay-gradient":""},"mobile":{"background-color":"var(--ast-global-color-5)","background-image":"","background-repeat":"repeat","background-position":"center center","background-size":"auto","background-attachment":"scroll","background-type":"","background-media":"","overlay-type":"","overlay-color":"","overlay-opacity":"","overlay-gradient":""}},"footnotes":""},"categories":[256,30,1,702,215,29,175],"tags":[1162,448,1163,1166,1165,1164,1161,341],"class_list":["post-24852","post","type-post","status-publish","format-standard","has-post-thumbnail","hentry","category-activitatsfisiquesesportives","category-cicles-formatius","category-general","category-medi_natural_temps_lleure","category-programes-formacio-insercio-itineraris-formatius-especifics","category-portada","category-projectes","tag-escola-futbol-la-caserna","tag-futbol","tag-institut-de-formacio-professional-sant-cugat","tag-institut-estela-iberica","tag-institut-lestatut","tag-institut-la-serreta","tag-oleguer-presas","tag-pfi"],"post_mailing_queue_ids":[],"_links":{"self":[{"href":"https:\/\/agora.xtec.cat\/iesagustiserra\/wp-json\/wp\/v2\/posts\/24852","targetHints":{"allow":["GET"]}}],"collection":[{"href":"https:\/\/agora.xtec.cat\/iesagustiserra\/wp-json\/wp\/v2\/posts"}],"about":[{"href":"https:\/\/agora.xtec.cat\/iesagustiserra\/wp-json\/wp\/v2\/types\/post"}],"author":[{"embeddable":true,"href":"https:\/\/agora.xtec.cat\/iesagustiserra\/wp-json\/wp\/v2\/users\/15"}],"replies":[{"embeddable":true,"href":"https:\/\/agora.xtec.cat\/iesagustiserra\/wp-json\/wp\/v2\/comments?post=24852"}],"version-history":[{"count":7,"href":"https:\/\/agora.xtec.cat\/iesagustiserra\/wp-json\/wp\/v2\/posts\/24852\/revisions"}],"predecessor-version":[{"id":25802,"href":"https:\/\/agora.xtec.cat\/iesagustiserra\/wp-json\/wp\/v2\/posts\/24852\/revisions\/25802"}],"wp:featuredmedia":[{"embeddable":true,"href":"https:\/\/agora.xtec.cat\/iesagustiserra\/wp-json\/wp\/v2\/media\/24882"}],"wp:attachment":[{"href":"https:\/\/agora.xtec.cat\/iesagustiserra\/wp-json\/wp\/v2\/media?parent=24852"}],"wp:term":[{"taxonomy":"category","embeddable":true,"href":"https:\/\/agora.xtec.cat\/iesagustiserra\/wp-json\/wp\/v2\/categories?post=24852"},{"taxonomy":"post_tag","embeddable":true,"href":"https:\/\/agora.xtec.cat\/iesagustiserra\/wp-json\/wp\/v2\/tags?post=24852"}],"curies":[{"name":"wp","href":"https:\/\/api.w.org\/{rel}","templated":true}]}}