{"id":24332,"date":"2024-02-14T11:11:09","date_gmt":"2024-02-14T10:11:09","guid":{"rendered":"https:\/\/agora.xtec.cat\/iesagustiserra\/?p=24332"},"modified":"2024-02-14T11:11:09","modified_gmt":"2024-02-14T10:11:09","slug":"radio-agusti-serra-a-radio-sabadell","status":"publish","type":"post","link":"https:\/\/agora.xtec.cat\/iesagustiserra\/batxillerat\/radio-agusti-serra-a-radio-sabadell\/","title":{"rendered":"R\u00e0dio Agust\u00ed Serra a R\u00e0dio Sabadell"},"content":{"rendered":"<p>El dia 13 de febrer\u00a0\u00e9s el <strong>Dia Mundial de la r\u00e0dio<\/strong> i, per aquest motiu,<a href=\"https:\/\/radiosabadell.fm\/noticia\/de-la-radio-professional-laprenentatge-educatiu-i-comunitari\" target=\"_blank\" rel=\"noopener\"> <strong>R\u00e0dio Sabadell<\/strong> <\/a>ens ha convidat a participar en el seu programa. Hi hem anat amb els alumnes de <strong>comunicaci\u00f3 audiovisual<\/strong> i la <strong>Nora<\/strong> i el <strong>Wassim<\/strong> ho han fet aix\u00ed de b\u00e9. Gr\u00e0cies, Raquel Garcia i tot l&#8217;equip d&#8217;<a href=\"https:\/\/radiosabadell.fm\/noticia\/de-la-radio-professional-laprenentatge-educatiu-i-comunitari\" target=\"_blank\" rel=\"noopener\"><strong>Al Mat\u00ed<\/strong><\/a>!<\/p>\n<div id='gallery-1' class='gallery galleryid-24332 gallery-columns-3 gallery-size-full'><figure class='gallery-item'>\n\t\t\t<div class='gallery-icon portrait'>\n\t\t\t\t<a href='https:\/\/agora.xtec.cat\/iesagustiserra\/batxillerat\/radio-agusti-serra-a-radio-sabadell\/attachment\/radio-agusti-serra-a-radio-sabadell-3\/'><img loading=\"lazy\" decoding=\"async\" width=\"576\" height=\"768\" src=\"https:\/\/agora.xtec.cat\/iesagustiserra\/wp-content\/uploads\/usu1681\/2024\/02\/Radio-Agusti-Serra-a-Radio-Sabadell-3.jpg\" class=\"attachment-full size-full\" alt=\"R\u00e0dio Agust\u00ed Serra a R\u00e0dio Sabadell\" aria-describedby=\"gallery-1-24341\" srcset=\"https:\/\/agora.xtec.cat\/iesagustiserra\/wp-content\/uploads\/usu1681\/2024\/02\/Radio-Agusti-Serra-a-Radio-Sabadell-3.jpg 576w, https:\/\/agora.xtec.cat\/iesagustiserra\/wp-content\/uploads\/usu1681\/2024\/02\/Radio-Agusti-Serra-a-Radio-Sabadell-3-225x300.jpg 225w\" sizes=\"auto, (max-width: 576px) 100vw, 576px\" \/><\/a>\n\t\t\t<\/div>\n\t\t\t\t<figcaption class='wp-caption-text gallery-caption' id='gallery-1-24341'>\n\t\t\t\tR\u00e0dio Agust\u00ed Serra a R\u00e0dio Sabadell \n\t\t\t\t<\/figcaption><\/figure><figure class='gallery-item'>\n\t\t\t<div class='gallery-icon portrait'>\n\t\t\t\t<a href='https:\/\/agora.xtec.cat\/iesagustiserra\/batxillerat\/radio-agusti-serra-a-radio-sabadell\/attachment\/radio-agusti-serra-a-radio-sabadell-4\/'><img loading=\"lazy\" decoding=\"async\" width=\"576\" height=\"768\" src=\"https:\/\/agora.xtec.cat\/iesagustiserra\/wp-content\/uploads\/usu1681\/2024\/02\/Radio-Agusti-Serra-a-Radio-Sabadell-4.jpg\" class=\"attachment-full size-full\" alt=\"R\u00e0dio Agust\u00ed Serra a R\u00e0dio Sabadell\" aria-describedby=\"gallery-1-24342\" srcset=\"https:\/\/agora.xtec.cat\/iesagustiserra\/wp-content\/uploads\/usu1681\/2024\/02\/Radio-Agusti-Serra-a-Radio-Sabadell-4.jpg 576w, https:\/\/agora.xtec.cat\/iesagustiserra\/wp-content\/uploads\/usu1681\/2024\/02\/Radio-Agusti-Serra-a-Radio-Sabadell-4-225x300.jpg 225w\" sizes=\"auto, (max-width: 576px) 100vw, 576px\" \/><\/a>\n\t\t\t<\/div>\n\t\t\t\t<figcaption class='wp-caption-text gallery-caption' id='gallery-1-24342'>\n\t\t\t\tR\u00e0dio Agust\u00ed Serra a R\u00e0dio Sabadell \n\t\t\t\t<\/figcaption><\/figure><figure class='gallery-item'>\n\t\t\t<div class='gallery-icon portrait'>\n\t\t\t\t<a href='https:\/\/agora.xtec.cat\/iesagustiserra\/batxillerat\/radio-agusti-serra-a-radio-sabadell\/attachment\/radio-agusti-serra-a-radio-sabadell-5\/'><img loading=\"lazy\" decoding=\"async\" width=\"576\" height=\"768\" src=\"https:\/\/agora.xtec.cat\/iesagustiserra\/wp-content\/uploads\/usu1681\/2024\/02\/Radio-Agusti-Serra-a-Radio-Sabadell-5.jpg\" class=\"attachment-full size-full\" alt=\"R\u00e0dio Agust\u00ed Serra a R\u00e0dio Sabadell 5\" aria-describedby=\"gallery-1-24343\" srcset=\"https:\/\/agora.xtec.cat\/iesagustiserra\/wp-content\/uploads\/usu1681\/2024\/02\/Radio-Agusti-Serra-a-Radio-Sabadell-5.jpg 576w, https:\/\/agora.xtec.cat\/iesagustiserra\/wp-content\/uploads\/usu1681\/2024\/02\/Radio-Agusti-Serra-a-Radio-Sabadell-5-225x300.jpg 225w\" sizes=\"auto, (max-width: 576px) 100vw, 576px\" \/><\/a>\n\t\t\t<\/div>\n\t\t\t\t<figcaption class='wp-caption-text gallery-caption' id='gallery-1-24343'>\n\t\t\t\tR\u00e0dio Agust\u00ed Serra a R\u00e0dio Sabadell 5\n\t\t\t\t<\/figcaption><\/figure>\n\t\t<\/div>\n\n<p>Us deixem l&#8217;entrevista enregistrada per <a href=\"https:\/\/radiosabadell.fm\/noticia\/de-la-radio-professional-laprenentatge-educatiu-i-comunitari\" target=\"_blank\" rel=\"noopener\">R\u00e0dio Sabadell<\/a>:<a href=\"https:\/\/drive.google.com\/file\/d\/1_7Kk_NDiXN4oMTnBINr7sg1sUGzZlbiJ\/view?usp=sharing\"><img loading=\"lazy\" decoding=\"async\" class=\"aligncenter size-full wp-image-24335\" src=\"https:\/\/agora.xtec.cat\/iesagustiserra\/wp-content\/uploads\/usu1681\/2024\/02\/Al-mati-a-Radio-Sabadell-amb-lalumnat-de-1r-Batx-comunicacio-audiovisual.png\" alt=\"\" width=\"668\" height=\"177\" srcset=\"https:\/\/agora.xtec.cat\/iesagustiserra\/wp-content\/uploads\/usu1681\/2024\/02\/Al-mati-a-Radio-Sabadell-amb-lalumnat-de-1r-Batx-comunicacio-audiovisual.png 668w, https:\/\/agora.xtec.cat\/iesagustiserra\/wp-content\/uploads\/usu1681\/2024\/02\/Al-mati-a-Radio-Sabadell-amb-lalumnat-de-1r-Batx-comunicacio-audiovisual-300x79.png 300w\" sizes=\"auto, (max-width: 668px) 100vw, 668px\" \/><\/a><\/p>\n<blockquote>\n<div class=\"embedded-entity\" data-embed-button=\"podcast\" data-entity-embed-display=\"view_mode:node.embed\" data-entity-type=\"node\" data-entity-uuid=\"6bacf0a5-ec48-4da2-a22c-fb1e927f18ac\" data-langcode=\"ca\" data-entity-embed-display-settings=\"[]\">\n<div class=\"col-sm-12 programa-item\">\n<div class=\"podcasts-cont embeded\">\n<div class=\"col-sm-12 podcasts\">\n<div class=\"titol\" style=\"padding-left: 40px;\"><a href=\"https:\/\/radiosabadell.fm\/noticia\/de-la-radio-professional-laprenentatge-educatiu-i-comunitari\" target=\"_blank\" rel=\"noopener\">AL MAT\u00cd<\/a><\/div>\n<div class=\"subtitol\" style=\"padding-left: 40px;\"><a href=\"https:\/\/radiosabadell.fm\/noticia\/de-la-radio-professional-laprenentatge-educatiu-i-comunitari\">El <strong>p\u00f2dcast<\/strong>: una aposta educativa a <strong>l&#8217;Institut Agust\u00ed Serra<\/strong> i un projecte comunitari a la Fundaci\u00f3 Idea<\/a><\/div>\n<div id=\"jp_container_40043\" class=\"jp-audio\" style=\"padding-left: 40px;\" role=\"application\" aria-label=\"media player\">\n<div class=\"jp-type-single\" style=\"padding-left: 40px;\">\n<div class=\"jp-gui jp-interface\" style=\"padding-left: 40px;\">\n<div class=\"jp-volume-controls\" style=\"padding-left: 40px;\"><\/div>\n<\/div>\n<\/div>\n<\/div>\n<div class=\"share-cont\" style=\"padding-left: 40px;\"><a style=\"font-family: inherit; font-size: 1em;\" href=\"https:\/\/radiosabadell.fm\/noticia\/de-la-radio-professional-laprenentatge-educatiu-i-comunitari\">A m\u00e9s, s&#8217;han acostat a la carpa de\u00a0<strong>R\u00e0dio Sabadell<\/strong>\u00a0professors i alumnes de l&#8217;<strong>Institut Agust\u00ed Serra<\/strong>\u00a0que estan implicats en un p\u00f2dcast, a trav\u00e9s d&#8217;una assignatura optativa de r\u00e0dio pels alumnes de 2n d&#8217;ESO i de 1r de Batxillerat, que els serveix per adquirir diferents compet\u00e8ncies de l&#8217;\u00e0mbit educatiu, i fomentar l&#8217;esperit cr\u00edtic. La tasca de locutor \u00e9s la preferida, per\u00f2 al final s&#8217;acaben repartint totes les funcions. Tenen desenes de cap\u00edtols accessibles\u00a0a la seva web.\u00a0Tamb\u00e9 s&#8217;est\u00e0 tirant endavant un projecte de p\u00f2dcast comunitari al barri de\u00a0<strong>Torre-romeu<\/strong>, des de la\u00a0<strong>Fundaci\u00f3 Idea<\/strong>. A\u00a0Spotify, es pot trobar R\u00e0dio \u00c0gora, al compte de la Fundaci\u00f3 Idea, un espai de di\u00e0leg per con\u00e8ixer les veus del barri, i saber l&#8217;opini\u00f3 dels ve\u00efns, incidint en la cohesi\u00f3 social.<\/a><\/div>\n<\/div>\n<\/div>\n<\/div>\n<\/div>\n<blockquote style=\"padding-left: 40px;\">\n<p style=\"padding-left: 40px;\"><a href=\"https:\/\/radiosabadell.fm\/noticia\/de-la-radio-professional-laprenentatge-educatiu-i-comunitari\"><em>&#8220;Sobretot la compet\u00e8ncia ling\u00fc\u00edstica, ara que est\u00e0 tan de moda parlar de compet\u00e8ncies i m\u00e9s despr\u00e9s de l&#8217;informe a Pisa, es tracta d&#8217;aix\u00f2, que siguin capa\u00e7os, en el cas dels contes, de deixar anar la seva imaginaci\u00f3, i de redactar-lo, de llegir-lo correctament, d&#8217;expressar-se. En el cas de Batxillerat, de trobar la informaci\u00f3, de sintetitzar-la, de ser capa\u00e7os de redactar-la, tamb\u00e9 d&#8217;explicar-lo b\u00e9&#8221;<\/em><\/a><\/p>\n<p style=\"padding-left: 40px;\"><a href=\"https:\/\/radiosabadell.fm\/noticia\/de-la-radio-professional-laprenentatge-educatiu-i-comunitari\"><strong>Robert\u00a0Agust\u00edn, professor de les assignatures de\u00a0r\u00e0dio<\/strong><\/a><\/p>\n<\/blockquote>\n<blockquote style=\"padding-left: 40px;\">\n<p style=\"padding-left: 40px;\"><a href=\"https:\/\/radiosabadell.fm\/noticia\/de-la-radio-professional-laprenentatge-educatiu-i-comunitari\"><em>&#8220;Parlem amb diferents professors que han passat al llarg de la hist\u00f2ria de Torre-romeu, a les escoles, als instituts del barri. Aquest primer p\u00f2dcast parlem amb els professors. Un segon p\u00f2dcast on estaven les ve\u00efnes i ve\u00efns del barri per con\u00e8ixer aquestes preocupacions o qu\u00e8 volien aconseguir o com volien viure al barri. I l&#8217;\u00faltim p\u00f2dcast que hem fet ha sigut amb joves de segon i tercer de l&#8217;ESO i parlem de les xarxes socials i de la salut mental&#8221;<\/em><\/a><\/p>\n<\/blockquote>\n<\/blockquote>\n<div align=\"center\">\n<p><iframe loading=\"lazy\" src=\"https:\/\/w.soundcloud.com\/player\/?url=https%3A\/\/api.soundcloud.com\/tracks\/1746757902&amp;color=%2355cd00&amp;auto_play=false&amp;hide_related=false&amp;show_comments=true&amp;show_user=true&amp;show_reposts=false&amp;show_teaser=true&amp;visual=true\" width=\"100%\" height=\"600\" frameborder=\"no\" scrolling=\"no\"><\/iframe><\/p>\n<div style=\"font-size: 10px; color: #cccccc; line-break: anywhere; word-break: normal; overflow: hidden; white-space: nowrap; text-overflow: ellipsis; font-family: Interstate,Lucida Grande,Lucida Sans Unicode,Lucida Sans,Garuda,Verdana,Tahoma,sans-serif; font-weight: 100;\"><a style=\"color: #cccccc; text-decoration: none;\" title=\"R\u00e0dio Agusti Fontanet\" href=\"https:\/\/soundcloud.com\/radio-agusti-serra-i-fontanet-896227838\" target=\"_blank\" rel=\"noopener\">R\u00e0dio Agusti Fontanet<\/a> \u00b7 <a style=\"color: #cccccc; text-decoration: none;\" title=\"R\u00e0dio Agust\u00ed Serra Al Mat\u00ed\" href=\"https:\/\/soundcloud.com\/radio-agusti-serra-i-fontanet-896227838\/radio-agusti-serra-al-mati\" target=\"_blank\" rel=\"noopener\">R\u00e0dio Agust\u00ed Serra Al Mat\u00ed<\/a><\/div>\n<\/div>\n<div id='gallery-2' class='gallery galleryid-24332 gallery-columns-2 gallery-size-full'><figure class='gallery-item'>\n\t\t\t<div class='gallery-icon landscape'>\n\t\t\t\t<a href='https:\/\/agora.xtec.cat\/iesagustiserra\/batxillerat\/radio-agusti-serra-a-radio-sabadell\/attachment\/radio-agusti-serra-a-radio-sabadell-1\/'><img loading=\"lazy\" decoding=\"async\" width=\"1024\" height=\"768\" src=\"https:\/\/agora.xtec.cat\/iesagustiserra\/wp-content\/uploads\/usu1681\/2024\/02\/Radio-Agusti-Serra-a-Radio-Sabadell-1.jpg\" class=\"attachment-full size-full\" alt=\"R\u00e0dio Agust\u00ed Serra a R\u00e0dio Sabadell\" aria-describedby=\"gallery-2-24339\" srcset=\"https:\/\/agora.xtec.cat\/iesagustiserra\/wp-content\/uploads\/usu1681\/2024\/02\/Radio-Agusti-Serra-a-Radio-Sabadell-1.jpg 1024w, https:\/\/agora.xtec.cat\/iesagustiserra\/wp-content\/uploads\/usu1681\/2024\/02\/Radio-Agusti-Serra-a-Radio-Sabadell-1-300x225.jpg 300w, https:\/\/agora.xtec.cat\/iesagustiserra\/wp-content\/uploads\/usu1681\/2024\/02\/Radio-Agusti-Serra-a-Radio-Sabadell-1-768x576.jpg 768w, https:\/\/agora.xtec.cat\/iesagustiserra\/wp-content\/uploads\/usu1681\/2024\/02\/Radio-Agusti-Serra-a-Radio-Sabadell-1-200x150.jpg 200w\" sizes=\"auto, (max-width: 1024px) 100vw, 1024px\" \/><\/a>\n\t\t\t<\/div>\n\t\t\t\t<figcaption class='wp-caption-text gallery-caption' id='gallery-2-24339'>\n\t\t\t\tR\u00e0dio Agust\u00ed Serra a R\u00e0dio Sabadell \n\t\t\t\t<\/figcaption><\/figure><figure class='gallery-item'>\n\t\t\t<div class='gallery-icon landscape'>\n\t\t\t\t<a href='https:\/\/agora.xtec.cat\/iesagustiserra\/batxillerat\/radio-agusti-serra-a-radio-sabadell\/attachment\/radio-agusti-serra-a-radio-sabadell-2\/'><img loading=\"lazy\" decoding=\"async\" width=\"1024\" height=\"768\" src=\"https:\/\/agora.xtec.cat\/iesagustiserra\/wp-content\/uploads\/usu1681\/2024\/02\/Radio-Agusti-Serra-a-Radio-Sabadell-2.jpg\" class=\"attachment-full size-full\" alt=\"R\u00e0dio Agust\u00ed Serra a R\u00e0dio Sabadell\" aria-describedby=\"gallery-2-24340\" srcset=\"https:\/\/agora.xtec.cat\/iesagustiserra\/wp-content\/uploads\/usu1681\/2024\/02\/Radio-Agusti-Serra-a-Radio-Sabadell-2.jpg 1024w, https:\/\/agora.xtec.cat\/iesagustiserra\/wp-content\/uploads\/usu1681\/2024\/02\/Radio-Agusti-Serra-a-Radio-Sabadell-2-300x225.jpg 300w, https:\/\/agora.xtec.cat\/iesagustiserra\/wp-content\/uploads\/usu1681\/2024\/02\/Radio-Agusti-Serra-a-Radio-Sabadell-2-768x576.jpg 768w, https:\/\/agora.xtec.cat\/iesagustiserra\/wp-content\/uploads\/usu1681\/2024\/02\/Radio-Agusti-Serra-a-Radio-Sabadell-2-200x150.jpg 200w\" sizes=\"auto, (max-width: 1024px) 100vw, 1024px\" \/><\/a>\n\t\t\t<\/div>\n\t\t\t\t<figcaption class='wp-caption-text gallery-caption' id='gallery-2-24340'>\n\t\t\t\tR\u00e0dio Agust\u00ed Serra a R\u00e0dio Sabadell \n\t\t\t\t<\/figcaption><\/figure>\n\t\t<\/div>\n\n","protected":false},"excerpt":{"rendered":"<p>El dia 13 de febrer\u00a0\u00e9s el Dia Mundial de la r\u00e0dio i, per aquest motiu, R\u00e0dio Sabadell ens ha convidat [&hellip;]<\/p>\n","protected":false},"author":1,"featured_media":24339,"comment_status":"open","ping_status":"closed","sticky":false,"template":"","format":"standard","meta":{"site-sidebar-layout":"default","site-content-layout":"","ast-site-content-layout":"","site-content-style":"default","site-sidebar-style":"default","ast-global-header-display":"","ast-banner-title-visibility":"","ast-main-header-display":"","ast-hfb-above-header-display":"","ast-hfb-below-header-display":"","ast-hfb-mobile-header-display":"","site-post-title":"","ast-breadcrumbs-content":"","ast-featured-img":"","footer-sml-layout":"","theme-transparent-header-meta":"","adv-header-id-meta":"","stick-header-meta":"","header-above-stick-meta":"","header-main-stick-meta":"","header-below-stick-meta":"","astra-migrate-meta-layouts":"default","ast-page-background-enabled":"default","ast-page-background-meta":{"desktop":{"background-color":"var(--ast-global-color-4)","background-image":"","background-repeat":"repeat","background-position":"center center","background-size":"auto","background-attachment":"scroll","background-type":"","background-media":"","overlay-type":"","overlay-color":"","overlay-opacity":"","overlay-gradient":""},"tablet":{"background-color":"","background-image":"","background-repeat":"repeat","background-position":"center center","background-size":"auto","background-attachment":"scroll","background-type":"","background-media":"","overlay-type":"","overlay-color":"","overlay-opacity":"","overlay-gradient":""},"mobile":{"background-color":"","background-image":"","background-repeat":"repeat","background-position":"center center","background-size":"auto","background-attachment":"scroll","background-type":"","background-media":"","overlay-type":"","overlay-color":"","overlay-opacity":"","overlay-gradient":""}},"ast-content-background-meta":{"desktop":{"background-color":"var(--ast-global-color-5)","background-image":"","background-repeat":"repeat","background-position":"center center","background-size":"auto","background-attachment":"scroll","background-type":"","background-media":"","overlay-type":"","overlay-color":"","overlay-opacity":"","overlay-gradient":""},"tablet":{"background-color":"var(--ast-global-color-5)","background-image":"","background-repeat":"repeat","background-position":"center center","background-size":"auto","background-attachment":"scroll","background-type":"","background-media":"","overlay-type":"","overlay-color":"","overlay-opacity":"","overlay-gradient":""},"mobile":{"background-color":"var(--ast-global-color-5)","background-image":"","background-repeat":"repeat","background-position":"center center","background-size":"auto","background-attachment":"scroll","background-type":"","background-media":"","overlay-type":"","overlay-color":"","overlay-opacity":"","overlay-gradient":""}},"footnotes":""},"categories":[321,396,8,29,177],"tags":[330,1121,801,1122,209,1120],"class_list":["post-24332","post","type-post","status-publish","format-standard","has-post-thumbnail","hentry","category-1_batxillerat","category-batxillerat-1b","category-batxillerat","category-portada","category-radio-as","tag-1r-batxillerat","tag-al-mati","tag-comunicacio-audiovisual","tag-dia-mundial-de-la-radio","tag-radio-as","tag-radio-sabadell"],"post_mailing_queue_ids":[],"_links":{"self":[{"href":"https:\/\/agora.xtec.cat\/iesagustiserra\/wp-json\/wp\/v2\/posts\/24332","targetHints":{"allow":["GET"]}}],"collection":[{"href":"https:\/\/agora.xtec.cat\/iesagustiserra\/wp-json\/wp\/v2\/posts"}],"about":[{"href":"https:\/\/agora.xtec.cat\/iesagustiserra\/wp-json\/wp\/v2\/types\/post"}],"author":[{"embeddable":true,"href":"https:\/\/agora.xtec.cat\/iesagustiserra\/wp-json\/wp\/v2\/users\/1"}],"replies":[{"embeddable":true,"href":"https:\/\/agora.xtec.cat\/iesagustiserra\/wp-json\/wp\/v2\/comments?post=24332"}],"version-history":[{"count":6,"href":"https:\/\/agora.xtec.cat\/iesagustiserra\/wp-json\/wp\/v2\/posts\/24332\/revisions"}],"predecessor-version":[{"id":24344,"href":"https:\/\/agora.xtec.cat\/iesagustiserra\/wp-json\/wp\/v2\/posts\/24332\/revisions\/24344"}],"wp:featuredmedia":[{"embeddable":true,"href":"https:\/\/agora.xtec.cat\/iesagustiserra\/wp-json\/wp\/v2\/media\/24339"}],"wp:attachment":[{"href":"https:\/\/agora.xtec.cat\/iesagustiserra\/wp-json\/wp\/v2\/media?parent=24332"}],"wp:term":[{"taxonomy":"category","embeddable":true,"href":"https:\/\/agora.xtec.cat\/iesagustiserra\/wp-json\/wp\/v2\/categories?post=24332"},{"taxonomy":"post_tag","embeddable":true,"href":"https:\/\/agora.xtec.cat\/iesagustiserra\/wp-json\/wp\/v2\/tags?post=24332"}],"curies":[{"name":"wp","href":"https:\/\/api.w.org\/{rel}","templated":true}]}}