{"id":24308,"date":"2024-02-07T13:17:41","date_gmt":"2024-02-07T12:17:41","guid":{"rendered":"https:\/\/agora.xtec.cat\/iesagustiserra\/?p=24308"},"modified":"2024-02-07T13:36:30","modified_gmt":"2024-02-07T12:36:30","slug":"fira-de-formacio-professional-i-treball-6-7-i-9-de-marc-de-2024","status":"publish","type":"post","link":"https:\/\/agora.xtec.cat\/iesagustiserra\/portada\/fira-de-formacio-professional-i-treball-6-7-i-9-de-marc-de-2024\/","title":{"rendered":"Fira de Formaci\u00f3 Professional i Treball: 6, 7 i 9 de mar\u00e7 de 2024"},"content":{"rendered":"<h3 style=\"text-align: center;\"><a href=\"https:\/\/sbdfirapro.sabadell.cat\/\" target=\"_blank\" rel=\"noopener\"><strong><span style=\"color: #000000;\"><img loading=\"lazy\" decoding=\"async\" class=\"alignnone\" src=\"https:\/\/agora.xtec.cat\/iesagustiserra\/wp-content\/uploads\/usu1681\/2023\/02\/fira.png\" alt=\"\" width=\"187\" height=\"102\" \/><\/span><\/strong><\/a><\/h3>\n<hr \/>\n<h3 style=\"text-align: center;\"><span style=\"color: #6f6f6f; font-family: inherit; font-size: 1em; font-weight: 400;\">Tindr\u00e0 lloc els <\/span><strong style=\"color: #6f6f6f; font-family: inherit; font-size: 1em;\">dies 6, 7 i 9 de mar\u00e7 <\/strong><span style=\"color: #6f6f6f; font-family: inherit; font-size: 1em; font-weight: 400;\">en els seg\u00fcents horaris:<\/span><\/h3>\n<blockquote>\n<ul>\n<li style=\"font-weight: 400;\">\n<h5><strong><u>Dimecres, dia 6 de mar\u00e7<\/u><\/strong><strong>: <\/strong>de 9 h a 14 h i de 16 h a 19 h<\/h5>\n<\/li>\n<li style=\"font-weight: 400;\">\n<h5><strong><u>Dijous, dia 7 de mar\u00e7<\/u><\/strong><strong>: <\/strong>de 9 h a 14 h<\/h5>\n<\/li>\n<li style=\"font-weight: 400;\">\n<h5><strong><u>Divendres, dia 8 de mar\u00e7<\/u><\/strong><strong>: <\/strong><span style=\"color: #000000;\">dia no operatiu d\u2019activitat de\u00a0fira. \u00danicament reservat per la programaci\u00f3 d\u2019activitats vinculades al dia Internacional de la Dona (8M)<\/span><\/h5>\n<\/li>\n<li style=\"font-weight: 400;\">\n<h5><strong><u>Dissabte, dia 9 de mar\u00e7<\/u><\/strong><strong>: <\/strong>de 10 h a 14 h<\/h5>\n<\/li>\n<\/ul>\n<\/blockquote>\n<p style=\"text-align: justify;\"><span style=\"font-weight: 400;\">Un any m\u00e9s, el nostre institut participa activament com expositor en la Fira de Formaci\u00f3 Professional de Sabadell, la qual tindr\u00e0 lloc els dies <\/span><b>6, 7 i 9 de mar\u00e7.<\/b><\/p>\n<p style=\"text-align: justify;\"><span style=\"font-weight: 400;\">Us convidem a visitar-nos i con\u00e8ixer tots els <\/span><b>cicles formatius de grau mitj\u00e0 (CFGM) <\/b><span style=\"font-weight: 400;\">i <\/span><b>superior (CFGS)<\/b><span style=\"font-weight: 400;\"> que impartim al centre, aix\u00ed com el <\/span><b>PFI<\/b><span style=\"font-weight: 400;\">, <\/span><b>l\u2019IFE <\/b><span style=\"font-weight: 400;\">i <\/span><b>Salvament i Socorrisme.<\/b><\/p>\n<p style=\"text-align: justify;\"><span style=\"font-weight: 400;\">Per dinamitzar la fira i pel que fa a la nostra participaci\u00f3, estem preparant exhibicions de ball, estampaci\u00f3 de vinils en samarretes i impressi\u00f3 de xapes personalitzades, demostraci\u00f3 de com funcionen els robots el\u00e8ctrics, entre altres activitats d\u2019itinerari i reptes a l\u2019estand.\u00a0<\/span><\/p>\n<p style=\"text-align: justify;\"><span style=\"font-weight: 400;\">Des d\u2019aqu\u00ed, volem donar suport i \u00e0nim a tothom que estigui involucrat en l\u2019organitzaci\u00f3 de la Fira d\u2019FP i Treball.\u00a0\u00a0<\/span><\/p>\n<p style=\"text-align: justify;\"><span style=\"font-weight: 400;\">A l\u2019Agust\u00ed Serra i Fontanet continuem treballant cada dia per oferir la millor oferta formativa al nostre alumnat!\u00a0<\/span><\/p>\n","protected":false},"excerpt":{"rendered":"<p>Un any m\u00e9s, el nostre institut participa activament com expositor en la Fira de Formaci\u00f3 Professional de Sabadell, la qual tindr\u00e0 lloc els dies 6, 7 i 9 de mar\u00e7.<\/p>\n","protected":false},"author":1,"featured_media":24317,"comment_status":"open","ping_status":"closed","sticky":false,"template":"","format":"standard","meta":{"site-sidebar-layout":"default","site-content-layout":"","ast-site-content-layout":"","site-content-style":"default","site-sidebar-style":"default","ast-global-header-display":"","ast-banner-title-visibility":"","ast-main-header-display":"","ast-hfb-above-header-display":"","ast-hfb-below-header-display":"","ast-hfb-mobile-header-display":"","site-post-title":"","ast-breadcrumbs-content":"","ast-featured-img":"","footer-sml-layout":"","theme-transparent-header-meta":"","adv-header-id-meta":"","stick-header-meta":"","header-above-stick-meta":"","header-main-stick-meta":"","header-below-stick-meta":"","astra-migrate-meta-layouts":"default","ast-page-background-enabled":"default","ast-page-background-meta":{"desktop":{"background-color":"var(--ast-global-color-4)","background-image":"","background-repeat":"repeat","background-position":"center center","background-size":"auto","background-attachment":"scroll","background-type":"","background-media":"","overlay-type":"","overlay-color":"","overlay-opacity":"","overlay-gradient":""},"tablet":{"background-color":"","background-image":"","background-repeat":"repeat","background-position":"center center","background-size":"auto","background-attachment":"scroll","background-type":"","background-media":"","overlay-type":"","overlay-color":"","overlay-opacity":"","overlay-gradient":""},"mobile":{"background-color":"","background-image":"","background-repeat":"repeat","background-position":"center center","background-size":"auto","background-attachment":"scroll","background-type":"","background-media":"","overlay-type":"","overlay-color":"","overlay-opacity":"","overlay-gradient":""}},"ast-content-background-meta":{"desktop":{"background-color":"var(--ast-global-color-5)","background-image":"","background-repeat":"repeat","background-position":"center center","background-size":"auto","background-attachment":"scroll","background-type":"","background-media":"","overlay-type":"","overlay-color":"","overlay-opacity":"","overlay-gradient":""},"tablet":{"background-color":"var(--ast-global-color-5)","background-image":"","background-repeat":"repeat","background-position":"center center","background-size":"auto","background-attachment":"scroll","background-type":"","background-media":"","overlay-type":"","overlay-color":"","overlay-opacity":"","overlay-gradient":""},"mobile":{"background-color":"var(--ast-global-color-5)","background-image":"","background-repeat":"repeat","background-position":"center center","background-size":"auto","background-attachment":"scroll","background-type":"","background-media":"","overlay-type":"","overlay-color":"","overlay-opacity":"","overlay-gradient":""}},"footnotes":""},"categories":[256,236,238,30,237,239,402,215,29,222],"tags":[221,1119,1118,852,267,341,489],"class_list":["post-24308","post","type-post","status-publish","format-standard","has-post-thumbnail","hentry","category-activitatsfisiquesesportives","category-administracio-gestio","category-arts-grafiques","category-cicles-formatius","category-comerc-marqueting","category-electricitat_i_electronica","category-itinerari-formatiu-especific","category-programes-formacio-insercio-itineraris-formatius-especifics","category-portada","category-salvament-soccorrisme","tag-cicles-formatius","tag-curs-2024","tag-fira-de-formacio-professional-i-treball","tag-fira-sbd-pro","tag-ife","tag-pfi","tag-salvament-i-socorrisme"],"post_mailing_queue_ids":[],"_links":{"self":[{"href":"https:\/\/agora.xtec.cat\/iesagustiserra\/wp-json\/wp\/v2\/posts\/24308","targetHints":{"allow":["GET"]}}],"collection":[{"href":"https:\/\/agora.xtec.cat\/iesagustiserra\/wp-json\/wp\/v2\/posts"}],"about":[{"href":"https:\/\/agora.xtec.cat\/iesagustiserra\/wp-json\/wp\/v2\/types\/post"}],"author":[{"embeddable":true,"href":"https:\/\/agora.xtec.cat\/iesagustiserra\/wp-json\/wp\/v2\/users\/1"}],"replies":[{"embeddable":true,"href":"https:\/\/agora.xtec.cat\/iesagustiserra\/wp-json\/wp\/v2\/comments?post=24308"}],"version-history":[{"count":1,"href":"https:\/\/agora.xtec.cat\/iesagustiserra\/wp-json\/wp\/v2\/posts\/24308\/revisions"}],"predecessor-version":[{"id":24312,"href":"https:\/\/agora.xtec.cat\/iesagustiserra\/wp-json\/wp\/v2\/posts\/24308\/revisions\/24312"}],"wp:featuredmedia":[{"embeddable":true,"href":"https:\/\/agora.xtec.cat\/iesagustiserra\/wp-json\/wp\/v2\/media\/24317"}],"wp:attachment":[{"href":"https:\/\/agora.xtec.cat\/iesagustiserra\/wp-json\/wp\/v2\/media?parent=24308"}],"wp:term":[{"taxonomy":"category","embeddable":true,"href":"https:\/\/agora.xtec.cat\/iesagustiserra\/wp-json\/wp\/v2\/categories?post=24308"},{"taxonomy":"post_tag","embeddable":true,"href":"https:\/\/agora.xtec.cat\/iesagustiserra\/wp-json\/wp\/v2\/tags?post=24308"}],"curies":[{"name":"wp","href":"https:\/\/api.w.org\/{rel}","templated":true}]}}