{"id":24268,"date":"2024-02-07T10:22:08","date_gmt":"2024-02-07T09:22:08","guid":{"rendered":"https:\/\/agora.xtec.cat\/iesagustiserra\/?p=24268"},"modified":"2024-02-07T10:25:33","modified_gmt":"2024-02-07T09:25:33","slug":"teachers-for-future-spain-i-linstitut-agusti-serra-i-fontanet","status":"publish","type":"post","link":"https:\/\/agora.xtec.cat\/iesagustiserra\/eso\/teachers-for-future-spain-i-linstitut-agusti-serra-i-fontanet\/","title":{"rendered":"Teachers for Future Spain i l&#8217;Institut Agust\u00ed Serra i Fontanet."},"content":{"rendered":"<p style=\"text-align: justify;\">El <a href=\"https:\/\/www.miteco.gob.es\/\" target=\"_blank\" rel=\"noopener\"><em>Ministeri para la Transici\u00f3n Ecol\u00f2gica<\/em><\/a> ha felicitat al llarg dels cursos 2021-2022 i 2022-2023 a l\u2019Institut Agust\u00ed Serra i Fontanet amb un <strong>diploma de reconeixement<\/strong> per la seva participaci\u00f3 en el <a href=\"https:\/\/teachersforfuturespain.org\/\"><strong>RECREOS RESIDUOS CERO<\/strong><\/a>. Aquest programa \u00e9s organitzat pel col\u00b7lectiu <a href=\"https:\/\/teachersforfuturespain.org\/\" target=\"_blank\" rel=\"noopener\"><em>Teachers for Future Spain<\/em><\/a>, contribuint aix\u00ed a la reducci\u00f3 dels residus generats a l\u2019entorn escolar, a sensibilitzaci\u00f3 de l\u2019alumnat i del professorat en relaci\u00f3 amb l\u2019impacte associat a la generaci\u00f3 de residus i la import\u00e0ncia de la seva correcta gesti\u00f3 per a contribuir a la lluita contra el canvi clim\u00e0tic.<\/p>\n<p style=\"text-align: justify;\">Aquest curs 2023-2024 el nostre <a href=\"https:\/\/agora.xtec.cat\/iesagustiserra\/\">Institut<\/a> seguir\u00e0 al registre dels <a href=\"https:\/\/teachersforfuturespain.org\/visibilizar-las-acciones-por-el-clima\/\">28.000 centres pel clima<\/a> i <a href=\"https:\/\/teachersforfuturespain.org\/que-hacemos\/recreos-residuo-cero\/\" target=\"_blank\" rel=\"noopener\"><em>Teachers for Recreos Residuos Cero.<\/em><\/a><\/p>\n<p style=\"text-align: justify;\">Vegeu els <strong>diplomes<\/strong> en format PDF:<\/p>\n<ul>\n<li style=\"text-align: justify;\"><a href=\"https:\/\/agora.xtec.cat\/iesagustiserra\/wp-content\/uploads\/usu1681\/2024\/02\/2022_DIPLOMA_TFF-269.pdf\">2022 DIPLOMA TFF-269<\/a><\/li>\n<li style=\"text-align: justify;\"><a href=\"https:\/\/agora.xtec.cat\/iesagustiserra\/wp-content\/uploads\/usu1681\/2024\/02\/DIPLOMA-TFF-2023-983.pdf\">2023 DIPLOMA TFF 2023 (983)<\/a><\/li>\n<\/ul>\n<div id='gallery-1' class='gallery galleryid-24268 gallery-columns-2 gallery-size-full'><figure class='gallery-item'>\n\t\t\t<div class='gallery-icon landscape'>\n\t\t\t\t<a href='https:\/\/agora.xtec.cat\/iesagustiserra\/eso\/teachers-for-future-spain-i-linstitut-agusti-serra-i-fontanet\/attachment\/2022_diploma_tff-269-2\/'><img loading=\"lazy\" decoding=\"async\" width=\"1024\" height=\"724\" src=\"https:\/\/agora.xtec.cat\/iesagustiserra\/wp-content\/uploads\/usu1681\/2024\/02\/2022_DIPLOMA_TFF-269.jpg\" class=\"attachment-full size-full\" alt=\"Diploma Teachers for future\" aria-describedby=\"gallery-1-24281\" srcset=\"https:\/\/agora.xtec.cat\/iesagustiserra\/wp-content\/uploads\/usu1681\/2024\/02\/2022_DIPLOMA_TFF-269.jpg 1024w, https:\/\/agora.xtec.cat\/iesagustiserra\/wp-content\/uploads\/usu1681\/2024\/02\/2022_DIPLOMA_TFF-269-300x212.jpg 300w, https:\/\/agora.xtec.cat\/iesagustiserra\/wp-content\/uploads\/usu1681\/2024\/02\/2022_DIPLOMA_TFF-269-768x543.jpg 768w\" sizes=\"auto, (max-width: 1024px) 100vw, 1024px\" \/><\/a>\n\t\t\t<\/div>\n\t\t\t\t<figcaption class='wp-caption-text gallery-caption' id='gallery-1-24281'>\n\t\t\t\tDiploma Teachers for future \n\t\t\t\t<\/figcaption><\/figure><figure class='gallery-item'>\n\t\t\t<div class='gallery-icon landscape'>\n\t\t\t\t<a href='https:\/\/agora.xtec.cat\/iesagustiserra\/eso\/teachers-for-future-spain-i-linstitut-agusti-serra-i-fontanet\/attachment\/diploma-tff-2023-983-2\/'><img loading=\"lazy\" decoding=\"async\" width=\"1024\" height=\"724\" src=\"https:\/\/agora.xtec.cat\/iesagustiserra\/wp-content\/uploads\/usu1681\/2024\/02\/DIPLOMA-TFF-2023-983.jpg\" class=\"attachment-full size-full\" alt=\"Diploma Teachers for future\" aria-describedby=\"gallery-1-24282\" srcset=\"https:\/\/agora.xtec.cat\/iesagustiserra\/wp-content\/uploads\/usu1681\/2024\/02\/DIPLOMA-TFF-2023-983.jpg 1024w, https:\/\/agora.xtec.cat\/iesagustiserra\/wp-content\/uploads\/usu1681\/2024\/02\/DIPLOMA-TFF-2023-983-300x212.jpg 300w, https:\/\/agora.xtec.cat\/iesagustiserra\/wp-content\/uploads\/usu1681\/2024\/02\/DIPLOMA-TFF-2023-983-768x543.jpg 768w\" sizes=\"auto, (max-width: 1024px) 100vw, 1024px\" \/><\/a>\n\t\t\t<\/div>\n\t\t\t\t<figcaption class='wp-caption-text gallery-caption' id='gallery-1-24282'>\n\t\t\t\tDiploma Teachers for future \n\t\t\t\t<\/figcaption><\/figure>\n\t\t<\/div>\n\n","protected":false},"excerpt":{"rendered":"<p>El Ministeri para la Transici\u00f3n Ecol\u00f2gica ha felicitat al llarg dels cursos 2021-2022 i 2022-2023 a l\u2019Institut Agust\u00ed Serra i [&hellip;]<\/p>\n","protected":false},"author":180,"featured_media":24282,"comment_status":"open","ping_status":"closed","sticky":false,"template":"","format":"standard","meta":{"site-sidebar-layout":"default","site-content-layout":"","ast-site-content-layout":"","site-content-style":"default","site-sidebar-style":"default","ast-global-header-display":"","ast-banner-title-visibility":"","ast-main-header-display":"","ast-hfb-above-header-display":"","ast-hfb-below-header-display":"","ast-hfb-mobile-header-display":"","site-post-title":"","ast-breadcrumbs-content":"","ast-featured-img":"","footer-sml-layout":"","theme-transparent-header-meta":"","adv-header-id-meta":"","stick-header-meta":"","header-above-stick-meta":"","header-main-stick-meta":"","header-below-stick-meta":"","astra-migrate-meta-layouts":"default","ast-page-background-enabled":"default","ast-page-background-meta":{"desktop":{"background-color":"var(--ast-global-color-4)","background-image":"","background-repeat":"repeat","background-position":"center center","background-size":"auto","background-attachment":"scroll","background-type":"","background-media":"","overlay-type":"","overlay-color":"","overlay-opacity":"","overlay-gradient":""},"tablet":{"background-color":"","background-image":"","background-repeat":"repeat","background-position":"center center","background-size":"auto","background-attachment":"scroll","background-type":"","background-media":"","overlay-type":"","overlay-color":"","overlay-opacity":"","overlay-gradient":""},"mobile":{"background-color":"","background-image":"","background-repeat":"repeat","background-position":"center center","background-size":"auto","background-attachment":"scroll","background-type":"","background-media":"","overlay-type":"","overlay-color":"","overlay-opacity":"","overlay-gradient":""}},"ast-content-background-meta":{"desktop":{"background-color":"var(--ast-global-color-5)","background-image":"","background-repeat":"repeat","background-position":"center center","background-size":"auto","background-attachment":"scroll","background-type":"","background-media":"","overlay-type":"","overlay-color":"","overlay-opacity":"","overlay-gradient":""},"tablet":{"background-color":"var(--ast-global-color-5)","background-image":"","background-repeat":"repeat","background-position":"center center","background-size":"auto","background-attachment":"scroll","background-type":"","background-media":"","overlay-type":"","overlay-color":"","overlay-opacity":"","overlay-gradient":""},"mobile":{"background-color":"var(--ast-global-color-5)","background-image":"","background-repeat":"repeat","background-position":"center center","background-size":"auto","background-attachment":"scroll","background-type":"","background-media":"","overlay-type":"","overlay-color":"","overlay-opacity":"","overlay-gradient":""}},"footnotes":""},"categories":[8,3,181,29],"tags":[1109,1108,1117,1115,1116,1113,1112],"class_list":["post-24268","post","type-post","status-publish","format-standard","has-post-thumbnail","hentry","category-batxillerat","category-eso","category-medi-ambient","category-portada","tag-future_spain","tag-sincontaminacionporplasticos","tag-curs-2022","tag-curs-2023","tag-diploma-de-reconeixement","tag-ministeri-para-la-transicion-ecologica","tag-teachers-for-future-spain"],"post_mailing_queue_ids":[],"_links":{"self":[{"href":"https:\/\/agora.xtec.cat\/iesagustiserra\/wp-json\/wp\/v2\/posts\/24268","targetHints":{"allow":["GET"]}}],"collection":[{"href":"https:\/\/agora.xtec.cat\/iesagustiserra\/wp-json\/wp\/v2\/posts"}],"about":[{"href":"https:\/\/agora.xtec.cat\/iesagustiserra\/wp-json\/wp\/v2\/types\/post"}],"author":[{"embeddable":true,"href":"https:\/\/agora.xtec.cat\/iesagustiserra\/wp-json\/wp\/v2\/users\/180"}],"replies":[{"embeddable":true,"href":"https:\/\/agora.xtec.cat\/iesagustiserra\/wp-json\/wp\/v2\/comments?post=24268"}],"version-history":[{"count":6,"href":"https:\/\/agora.xtec.cat\/iesagustiserra\/wp-json\/wp\/v2\/posts\/24268\/revisions"}],"predecessor-version":[{"id":24284,"href":"https:\/\/agora.xtec.cat\/iesagustiserra\/wp-json\/wp\/v2\/posts\/24268\/revisions\/24284"}],"wp:featuredmedia":[{"embeddable":true,"href":"https:\/\/agora.xtec.cat\/iesagustiserra\/wp-json\/wp\/v2\/media\/24282"}],"wp:attachment":[{"href":"https:\/\/agora.xtec.cat\/iesagustiserra\/wp-json\/wp\/v2\/media?parent=24268"}],"wp:term":[{"taxonomy":"category","embeddable":true,"href":"https:\/\/agora.xtec.cat\/iesagustiserra\/wp-json\/wp\/v2\/categories?post=24268"},{"taxonomy":"post_tag","embeddable":true,"href":"https:\/\/agora.xtec.cat\/iesagustiserra\/wp-json\/wp\/v2\/tags?post=24268"}],"curies":[{"name":"wp","href":"https:\/\/api.w.org\/{rel}","templated":true}]}}