{"id":24028,"date":"2024-01-26T11:47:12","date_gmt":"2024-01-26T10:47:12","guid":{"rendered":"https:\/\/agora.xtec.cat\/iesagustiserra\/?p=24028"},"modified":"2024-01-26T11:47:12","modified_gmt":"2024-01-26T10:47:12","slug":"visita-a-lempresa-de-preimpressio-sbd-grafic","status":"publish","type":"post","link":"https:\/\/agora.xtec.cat\/iesagustiserra\/portada\/visita-a-lempresa-de-preimpressio-sbd-grafic\/","title":{"rendered":"Visita a l&#8217;empresa de preimpressi\u00f3 SBD Gr\u00e0fic"},"content":{"rendered":"<pre dir=\"auto\"><a href=\"https:\/\/agora.xtec.cat\/iesagustiserra\/wp-content\/uploads\/usu1681\/2024\/01\/2024_01_visita_preimpressio_02.jpg\"><img loading=\"lazy\" decoding=\"async\" class=\"aligncenter wp-image-24030 size-large\" src=\"https:\/\/agora.xtec.cat\/iesagustiserra\/wp-content\/uploads\/usu1681\/2024\/01\/2024_01_visita_preimpressio_02-1024x460.jpg\" alt=\"\" width=\"1024\" height=\"460\" \/><\/a><\/pre>\n<div dir=\"auto\" style=\"text-align: justify;\"><\/div>\n<p dir=\"auto\" style=\"text-align: justify;\">Durant aquest segon trimestre, els alumnes de <strong>2n curs del Cicle Formatiu de Grau Mitj\u00e0<\/strong> de Preimpressi\u00f3 Digital de l\u2019Agust\u00ed Serra han fet una enriquidora visita a dues empreses del sector gr\u00e0fic de Sabadell. Concretament a l\u2019empresa de preimpressi\u00f3 <a href=\"https:\/\/www.sbdgrafic.net\/\" target=\"_blank\" rel=\"noopener\">SBD Gr\u00e0fic<\/a> i la <a href=\"http:\/\/www.graferna.com\/\" target=\"_blank\" rel=\"noopener\">impremta Graferna<\/a>, situada just al costat. Els alumnes han pogut experimentar amb detall com \u00e9s el flux de treball en el proc\u00e9s d&#8217;impressi\u00f3 <em>offset<\/em>. Des de la recepci\u00f3 del disseny del client fins a la col\u00b7locaci\u00f3 de la planxa a la m\u00e0quina d&#8217;impressi\u00f3 per a comen\u00e7ar el tiratge.<\/p>\n<p dir=\"auto\" style=\"text-align: justify;\">Agra\u00efm profundament als responsables d\u2019ambdues empreses per la seva amabilitat i col\u00b7laboraci\u00f3 en la formaci\u00f3 dels nostres alumnes, que han pogut veure de manera pr\u00e0ctica els conceptes te\u00f2rics treballats les setmanes abans a l&#8217;aula. Moltes gr\u00e0cies.<\/p>\n<div dir=\"auto\"><a href=\"https:\/\/agora.xtec.cat\/iesagustiserra\/wp-content\/uploads\/usu1681\/2024\/01\/2024_01_visita_preimpressio_01.jpg\"><img loading=\"lazy\" decoding=\"async\" class=\"aligncenter size-large wp-image-24029\" src=\"https:\/\/agora.xtec.cat\/iesagustiserra\/wp-content\/uploads\/usu1681\/2024\/01\/2024_01_visita_preimpressio_01-1024x623.jpg\" alt=\"\" width=\"1024\" height=\"623\" srcset=\"https:\/\/agora.xtec.cat\/iesagustiserra\/wp-content\/uploads\/usu1681\/2024\/01\/2024_01_visita_preimpressio_01-1024x623.jpg 1024w, https:\/\/agora.xtec.cat\/iesagustiserra\/wp-content\/uploads\/usu1681\/2024\/01\/2024_01_visita_preimpressio_01-300x183.jpg 300w, https:\/\/agora.xtec.cat\/iesagustiserra\/wp-content\/uploads\/usu1681\/2024\/01\/2024_01_visita_preimpressio_01-768x467.jpg 768w, https:\/\/agora.xtec.cat\/iesagustiserra\/wp-content\/uploads\/usu1681\/2024\/01\/2024_01_visita_preimpressio_01.jpg 1200w\" sizes=\"auto, (max-width: 1024px) 100vw, 1024px\" \/><\/a><\/div>\n<div dir=\"auto\"><\/div>\n","protected":false},"excerpt":{"rendered":"<p>Durant aquest segon trimestre, els alumnes de 2n curs del Cicle Formatiu de Grau Mitj\u00e0 de Preimpressi\u00f3 Digital de l\u2019Agust\u00ed Serra han fet una enriquidora visita a dues empreses del sector gr\u00e0fic de Sabadell: SBD Gr\u00e0fic i la impremta Graferna, situada just al costat.<\/p>\n","protected":false},"author":25,"featured_media":24030,"comment_status":"open","ping_status":"closed","sticky":false,"template":"","format":"standard","meta":{"site-sidebar-layout":"default","site-content-layout":"","ast-site-content-layout":"","site-content-style":"default","site-sidebar-style":"default","ast-global-header-display":"","ast-banner-title-visibility":"","ast-main-header-display":"","ast-hfb-above-header-display":"","ast-hfb-below-header-display":"","ast-hfb-mobile-header-display":"","site-post-title":"","ast-breadcrumbs-content":"","ast-featured-img":"","footer-sml-layout":"","theme-transparent-header-meta":"","adv-header-id-meta":"","stick-header-meta":"","header-above-stick-meta":"","header-main-stick-meta":"","header-below-stick-meta":"","astra-migrate-meta-layouts":"default","ast-page-background-enabled":"default","ast-page-background-meta":{"desktop":{"background-color":"var(--ast-global-color-4)","background-image":"","background-repeat":"repeat","background-position":"center center","background-size":"auto","background-attachment":"scroll","background-type":"","background-media":"","overlay-type":"","overlay-color":"","overlay-opacity":"","overlay-gradient":""},"tablet":{"background-color":"","background-image":"","background-repeat":"repeat","background-position":"center center","background-size":"auto","background-attachment":"scroll","background-type":"","background-media":"","overlay-type":"","overlay-color":"","overlay-opacity":"","overlay-gradient":""},"mobile":{"background-color":"","background-image":"","background-repeat":"repeat","background-position":"center center","background-size":"auto","background-attachment":"scroll","background-type":"","background-media":"","overlay-type":"","overlay-color":"","overlay-opacity":"","overlay-gradient":""}},"ast-content-background-meta":{"desktop":{"background-color":"var(--ast-global-color-5)","background-image":"","background-repeat":"repeat","background-position":"center center","background-size":"auto","background-attachment":"scroll","background-type":"","background-media":"","overlay-type":"","overlay-color":"","overlay-opacity":"","overlay-gradient":""},"tablet":{"background-color":"var(--ast-global-color-5)","background-image":"","background-repeat":"repeat","background-position":"center center","background-size":"auto","background-attachment":"scroll","background-type":"","background-media":"","overlay-type":"","overlay-color":"","overlay-opacity":"","overlay-gradient":""},"mobile":{"background-color":"var(--ast-global-color-5)","background-image":"","background-repeat":"repeat","background-position":"center center","background-size":"auto","background-attachment":"scroll","background-type":"","background-media":"","overlay-type":"","overlay-color":"","overlay-opacity":"","overlay-gradient":""}},"footnotes":""},"categories":[238,30,1079,165,29,707],"tags":[819,261,221,958,990,837,265,182,624,723,1082,1083,869,145],"class_list":["post-24028","post","type-post","status-publish","format-standard","has-post-thumbnail","hentry","category-arts-grafiques","category-cicles-formatius","category-ciutat-escola","category-noticies-dactualitat","category-portada","category-preimpressio_digital","tag-2n-cfgm-preimpressio-digital","tag-arts-grafiques","tag-cicles-formatius","tag-cicles-formatius-grau-mitja","tag-departament-arts-grafiques","tag-departament-grafic","tag-empresa","tag-formacio","tag-fp","tag-impressio","tag-offset","tag-planxa","tag-sabadell","tag-visita"],"post_mailing_queue_ids":[],"_links":{"self":[{"href":"https:\/\/agora.xtec.cat\/iesagustiserra\/wp-json\/wp\/v2\/posts\/24028","targetHints":{"allow":["GET"]}}],"collection":[{"href":"https:\/\/agora.xtec.cat\/iesagustiserra\/wp-json\/wp\/v2\/posts"}],"about":[{"href":"https:\/\/agora.xtec.cat\/iesagustiserra\/wp-json\/wp\/v2\/types\/post"}],"author":[{"embeddable":true,"href":"https:\/\/agora.xtec.cat\/iesagustiserra\/wp-json\/wp\/v2\/users\/25"}],"replies":[{"embeddable":true,"href":"https:\/\/agora.xtec.cat\/iesagustiserra\/wp-json\/wp\/v2\/comments?post=24028"}],"version-history":[{"count":6,"href":"https:\/\/agora.xtec.cat\/iesagustiserra\/wp-json\/wp\/v2\/posts\/24028\/revisions"}],"predecessor-version":[{"id":24060,"href":"https:\/\/agora.xtec.cat\/iesagustiserra\/wp-json\/wp\/v2\/posts\/24028\/revisions\/24060"}],"wp:featuredmedia":[{"embeddable":true,"href":"https:\/\/agora.xtec.cat\/iesagustiserra\/wp-json\/wp\/v2\/media\/24030"}],"wp:attachment":[{"href":"https:\/\/agora.xtec.cat\/iesagustiserra\/wp-json\/wp\/v2\/media?parent=24028"}],"wp:term":[{"taxonomy":"category","embeddable":true,"href":"https:\/\/agora.xtec.cat\/iesagustiserra\/wp-json\/wp\/v2\/categories?post=24028"},{"taxonomy":"post_tag","embeddable":true,"href":"https:\/\/agora.xtec.cat\/iesagustiserra\/wp-json\/wp\/v2\/tags?post=24028"}],"curies":[{"name":"wp","href":"https:\/\/api.w.org\/{rel}","templated":true}]}}