{"id":23977,"date":"2024-01-22T12:57:24","date_gmt":"2024-01-22T11:57:24","guid":{"rendered":"https:\/\/agora.xtec.cat\/iesagustiserra\/?p=23977"},"modified":"2024-01-23T10:55:14","modified_gmt":"2024-01-23T09:55:14","slug":"visita-a-laeroport-de-sabadell-de-1r-batx","status":"publish","type":"post","link":"https:\/\/agora.xtec.cat\/iesagustiserra\/portada\/visita-a-laeroport-de-sabadell-de-1r-batx\/","title":{"rendered":"1r Batx visita l\u2019aeroport de Sabadell"},"content":{"rendered":"<p style=\"text-align: justify;\">L\u2019alumnat de <strong>1r de batxillerat cient\u00edfic i tecnol\u00f2gic<\/strong> va visitar, el passat 12 de desembre, l\u2019aeroport de Sabadell, gr\u00e0cies a l\u2019activitat: Les aeronaus, amb les matem\u00e0tiques, la hist\u00f2ria i la f\u00edsica aplicades que dins de les <span style=\"font-weight: 400;\">activitats que formen part del <strong><a href=\"https:\/\/www.sabadell.cat\/ca\/ciutat-i-escola\" target=\"_blank\" rel=\"noopener\">programa Ciutat i Escola amb el suport de l\u2019Ajuntament de Sabadell.<\/a><a href=\"https:\/\/www.sabadell.cat\/ca\/ciutat-i-escola\" target=\"_blank\" rel=\"noopener\"><img loading=\"lazy\" decoding=\"async\" class=\"wp-image-23965\" src=\"https:\/\/agora.xtec.cat\/iesagustiserra\/wp-content\/uploads\/usu1681\/2024\/01\/Ajuntament-color-plegat-i-petit.jpg\" alt=\"\" width=\"65\" height=\"23\" \/><\/a><\/strong><\/span><strong>\u00a0organitza l\u2019<a href=\"https:\/\/aeroclub.es\/ca\/\" target=\"_blank\" rel=\"noopener\">aeroclub Barcelona-Sabadell<\/a>. <\/strong><\/p>\n<p style=\"text-align: justify;\">Van descobrir que tot i que es tracta d\u2019un aeroport molt petit \u00e9s molt important per a la formaci\u00f3 de pilots, de personal de cabina i de manteniment, sent l\u2019aeroclub m\u00e9s gran d\u2019Europa amb m\u00e9s de 50 aeronaus i des de 2022 amb la primera avioneta 100% el\u00e8ctrica.<\/p>\n<p style=\"text-align: justify;\">A partir de les explicacions te\u00f2riques, a c\u00e0rrec d\u2019un enginyer aeron\u00e0utic i un pilot experimentat sobre els principis b\u00e0sics de l\u2019aviaci\u00f3 han pogut comprovar la gran import\u00e0ncia que tenen tant la f\u00edsica com les matem\u00e0tiques en l\u2019aviaci\u00f3.<\/p>\n<p style=\"text-align: justify;\">Van visitar el taller de reparacions i control de les aeronaus. Van veure un simulador de vol on els futurs pilots fan les pr\u00e0ctiques, i tamb\u00e9 van con\u00e8ixer un fragment d\u2019un avi\u00f3 real on fa pr\u00e0ctiques el personal de cabina. En aquesta part poden simular qualsevol incident que es pot produir durant un vol real: crien i eduquen els falcons que tenen per espantar els ocells que poden interferir en l\u2019enlairament de les aeronaus. Finalment, van passejar pels hangars per donar una ullada als diferents tipus d\u2019avionetes que tenen.<\/p>\n<p style=\"text-align: justify;\">Va ser una visita molt completa que va agradar molt a l\u2019alumnat.<\/p>\n<div id='gallery-1' class='gallery galleryid-23977 gallery-columns-1 gallery-size-full'><figure class='gallery-item'>\n\t\t\t<div class='gallery-icon landscape'>\n\t\t\t\t<a href='https:\/\/agora.xtec.cat\/iesagustiserra\/portada\/visita-a-laeroport-de-sabadell-de-1r-batx\/attachment\/oppo_0-14\/'><img loading=\"lazy\" decoding=\"async\" width=\"1024\" height=\"577\" src=\"https:\/\/agora.xtec.cat\/iesagustiserra\/wp-content\/uploads\/usu1681\/2024\/01\/Visita-Aeroport-de-Sabadell-1r-batxillerat-11.jpg\" class=\"attachment-full size-full\" alt=\"\" srcset=\"https:\/\/agora.xtec.cat\/iesagustiserra\/wp-content\/uploads\/usu1681\/2024\/01\/Visita-Aeroport-de-Sabadell-1r-batxillerat-11.jpg 1024w, https:\/\/agora.xtec.cat\/iesagustiserra\/wp-content\/uploads\/usu1681\/2024\/01\/Visita-Aeroport-de-Sabadell-1r-batxillerat-11-300x169.jpg 300w, https:\/\/agora.xtec.cat\/iesagustiserra\/wp-content\/uploads\/usu1681\/2024\/01\/Visita-Aeroport-de-Sabadell-1r-batxillerat-11-768x433.jpg 768w\" sizes=\"auto, (max-width: 1024px) 100vw, 1024px\" \/><\/a>\n\t\t\t<\/div><\/figure>\n\t\t<\/div>\n\n<div id='gallery-2' class='gallery galleryid-23977 gallery-columns-2 gallery-size-full'><figure class='gallery-item'>\n\t\t\t<div class='gallery-icon landscape'>\n\t\t\t\t<a href='https:\/\/agora.xtec.cat\/iesagustiserra\/portada\/visita-a-laeroport-de-sabadell-de-1r-batx\/attachment\/visita-aeroport-de-sabadell-1r-batxillerat-8\/'><img loading=\"lazy\" decoding=\"async\" width=\"1024\" height=\"577\" src=\"https:\/\/agora.xtec.cat\/iesagustiserra\/wp-content\/uploads\/usu1681\/2024\/01\/Visita-Aeroport-de-Sabadell-1r-batxillerat-8.jpg\" class=\"attachment-full size-full\" alt=\"1r batxillerat visita l\u2019aeroport de Sabadell\" aria-describedby=\"gallery-2-23989\" srcset=\"https:\/\/agora.xtec.cat\/iesagustiserra\/wp-content\/uploads\/usu1681\/2024\/01\/Visita-Aeroport-de-Sabadell-1r-batxillerat-8.jpg 1024w, https:\/\/agora.xtec.cat\/iesagustiserra\/wp-content\/uploads\/usu1681\/2024\/01\/Visita-Aeroport-de-Sabadell-1r-batxillerat-8-300x169.jpg 300w, https:\/\/agora.xtec.cat\/iesagustiserra\/wp-content\/uploads\/usu1681\/2024\/01\/Visita-Aeroport-de-Sabadell-1r-batxillerat-8-768x433.jpg 768w\" sizes=\"auto, (max-width: 1024px) 100vw, 1024px\" \/><\/a>\n\t\t\t<\/div>\n\t\t\t\t<figcaption class='wp-caption-text gallery-caption' id='gallery-2-23989'>\n\t\t\t\t1r batxillerat visita l\u2019aeroport de Sabadell\n\t\t\t\t<\/figcaption><\/figure><figure class='gallery-item'>\n\t\t\t<div class='gallery-icon landscape'>\n\t\t\t\t<a href='https:\/\/agora.xtec.cat\/iesagustiserra\/portada\/visita-a-laeroport-de-sabadell-de-1r-batx\/attachment\/visita-aeroport-de-sabadell-1r-batxillerat-1\/'><img loading=\"lazy\" decoding=\"async\" width=\"1024\" height=\"577\" src=\"https:\/\/agora.xtec.cat\/iesagustiserra\/wp-content\/uploads\/usu1681\/2024\/01\/Visita-Aeroport-de-Sabadell-1r-batxillerat-1.jpg\" class=\"attachment-full size-full\" alt=\"\" srcset=\"https:\/\/agora.xtec.cat\/iesagustiserra\/wp-content\/uploads\/usu1681\/2024\/01\/Visita-Aeroport-de-Sabadell-1r-batxillerat-1.jpg 1024w, https:\/\/agora.xtec.cat\/iesagustiserra\/wp-content\/uploads\/usu1681\/2024\/01\/Visita-Aeroport-de-Sabadell-1r-batxillerat-1-300x169.jpg 300w, https:\/\/agora.xtec.cat\/iesagustiserra\/wp-content\/uploads\/usu1681\/2024\/01\/Visita-Aeroport-de-Sabadell-1r-batxillerat-1-768x433.jpg 768w\" sizes=\"auto, (max-width: 1024px) 100vw, 1024px\" \/><\/a>\n\t\t\t<\/div><\/figure><figure class='gallery-item'>\n\t\t\t<div class='gallery-icon landscape'>\n\t\t\t\t<a href='https:\/\/agora.xtec.cat\/iesagustiserra\/portada\/visita-a-laeroport-de-sabadell-de-1r-batx\/attachment\/oppo_0-17\/'><img loading=\"lazy\" decoding=\"async\" width=\"1024\" height=\"577\" src=\"https:\/\/agora.xtec.cat\/iesagustiserra\/wp-content\/uploads\/usu1681\/2024\/01\/Visita-Aeroport-de-Sabadell-1r-batxillerat.jpg\" class=\"attachment-full size-full\" alt=\"1r batxillerat visita l\u2019aeroport de Sabadell\" aria-describedby=\"gallery-2-23993\" srcset=\"https:\/\/agora.xtec.cat\/iesagustiserra\/wp-content\/uploads\/usu1681\/2024\/01\/Visita-Aeroport-de-Sabadell-1r-batxillerat.jpg 1024w, https:\/\/agora.xtec.cat\/iesagustiserra\/wp-content\/uploads\/usu1681\/2024\/01\/Visita-Aeroport-de-Sabadell-1r-batxillerat-300x169.jpg 300w, https:\/\/agora.xtec.cat\/iesagustiserra\/wp-content\/uploads\/usu1681\/2024\/01\/Visita-Aeroport-de-Sabadell-1r-batxillerat-768x433.jpg 768w\" sizes=\"auto, (max-width: 1024px) 100vw, 1024px\" \/><\/a>\n\t\t\t<\/div>\n\t\t\t\t<figcaption class='wp-caption-text gallery-caption' id='gallery-2-23993'>\n\t\t\t\t1r batxillerat visita l\u2019aeroport de Sabadell\n\t\t\t\t<\/figcaption><\/figure><figure class='gallery-item'>\n\t\t\t<div class='gallery-icon landscape'>\n\t\t\t\t<a href='https:\/\/agora.xtec.cat\/iesagustiserra\/portada\/visita-a-laeroport-de-sabadell-de-1r-batx\/attachment\/visita-aeroport-de-sabadell-1r-batxillerat-2\/'><img loading=\"lazy\" decoding=\"async\" width=\"1024\" height=\"577\" src=\"https:\/\/agora.xtec.cat\/iesagustiserra\/wp-content\/uploads\/usu1681\/2024\/01\/Visita-Aeroport-de-Sabadell-1r-batxillerat-2.jpg\" class=\"attachment-full size-full\" alt=\"\" srcset=\"https:\/\/agora.xtec.cat\/iesagustiserra\/wp-content\/uploads\/usu1681\/2024\/01\/Visita-Aeroport-de-Sabadell-1r-batxillerat-2.jpg 1024w, https:\/\/agora.xtec.cat\/iesagustiserra\/wp-content\/uploads\/usu1681\/2024\/01\/Visita-Aeroport-de-Sabadell-1r-batxillerat-2-300x169.jpg 300w, https:\/\/agora.xtec.cat\/iesagustiserra\/wp-content\/uploads\/usu1681\/2024\/01\/Visita-Aeroport-de-Sabadell-1r-batxillerat-2-768x433.jpg 768w\" sizes=\"auto, (max-width: 1024px) 100vw, 1024px\" \/><\/a>\n\t\t\t<\/div><\/figure><figure class='gallery-item'>\n\t\t\t<div class='gallery-icon landscape'>\n\t\t\t\t<a href='https:\/\/agora.xtec.cat\/iesagustiserra\/portada\/visita-a-laeroport-de-sabadell-de-1r-batx\/attachment\/visita-aeroport-de-sabadell-1r-batxillerat-4\/'><img loading=\"lazy\" decoding=\"async\" width=\"1024\" height=\"577\" src=\"https:\/\/agora.xtec.cat\/iesagustiserra\/wp-content\/uploads\/usu1681\/2024\/01\/Visita-Aeroport-de-Sabadell-1r-batxillerat-4.jpg\" class=\"attachment-full size-full\" alt=\"\" srcset=\"https:\/\/agora.xtec.cat\/iesagustiserra\/wp-content\/uploads\/usu1681\/2024\/01\/Visita-Aeroport-de-Sabadell-1r-batxillerat-4.jpg 1024w, https:\/\/agora.xtec.cat\/iesagustiserra\/wp-content\/uploads\/usu1681\/2024\/01\/Visita-Aeroport-de-Sabadell-1r-batxillerat-4-300x169.jpg 300w, https:\/\/agora.xtec.cat\/iesagustiserra\/wp-content\/uploads\/usu1681\/2024\/01\/Visita-Aeroport-de-Sabadell-1r-batxillerat-4-768x433.jpg 768w\" sizes=\"auto, (max-width: 1024px) 100vw, 1024px\" \/><\/a>\n\t\t\t<\/div><\/figure><figure class='gallery-item'>\n\t\t\t<div class='gallery-icon landscape'>\n\t\t\t\t<a href='https:\/\/agora.xtec.cat\/iesagustiserra\/portada\/visita-a-laeroport-de-sabadell-de-1r-batx\/attachment\/visita-aeroport-de-sabadell-1r-batxillerat-3\/'><img loading=\"lazy\" decoding=\"async\" width=\"1024\" height=\"577\" src=\"https:\/\/agora.xtec.cat\/iesagustiserra\/wp-content\/uploads\/usu1681\/2024\/01\/Visita-Aeroport-de-Sabadell-1r-batxillerat-3.jpg\" class=\"attachment-full size-full\" alt=\"\" srcset=\"https:\/\/agora.xtec.cat\/iesagustiserra\/wp-content\/uploads\/usu1681\/2024\/01\/Visita-Aeroport-de-Sabadell-1r-batxillerat-3.jpg 1024w, https:\/\/agora.xtec.cat\/iesagustiserra\/wp-content\/uploads\/usu1681\/2024\/01\/Visita-Aeroport-de-Sabadell-1r-batxillerat-3-300x169.jpg 300w, https:\/\/agora.xtec.cat\/iesagustiserra\/wp-content\/uploads\/usu1681\/2024\/01\/Visita-Aeroport-de-Sabadell-1r-batxillerat-3-768x433.jpg 768w\" sizes=\"auto, (max-width: 1024px) 100vw, 1024px\" \/><\/a>\n\t\t\t<\/div><\/figure><figure class='gallery-item'>\n\t\t\t<div class='gallery-icon landscape'>\n\t\t\t\t<a href='https:\/\/agora.xtec.cat\/iesagustiserra\/portada\/visita-a-laeroport-de-sabadell-de-1r-batx\/attachment\/visita-aeroport-de-sabadell-1r-batxillerat-5\/'><img loading=\"lazy\" decoding=\"async\" width=\"1024\" height=\"577\" src=\"https:\/\/agora.xtec.cat\/iesagustiserra\/wp-content\/uploads\/usu1681\/2024\/01\/Visita-Aeroport-de-Sabadell-1r-batxillerat-5.jpg\" class=\"attachment-full size-full\" alt=\"1r batxillerat visita l\u2019aeroport de Sabadell\" aria-describedby=\"gallery-2-23986\" srcset=\"https:\/\/agora.xtec.cat\/iesagustiserra\/wp-content\/uploads\/usu1681\/2024\/01\/Visita-Aeroport-de-Sabadell-1r-batxillerat-5.jpg 1024w, https:\/\/agora.xtec.cat\/iesagustiserra\/wp-content\/uploads\/usu1681\/2024\/01\/Visita-Aeroport-de-Sabadell-1r-batxillerat-5-300x169.jpg 300w, https:\/\/agora.xtec.cat\/iesagustiserra\/wp-content\/uploads\/usu1681\/2024\/01\/Visita-Aeroport-de-Sabadell-1r-batxillerat-5-768x433.jpg 768w\" sizes=\"auto, (max-width: 1024px) 100vw, 1024px\" \/><\/a>\n\t\t\t<\/div>\n\t\t\t\t<figcaption class='wp-caption-text gallery-caption' id='gallery-2-23986'>\n\t\t\t\t1r batxillerat visita l\u2019aeroport de Sabadell\n\t\t\t\t<\/figcaption><\/figure><figure class='gallery-item'>\n\t\t\t<div class='gallery-icon landscape'>\n\t\t\t\t<a href='https:\/\/agora.xtec.cat\/iesagustiserra\/portada\/visita-a-laeroport-de-sabadell-de-1r-batx\/attachment\/visita-aeroport-de-sabadell-1r-batxillerat-6\/'><img loading=\"lazy\" decoding=\"async\" width=\"1024\" height=\"577\" src=\"https:\/\/agora.xtec.cat\/iesagustiserra\/wp-content\/uploads\/usu1681\/2024\/01\/Visita-Aeroport-de-Sabadell-1r-batxillerat-6.jpg\" class=\"attachment-full size-full\" alt=\"1r batxillerat visita l\u2019aeroport de Sabadell\" aria-describedby=\"gallery-2-23987\" srcset=\"https:\/\/agora.xtec.cat\/iesagustiserra\/wp-content\/uploads\/usu1681\/2024\/01\/Visita-Aeroport-de-Sabadell-1r-batxillerat-6.jpg 1024w, https:\/\/agora.xtec.cat\/iesagustiserra\/wp-content\/uploads\/usu1681\/2024\/01\/Visita-Aeroport-de-Sabadell-1r-batxillerat-6-300x169.jpg 300w, https:\/\/agora.xtec.cat\/iesagustiserra\/wp-content\/uploads\/usu1681\/2024\/01\/Visita-Aeroport-de-Sabadell-1r-batxillerat-6-768x433.jpg 768w\" sizes=\"auto, (max-width: 1024px) 100vw, 1024px\" \/><\/a>\n\t\t\t<\/div>\n\t\t\t\t<figcaption class='wp-caption-text gallery-caption' id='gallery-2-23987'>\n\t\t\t\t1r batxillerat visita l\u2019aeroport de Sabadell\n\t\t\t\t<\/figcaption><\/figure><figure class='gallery-item'>\n\t\t\t<div class='gallery-icon landscape'>\n\t\t\t\t<a href='https:\/\/agora.xtec.cat\/iesagustiserra\/portada\/visita-a-laeroport-de-sabadell-de-1r-batx\/attachment\/visita-aeroport-de-sabadell-1r-batxillerat-7\/'><img loading=\"lazy\" decoding=\"async\" width=\"1024\" height=\"577\" src=\"https:\/\/agora.xtec.cat\/iesagustiserra\/wp-content\/uploads\/usu1681\/2024\/01\/Visita-Aeroport-de-Sabadell-1r-batxillerat-7.jpg\" class=\"attachment-full size-full\" alt=\"1r batxillerat visita l\u2019aeroport de Sabadell\" aria-describedby=\"gallery-2-23988\" srcset=\"https:\/\/agora.xtec.cat\/iesagustiserra\/wp-content\/uploads\/usu1681\/2024\/01\/Visita-Aeroport-de-Sabadell-1r-batxillerat-7.jpg 1024w, https:\/\/agora.xtec.cat\/iesagustiserra\/wp-content\/uploads\/usu1681\/2024\/01\/Visita-Aeroport-de-Sabadell-1r-batxillerat-7-300x169.jpg 300w, https:\/\/agora.xtec.cat\/iesagustiserra\/wp-content\/uploads\/usu1681\/2024\/01\/Visita-Aeroport-de-Sabadell-1r-batxillerat-7-768x433.jpg 768w\" sizes=\"auto, (max-width: 1024px) 100vw, 1024px\" \/><\/a>\n\t\t\t<\/div>\n\t\t\t\t<figcaption class='wp-caption-text gallery-caption' id='gallery-2-23988'>\n\t\t\t\t1r batxillerat visita l\u2019aeroport de Sabadell\n\t\t\t\t<\/figcaption><\/figure><figure class='gallery-item'>\n\t\t\t<div class='gallery-icon landscape'>\n\t\t\t\t<a href='https:\/\/agora.xtec.cat\/iesagustiserra\/portada\/visita-a-laeroport-de-sabadell-de-1r-batx\/attachment\/oppo_0-15\/'><img loading=\"lazy\" decoding=\"async\" width=\"1024\" height=\"577\" src=\"https:\/\/agora.xtec.cat\/iesagustiserra\/wp-content\/uploads\/usu1681\/2024\/01\/Visita-Aeroport-de-Sabadell-1r-batxillerat-10.jpg\" class=\"attachment-full size-full\" alt=\"1r batxillerat visita l\u2019aeroport de Sabadell\" aria-describedby=\"gallery-2-23991\" srcset=\"https:\/\/agora.xtec.cat\/iesagustiserra\/wp-content\/uploads\/usu1681\/2024\/01\/Visita-Aeroport-de-Sabadell-1r-batxillerat-10.jpg 1024w, https:\/\/agora.xtec.cat\/iesagustiserra\/wp-content\/uploads\/usu1681\/2024\/01\/Visita-Aeroport-de-Sabadell-1r-batxillerat-10-300x169.jpg 300w, https:\/\/agora.xtec.cat\/iesagustiserra\/wp-content\/uploads\/usu1681\/2024\/01\/Visita-Aeroport-de-Sabadell-1r-batxillerat-10-768x433.jpg 768w\" sizes=\"auto, (max-width: 1024px) 100vw, 1024px\" \/><\/a>\n\t\t\t<\/div>\n\t\t\t\t<figcaption class='wp-caption-text gallery-caption' id='gallery-2-23991'>\n\t\t\t\t1r batxillerat visita l\u2019aeroport de Sabadell\n\t\t\t\t<\/figcaption><\/figure><figure class='gallery-item'>\n\t\t\t<div class='gallery-icon landscape'>\n\t\t\t\t<a href='https:\/\/agora.xtec.cat\/iesagustiserra\/portada\/visita-a-laeroport-de-sabadell-de-1r-batx\/attachment\/oppo_0-16\/'><img loading=\"lazy\" decoding=\"async\" width=\"1024\" height=\"577\" src=\"https:\/\/agora.xtec.cat\/iesagustiserra\/wp-content\/uploads\/usu1681\/2024\/01\/Visita-Aeroport-de-Sabadell-1r-batxillerat-12.jpg\" class=\"attachment-full size-full\" alt=\"1r batxillerat visita l\u2019aeroport de Sabadell\" aria-describedby=\"gallery-2-23992\" srcset=\"https:\/\/agora.xtec.cat\/iesagustiserra\/wp-content\/uploads\/usu1681\/2024\/01\/Visita-Aeroport-de-Sabadell-1r-batxillerat-12.jpg 1024w, https:\/\/agora.xtec.cat\/iesagustiserra\/wp-content\/uploads\/usu1681\/2024\/01\/Visita-Aeroport-de-Sabadell-1r-batxillerat-12-300x169.jpg 300w, https:\/\/agora.xtec.cat\/iesagustiserra\/wp-content\/uploads\/usu1681\/2024\/01\/Visita-Aeroport-de-Sabadell-1r-batxillerat-12-768x433.jpg 768w\" sizes=\"auto, (max-width: 1024px) 100vw, 1024px\" \/><\/a>\n\t\t\t<\/div>\n\t\t\t\t<figcaption class='wp-caption-text gallery-caption' id='gallery-2-23992'>\n\t\t\t\t1r batxillerat visita l\u2019aeroport de Sabadell\n\t\t\t\t<\/figcaption><\/figure><figure class='gallery-item'>\n\t\t\t<div class='gallery-icon landscape'>\n\t\t\t\t<a href='https:\/\/agora.xtec.cat\/iesagustiserra\/portada\/visita-a-laeroport-de-sabadell-de-1r-batx\/attachment\/visita-aeroport-de-sabadell-1r-batxillerat-9\/'><img loading=\"lazy\" decoding=\"async\" width=\"1024\" height=\"577\" src=\"https:\/\/agora.xtec.cat\/iesagustiserra\/wp-content\/uploads\/usu1681\/2024\/01\/Visita-Aeroport-de-Sabadell-1r-batxillerat-9.jpg\" class=\"attachment-full size-full\" alt=\"1r batxillerat visita l\u2019aeroport de Sabadell\" aria-describedby=\"gallery-2-23990\" srcset=\"https:\/\/agora.xtec.cat\/iesagustiserra\/wp-content\/uploads\/usu1681\/2024\/01\/Visita-Aeroport-de-Sabadell-1r-batxillerat-9.jpg 1024w, https:\/\/agora.xtec.cat\/iesagustiserra\/wp-content\/uploads\/usu1681\/2024\/01\/Visita-Aeroport-de-Sabadell-1r-batxillerat-9-300x169.jpg 300w, https:\/\/agora.xtec.cat\/iesagustiserra\/wp-content\/uploads\/usu1681\/2024\/01\/Visita-Aeroport-de-Sabadell-1r-batxillerat-9-768x433.jpg 768w\" sizes=\"auto, (max-width: 1024px) 100vw, 1024px\" \/><\/a>\n\t\t\t<\/div>\n\t\t\t\t<figcaption class='wp-caption-text gallery-caption' id='gallery-2-23990'>\n\t\t\t\t1r batxillerat visita l\u2019aeroport de Sabadell\n\t\t\t\t<\/figcaption><\/figure>\n\t\t<\/div>\n\n<p style=\"text-align: justify;\">\n","protected":false},"excerpt":{"rendered":"<p>L\u2019alumnat de 1r de batxillerat cient\u00edfic i tecnol\u00f2gic va visitar, el passat 12 de desembre, l\u2019aeroport de Sabadell, gr\u00e0cies a [&hellip;]<\/p>\n","protected":false},"author":1,"featured_media":23981,"comment_status":"open","ping_status":"closed","sticky":false,"template":"","format":"standard","meta":{"site-sidebar-layout":"default","site-content-layout":"","ast-site-content-layout":"","site-content-style":"default","site-sidebar-style":"default","ast-global-header-display":"","ast-banner-title-visibility":"","ast-main-header-display":"","ast-hfb-above-header-display":"","ast-hfb-below-header-display":"","ast-hfb-mobile-header-display":"","site-post-title":"","ast-breadcrumbs-content":"","ast-featured-img":"","footer-sml-layout":"","theme-transparent-header-meta":"","adv-header-id-meta":"","stick-header-meta":"","header-above-stick-meta":"","header-main-stick-meta":"","header-below-stick-meta":"","astra-migrate-meta-layouts":"default","ast-page-background-enabled":"default","ast-page-background-meta":{"desktop":{"background-color":"var(--ast-global-color-4)","background-image":"","background-repeat":"repeat","background-position":"center center","background-size":"auto","background-attachment":"scroll","background-type":"","background-media":"","overlay-type":"","overlay-color":"","overlay-opacity":"","overlay-gradient":""},"tablet":{"background-color":"","background-image":"","background-repeat":"repeat","background-position":"center center","background-size":"auto","background-attachment":"scroll","background-type":"","background-media":"","overlay-type":"","overlay-color":"","overlay-opacity":"","overlay-gradient":""},"mobile":{"background-color":"","background-image":"","background-repeat":"repeat","background-position":"center center","background-size":"auto","background-attachment":"scroll","background-type":"","background-media":"","overlay-type":"","overlay-color":"","overlay-opacity":"","overlay-gradient":""}},"ast-content-background-meta":{"desktop":{"background-color":"var(--ast-global-color-5)","background-image":"","background-repeat":"repeat","background-position":"center center","background-size":"auto","background-attachment":"scroll","background-type":"","background-media":"","overlay-type":"","overlay-color":"","overlay-opacity":"","overlay-gradient":""},"tablet":{"background-color":"var(--ast-global-color-5)","background-image":"","background-repeat":"repeat","background-position":"center center","background-size":"auto","background-attachment":"scroll","background-type":"","background-media":"","overlay-type":"","overlay-color":"","overlay-opacity":"","overlay-gradient":""},"mobile":{"background-color":"var(--ast-global-color-5)","background-image":"","background-repeat":"repeat","background-position":"center center","background-size":"auto","background-attachment":"scroll","background-type":"","background-media":"","overlay-type":"","overlay-color":"","overlay-opacity":"","overlay-gradient":""}},"footnotes":""},"categories":[321,323,396,324,29],"tags":[330,1077,1076,1078,578],"class_list":["post-23977","post","type-post","status-publish","format-standard","has-post-thumbnail","hentry","category-1_batxillerat","category-batxillerat_1a","category-batxillerat-1b","category-batxillerat_1bl","category-portada","tag-1r-batxillerat","tag-aeroclub-barcelona-sabadell","tag-aeroport","tag-aeroport-de-sabadell","tag-ciutat-i-escola-sabadell"],"post_mailing_queue_ids":[],"_links":{"self":[{"href":"https:\/\/agora.xtec.cat\/iesagustiserra\/wp-json\/wp\/v2\/posts\/23977","targetHints":{"allow":["GET"]}}],"collection":[{"href":"https:\/\/agora.xtec.cat\/iesagustiserra\/wp-json\/wp\/v2\/posts"}],"about":[{"href":"https:\/\/agora.xtec.cat\/iesagustiserra\/wp-json\/wp\/v2\/types\/post"}],"author":[{"embeddable":true,"href":"https:\/\/agora.xtec.cat\/iesagustiserra\/wp-json\/wp\/v2\/users\/1"}],"replies":[{"embeddable":true,"href":"https:\/\/agora.xtec.cat\/iesagustiserra\/wp-json\/wp\/v2\/comments?post=23977"}],"version-history":[{"count":6,"href":"https:\/\/agora.xtec.cat\/iesagustiserra\/wp-json\/wp\/v2\/posts\/23977\/revisions"}],"predecessor-version":[{"id":24012,"href":"https:\/\/agora.xtec.cat\/iesagustiserra\/wp-json\/wp\/v2\/posts\/23977\/revisions\/24012"}],"wp:featuredmedia":[{"embeddable":true,"href":"https:\/\/agora.xtec.cat\/iesagustiserra\/wp-json\/wp\/v2\/media\/23981"}],"wp:attachment":[{"href":"https:\/\/agora.xtec.cat\/iesagustiserra\/wp-json\/wp\/v2\/media?parent=23977"}],"wp:term":[{"taxonomy":"category","embeddable":true,"href":"https:\/\/agora.xtec.cat\/iesagustiserra\/wp-json\/wp\/v2\/categories?post=23977"},{"taxonomy":"post_tag","embeddable":true,"href":"https:\/\/agora.xtec.cat\/iesagustiserra\/wp-json\/wp\/v2\/tags?post=23977"}],"curies":[{"name":"wp","href":"https:\/\/api.w.org\/{rel}","templated":true}]}}